{"id":616542,"date":"2025-12-22T20:55:14","date_gmt":"2025-12-22T20:55:14","guid":{"rendered":"https:\/\/www.europesays.com\/fr\/616542\/"},"modified":"2025-12-22T20:55:14","modified_gmt":"2025-12-22T20:55:14","slug":"schiltigheim-la-ville-attribue-20-000-euros-aux-petites-roues-pour-mettre-a-labri-les-familles-a-la-rue","status":"publish","type":"post","link":"https:\/\/www.europesays.com\/fr\/616542\/","title":{"rendered":"Schiltigheim. La Ville attribue 20\u00a0000\u00a0euros aux Petites Roues pour mettre \u00e0 l\u2019abri les familles \u00e0 la rue"},"content":{"rendered":"<p><a href=\"https:\/\/www.facebook.com\/permalink.php?story_fbid=pfbid0Whbutkekr3dMNuSE8iEe9p313Y4WJFaTByR7rdvdye3viFiu6VGmXzcZQQFkyirul&amp;id=100081514945642\" target=\"_blank\" rel=\"noopener\">Jeudi 13\u00a0novembre<\/a> , la maire <a href=\"https:\/\/www.dna.fr\/p\/danielle-dambach\" target=\"_blank\" rel=\"noopener\">Danielle Dambach<\/a> avait annonc\u00e9 que la Ville de Schiltigheim allait faire appel \u00e0 une association pour prendre en charge, dans l\u2019urgence, les familles avec enfants vivant \u00e0 la rue.<\/p>\n<p>Mardi 9\u00a0d\u00e9cembre, le conseil municipal a approuv\u00e9 l\u2019allocation d\u2019une subvention exceptionnelle de 20\u00a0000\u00a0euros assortie d\u2019une convention d\u2019objectifs. Il est ainsi confi\u00e9 \u00e0 <a href=\"https:\/\/www.dna.fr\/social\/2024\/04\/21\/les-petites-roues-de-mme-sabine\" target=\"_blank\" rel=\"noopener\">l\u2019association Les Petites Roues<\/a> la \u00ab\u00a0mise \u00e0 l\u2019abri imm\u00e9diate de familles schilikoises ou dont les enfants sont scolaris\u00e9s \u00e0 Schiltigheim\u00a0\u00bb.<\/p>\n<p>Cet h\u00e9bergement d\u2019urgence est provisoire, par le biais de \u00ab\u00a0nuit\u00e9es h\u00f4teli\u00e8res ou de solutions locatives temporaires\u00a0\u00bb. L\u2019association assurera aussi l\u2019accompagnement&#8230;<\/p>\n","protected":false},"excerpt":{"rendered":"Jeudi 13\u00a0novembre , la maire Danielle Dambach avait annonc\u00e9 que la Ville de Schiltigheim allait faire appel \u00e0&hellip;\n","protected":false},"author":2,"featured_media":616543,"comment_status":"","ping_status":"","sticky":false,"template":"","format":"standard","meta":{"footnotes":""},"categories":[2820],"tags":[1111,11,1984,2880,1057,1777,674,274,1011,27,775,12,316,25,5512,640,3265],"class_list":{"0":"post-616542","1":"post","2":"type-post","3":"status-publish","4":"format-standard","5":"has-post-thumbnail","7":"category-strasbourg","8":"tag-actu","9":"tag-actualites","10":"tag-conseil-municipal","11":"tag-edition-strasbourg","12":"tag-education","13":"tag-eu","14":"tag-europe","15":"tag-faits-divers-justice","16":"tag-fr","17":"tag-france","18":"tag-grand-est","19":"tag-news","20":"tag-politique","21":"tag-republique-francaise","22":"tag-schiltigheim","23":"tag-strasbourg","24":"tag-strasbourg-nord"},"share_on_mastodon":{"url":"https:\/\/pubeurope.com\/@fr\/115765216907047432","error":""},"_links":{"self":[{"href":"https:\/\/www.europesays.com\/fr\/wp-json\/wp\/v2\/posts\/616542","targetHints":{"allow":["GET"]}}],"collection":[{"href":"https:\/\/www.europesays.com\/fr\/wp-json\/wp\/v2\/posts"}],"about":[{"href":"https:\/\/www.europesays.com\/fr\/wp-json\/wp\/v2\/types\/post"}],"author":[{"embeddable":true,"href":"https:\/\/www.europesays.com\/fr\/wp-json\/wp\/v2\/users\/2"}],"replies":[{"embeddable":true,"href":"https:\/\/www.europesays.com\/fr\/wp-json\/wp\/v2\/comments?post=616542"}],"version-history":[{"count":0,"href":"https:\/\/www.europesays.com\/fr\/wp-json\/wp\/v2\/posts\/616542\/revisions"}],"wp:featuredmedia":[{"embeddable":true,"href":"https:\/\/www.europesays.com\/fr\/wp-json\/wp\/v2\/media\/616543"}],"wp:attachment":[{"href":"https:\/\/www.europesays.com\/fr\/wp-json\/wp\/v2\/media?parent=616542"}],"wp:term":[{"taxonomy":"category","embeddable":true,"href":"https:\/\/www.europesays.com\/fr\/wp-json\/wp\/v2\/categories?post=616542"},{"taxonomy":"post_tag","embeddable":true,"href":"https:\/\/www.europesays.com\/fr\/wp-json\/wp\/v2\/tags?post=616542"}],"curies":[{"name":"wp","href":"https:\/\/api.w.org\/{rel}","templated":true}]}}