{"id":616544,"date":"2025-12-22T20:56:14","date_gmt":"2025-12-22T20:56:14","guid":{"rendered":"https:\/\/www.europesays.com\/fr\/616544\/"},"modified":"2025-12-22T20:56:14","modified_gmt":"2025-12-22T20:56:14","slug":"coupe-de-france-la-date-du-16e-entre-le-racing-club-de-strasbourg-et-avranches-est-connue","status":"publish","type":"post","link":"https:\/\/www.europesays.com\/fr\/616544\/","title":{"rendered":"Coupe de France. La date du 16e entre le Racing Club de Strasbourg et Avranches est connue"},"content":{"rendered":"<p>Apr\u00e8s avoir \u00e9cart\u00e9, <a href=\"https:\/\/www.dna.fr\/sport\/2025\/12\/21\/le-racing-toujours-ric-rac-passe-l-ecueil-dunkerquois-et-ira-a-avranches-en-16e-de-finale\" target=\"_blank\" rel=\"noopener\">non sans souffrir en seconde p\u00e9riode<\/a>, Dunkerque dimanche apr\u00e8s-midi \u00e0 la Meinau en 32e de finale de la Coupe de France, le Racing a d\u00e9couvert quelques heures plus tard l&rsquo;identit\u00e9 de son prochain adversaire.<\/p>\n<p>  Rendez-vous le 10 janvier<\/p>\n<p>Il s&rsquo;agit de l&rsquo;US Avranches, tombeur de Brest aux tirs au but vendredi et vieille connaissance dans la comp\u00e9tition. Les Strasbourgeois, alors en Ligue 2, se sont en effet inclin\u00e9s en Normandie (aux tirs au but) en mars 2017 en 8es de finale.<\/p>\n","protected":false},"excerpt":{"rendered":"Apr\u00e8s avoir \u00e9cart\u00e9, non sans souffrir en seconde p\u00e9riode, Dunkerque dimanche apr\u00e8s-midi \u00e0 la Meinau en 32e de&hellip;\n","protected":false},"author":2,"featured_media":616545,"comment_status":"","ping_status":"","sticky":false,"template":"","format":"standard","meta":{"footnotes":""},"categories":[2820],"tags":[1111,11,1777,674,107,63,1011,27,775,12,41281,25,517,640],"class_list":{"0":"post-616544","1":"post","2":"type-post","3":"status-publish","4":"format-standard","5":"has-post-thumbnail","7":"category-strasbourg","8":"tag-actu","9":"tag-actualites","10":"tag-eu","11":"tag-europe","12":"tag-fil-info","13":"tag-football","14":"tag-fr","15":"tag-france","16":"tag-grand-est","17":"tag-news","18":"tag-racing-club-strasbourg-masculin","19":"tag-republique-francaise","20":"tag-sport","21":"tag-strasbourg"},"share_on_mastodon":{"url":"https:\/\/pubeurope.com\/@fr\/115765220696797679","error":""},"_links":{"self":[{"href":"https:\/\/www.europesays.com\/fr\/wp-json\/wp\/v2\/posts\/616544","targetHints":{"allow":["GET"]}}],"collection":[{"href":"https:\/\/www.europesays.com\/fr\/wp-json\/wp\/v2\/posts"}],"about":[{"href":"https:\/\/www.europesays.com\/fr\/wp-json\/wp\/v2\/types\/post"}],"author":[{"embeddable":true,"href":"https:\/\/www.europesays.com\/fr\/wp-json\/wp\/v2\/users\/2"}],"replies":[{"embeddable":true,"href":"https:\/\/www.europesays.com\/fr\/wp-json\/wp\/v2\/comments?post=616544"}],"version-history":[{"count":0,"href":"https:\/\/www.europesays.com\/fr\/wp-json\/wp\/v2\/posts\/616544\/revisions"}],"wp:featuredmedia":[{"embeddable":true,"href":"https:\/\/www.europesays.com\/fr\/wp-json\/wp\/v2\/media\/616545"}],"wp:attachment":[{"href":"https:\/\/www.europesays.com\/fr\/wp-json\/wp\/v2\/media?parent=616544"}],"wp:term":[{"taxonomy":"category","embeddable":true,"href":"https:\/\/www.europesays.com\/fr\/wp-json\/wp\/v2\/categories?post=616544"},{"taxonomy":"post_tag","embeddable":true,"href":"https:\/\/www.europesays.com\/fr\/wp-json\/wp\/v2\/tags?post=616544"}],"curies":[{"name":"wp","href":"https:\/\/api.w.org\/{rel}","templated":true}]}}