{"id":616546,"date":"2025-12-22T20:57:14","date_gmt":"2025-12-22T20:57:14","guid":{"rendered":"https:\/\/www.europesays.com\/fr\/616546\/"},"modified":"2025-12-22T20:57:14","modified_gmt":"2025-12-22T20:57:14","slug":"le-plus-grand-centre-nautique-de-la-cote-dazur-cesse-toutes-ses-activites-jusqua-nouvel-ordre","status":"publish","type":"post","link":"https:\/\/www.europesays.com\/fr\/616546\/","title":{"rendered":"le plus grand centre nautique de la C\u00f4te d\u2019Azur cesse toutes ses activit\u00e9s jusqu\u2019\u00e0 nouvel ordre"},"content":{"rendered":"<p class=\"fs-5 \">L\u2019appel de la mer restera sans r\u00e9ponse sur les plages de Saint-Laurent-du-Var. Depuis ce lundi 22 d\u00e9cembre 2025, une rubalise barre l\u2019acc\u00e8s au plus grand centre de voile des Alpes-Maritimes. Dans la matin\u00e9e, des policiers communaux ont fait respecter l\u2019arr\u00eat\u00e9 municipal actant la fermeture imm\u00e9diate du Club Var Mer. Une mesure prise \u00e0 la suite d\u2019un avis d\u00e9favorable de la sous-commission de s\u00e9curit\u00e9 \u00e9mis au d\u00e9but du mois.<\/p>\n<p class=\"fs-5 \">D\u00e9j\u00e0, en avril 2025, les services de la pr\u00e9fectur<a href=\"https:\/\/www.nicematin.com\/societe\/securite\/c-est-l-un-des-plus-grands-centres-nautiques-de-la-cote-d-azur-le-club-var-mer-ferme-pour-cause-de-securite-983803\" target=\"_blank\" rel=\"noopener\">e avaient ordonn\u00e9 la mise aux normes des locaux v\u00e9tustes<\/a>, tandis que l\u2019activit\u00e9 nautique suivait son cours. Si des travaux \u00e0 hauteur de 15.000 euros ont \u00e9t\u00e9 entrepris, l\u2019\u00c9tat cumule de nouveaux griefs. Et pas des moindres : d\u2019une part, les abords de l\u2019embouchure du Var, o\u00f9 se trouve le club, ont \u00e9t\u00e9 class\u00e9s en zone rouge submersion en 2024. D\u2019autre part, le centre ne dispose d\u2019aucune autorisation r\u00e9guli\u00e8re d\u2019occupation du domaine public maritime.<\/p>\n<p>        <img src=\"https:\/\/www.europesays.com\/fr\/wp-content\/uploads\/2025\/12\/7ea5077_upload-from-url-1-ovbe5e3j0tyw-data-art-16337810.jpg\"   loading=\"lazy\" decoding=\"async\" alt=\"Le Club Var Mer n\u2019a jamais cess\u00e9 ses activit\u00e9s nautiques, malgr\u00e9 une fermeture administrative. \" class=\"img-fluid position-absolute w-100 object-fit-cover rounded-2\" width=\"600\" height=\"400\"\/><\/p>\n<p class=\"fs-5 \">De la r\u00e9gularisation de cette situation, d\u00e9pendra la r\u00e9ouverture du club. Mais ces prescriptions ne pouvant \u00eatre lev\u00e9es \u00ab avant plusieurs mois voire une ann\u00e9e ou plus \u00bb, comme le souligne la Ville, Var Mer restera paralys\u00e9 jusqu\u2019\u00e0 nouvel ordre.<\/p>\n<p>                                                                                \u00ab Que vont faire nos 300 adh\u00e9rents ? \u00bb<\/p>\n<p class=\"fs-5 \">Un coup d\u2019arr\u00eat qui r\u00e9volte R\u00e9gis Peurey. Le pr\u00e9sident du club entend bien \u00ab \u00e9puiser tous les recours \u00bb \u00e0 sa disposition pour \u00ab casser cette d\u00e9cision \u00bb. Si sa riposte n\u2019est pas encore arr\u00eat\u00e9e, il se r\u00e9serve la possibilit\u00e9 de tra\u00eener l\u2019affaire au tribunal administratif. \u00ab On ne peut pas nous laisser dans cette situation. C\u2019est toute notre activit\u00e9 \u00e9conomique qui est mise en danger \u00bb, alerte-t-il.<\/p>\n<p class=\"fs-5 \">Secou\u00e9, il interpelle : \u00ab Que vont faire nos 300 adh\u00e9rents ? Notre enseignement est r\u00e9put\u00e9, les conditions de navigation \u00e0 [l\u2019embouchure du fleuve] sont uniques. Quid aussi des soixante bateaux priv\u00e9s, stock\u00e9s sur notre site ? O\u00f9 vont-ils aller, les autres clubs n\u2019ont pas de place. Et les scolaires ? Nous recevons jusqu\u2019\u00e0 trois classes [de coll\u00e9giens] par jour, du mardi au vendredi. La fermeture prive tous ces jeunes de sport nautique. \u00bb<\/p>\n<p class=\"fs-5 \">Le club, ferm\u00e9 pour les vacances, devait rouvrir le lundi 5 janvier 2026. Un horizon d\u00e9sormais inatteignable.<\/p>\n","protected":false},"excerpt":{"rendered":"L\u2019appel de la mer restera sans r\u00e9ponse sur les plages de Saint-Laurent-du-Var. Depuis ce lundi 22 d\u00e9cembre 2025,&hellip;\n","protected":false},"author":2,"featured_media":616547,"comment_status":"","ping_status":"","sticky":false,"template":"","format":"standard","meta":{"footnotes":""},"categories":[2819],"tags":[1111,11,1777,674,1011,27,12,2401,882,25],"class_list":{"0":"post-616546","1":"post","2":"type-post","3":"status-publish","4":"format-standard","5":"has-post-thumbnail","7":"category-nice","8":"tag-actu","9":"tag-actualites","10":"tag-eu","11":"tag-europe","12":"tag-fr","13":"tag-france","14":"tag-news","15":"tag-nice","16":"tag-provence-alpes-cote-dazur","17":"tag-republique-francaise"},"share_on_mastodon":{"url":"https:\/\/pubeurope.com\/@fr\/115765225633036085","error":""},"_links":{"self":[{"href":"https:\/\/www.europesays.com\/fr\/wp-json\/wp\/v2\/posts\/616546","targetHints":{"allow":["GET"]}}],"collection":[{"href":"https:\/\/www.europesays.com\/fr\/wp-json\/wp\/v2\/posts"}],"about":[{"href":"https:\/\/www.europesays.com\/fr\/wp-json\/wp\/v2\/types\/post"}],"author":[{"embeddable":true,"href":"https:\/\/www.europesays.com\/fr\/wp-json\/wp\/v2\/users\/2"}],"replies":[{"embeddable":true,"href":"https:\/\/www.europesays.com\/fr\/wp-json\/wp\/v2\/comments?post=616546"}],"version-history":[{"count":0,"href":"https:\/\/www.europesays.com\/fr\/wp-json\/wp\/v2\/posts\/616546\/revisions"}],"wp:featuredmedia":[{"embeddable":true,"href":"https:\/\/www.europesays.com\/fr\/wp-json\/wp\/v2\/media\/616547"}],"wp:attachment":[{"href":"https:\/\/www.europesays.com\/fr\/wp-json\/wp\/v2\/media?parent=616546"}],"wp:term":[{"taxonomy":"category","embeddable":true,"href":"https:\/\/www.europesays.com\/fr\/wp-json\/wp\/v2\/categories?post=616546"},{"taxonomy":"post_tag","embeddable":true,"href":"https:\/\/www.europesays.com\/fr\/wp-json\/wp\/v2\/tags?post=616546"}],"curies":[{"name":"wp","href":"https:\/\/api.w.org\/{rel}","templated":true}]}}