{"id":616548,"date":"2025-12-22T20:58:13","date_gmt":"2025-12-22T20:58:13","guid":{"rendered":"https:\/\/www.europesays.com\/fr\/616548\/"},"modified":"2025-12-22T20:58:13","modified_gmt":"2025-12-22T20:58:13","slug":"wahi-detourne-de-nice-seville-est-concerne","status":"publish","type":"post","link":"https:\/\/www.europesays.com\/fr\/616548\/","title":{"rendered":"Wahi d\u00e9tourn\u00e9 de Nice, S\u00e9ville est concern\u00e9"},"content":{"rendered":"<p><b>L\u2019OGC Nice traverse une p\u00e9riode de crise d\u00e9licate \u00e0 g\u00e9rer. Les Aiglons comptent bien inverser la tendance d\u00e8s la reprise en recrutant de nouveaux \u00e9l\u00e9ments lors du <a href=\"https:\/\/www.foot01.com\/mercato\" title=\"Mercato\" target=\"_blank\" rel=\"noopener\">mercato<\/a> hivernal.<\/b>L&rsquo;OGC <a href=\"https:\/\/www.foot01.com\/coupe-de-france\/32es-cdf-nice-elimine-lasse-ca-passe-pour-nantes\" target=\"_self\" rel=\"noopener\">Nice<\/a> souhaite assurer son maintien en Ligue 1 le plus rapidement possible et mettre un terme \u00e0 la crise actuelle. Si les motifs d\u2019espoir semblent encore limit\u00e9s, l\u2019ouverture du march\u00e9 des transferts repr\u00e9sente une opportunit\u00e9. Une opportunit\u00e9 pour la direction ni\u00e7oise d\u2019apporter quelques ajustements \u00e0 l\u2019effectif de Franck Haise. Des joueurs comme Terem Moffi ou J\u00e9r\u00e9mie Boga ne souhaitent plus \u00e9voluer \u00e0 Nice et devront \u00eatre remplac\u00e9s en attaque. L\u2019OGC Nice a d\u00e9j\u00e0 cibl\u00e9 plusieurs profils et aurait acc\u00e9l\u00e9r\u00e9 ces derni\u00e8res heures pour tenter de recruter Elye Wahi en provenance de Francfort.Wahi finalement en Espagne ?\u00a0<\/p>\n<p>Selon les informations de L\u2019\u00c9quipe, l\u2019ancien joueur de l\u2019OM est bien en contact avec Nice en vue d\u2019une arriv\u00e9e cet hiver. Il a d\u00e9j\u00e0 pu \u00e9changer avec Franck Haise, dont le discours ne le laisse pas insensible. Pour l\u2019instant, aucun accord n\u2019a \u00e9t\u00e9 trouv\u00e9 avec le joueur ni avec Francfort, mais l\u2019espoir reste r\u00e9el de voir Elye Wahi d\u00e9barquer dans le sud de la France.<\/p>\n<p>\u00c0 moins qu\u2019un autre club ne parvienne \u00e0 devancer les Aiglons. En effet, le FC S\u00e9ville est \u00e9galement sur le dossier pour recruter l\u2019attaquant fran\u00e7ais. Le m\u00e9dia fran\u00e7ais pr\u00e9cise que les Andalous ont formul\u00e9 une offre de pr\u00eat avec option d\u2019achat, dont le montant n\u2019a pas filtr\u00e9 mais qui est jug\u00e9 \u00ab \u00e9lev\u00e9 \u00bb par les dirigeants allemands et pourrait donc faire mouche.<\/p>\n<p>Si Nice veut avoir gain de cause dans ce dossier important, le club devra avancer des arguments solides et rassurer le joueur sur son projet. En tout cas, il semble d\u00e9sormais quasiment certain de voir Elye Wahi quitter l\u2019Eintracht Francfort d\u00e8s cet hiver. Un nouvel \u00e9chec pour l\u2019attaquant de 22 ans, qui va une nouvelle fois tenter de relancer sa jeune carri\u00e8re.<\/p>\n","protected":false},"excerpt":{"rendered":"L\u2019OGC Nice traverse une p\u00e9riode de crise d\u00e9licate \u00e0 g\u00e9rer. Les Aiglons comptent bien inverser la tendance d\u00e8s&hellip;\n","protected":false},"author":2,"featured_media":616549,"comment_status":"","ping_status":"","sticky":false,"template":"","format":"standard","meta":{"footnotes":""},"categories":[2819],"tags":[1111,11,1777,674,1011,27,1434,12,2401,2268,882,25],"class_list":{"0":"post-616548","1":"post","2":"type-post","3":"status-publish","4":"format-standard","5":"has-post-thumbnail","7":"category-nice","8":"tag-actu","9":"tag-actualites","10":"tag-eu","11":"tag-europe","12":"tag-fr","13":"tag-france","14":"tag-mercato","15":"tag-news","16":"tag-nice","17":"tag-ogc-nice","18":"tag-provence-alpes-cote-dazur","19":"tag-republique-francaise"},"share_on_mastodon":{"url":"https:\/\/pubeurope.com\/@fr\/115765228667946391","error":""},"_links":{"self":[{"href":"https:\/\/www.europesays.com\/fr\/wp-json\/wp\/v2\/posts\/616548","targetHints":{"allow":["GET"]}}],"collection":[{"href":"https:\/\/www.europesays.com\/fr\/wp-json\/wp\/v2\/posts"}],"about":[{"href":"https:\/\/www.europesays.com\/fr\/wp-json\/wp\/v2\/types\/post"}],"author":[{"embeddable":true,"href":"https:\/\/www.europesays.com\/fr\/wp-json\/wp\/v2\/users\/2"}],"replies":[{"embeddable":true,"href":"https:\/\/www.europesays.com\/fr\/wp-json\/wp\/v2\/comments?post=616548"}],"version-history":[{"count":0,"href":"https:\/\/www.europesays.com\/fr\/wp-json\/wp\/v2\/posts\/616548\/revisions"}],"wp:featuredmedia":[{"embeddable":true,"href":"https:\/\/www.europesays.com\/fr\/wp-json\/wp\/v2\/media\/616549"}],"wp:attachment":[{"href":"https:\/\/www.europesays.com\/fr\/wp-json\/wp\/v2\/media?parent=616548"}],"wp:term":[{"taxonomy":"category","embeddable":true,"href":"https:\/\/www.europesays.com\/fr\/wp-json\/wp\/v2\/categories?post=616548"},{"taxonomy":"post_tag","embeddable":true,"href":"https:\/\/www.europesays.com\/fr\/wp-json\/wp\/v2\/tags?post=616548"}],"curies":[{"name":"wp","href":"https:\/\/api.w.org\/{rel}","templated":true}]}}