{"id":616564,"date":"2025-12-22T21:08:12","date_gmt":"2025-12-22T21:08:12","guid":{"rendered":"https:\/\/www.europesays.com\/fr\/616564\/"},"modified":"2025-12-22T21:08:12","modified_gmt":"2025-12-22T21:08:12","slug":"un-avion-easyjet-reliant-londres-a-montpellier-detourne-sur-marseille-ce-lundi-en-raison-des-intemperies","status":"publish","type":"post","link":"https:\/\/www.europesays.com\/fr\/616564\/","title":{"rendered":"Un avion EasyJet reliant Londres \u00e0 Montpellier d\u00e9tourn\u00e9 sur Marseille ce lundi en raison des intemp\u00e9ries"},"content":{"rendered":"<p>Le vol U28389 a d\u00e9coll\u00e9 d<a href=\"https:\/\/www.laprovence.com\/article\/economie\/2512216121306215\/entre-fatigue-et-agacement-la-galere-de-ces-marseillais-coinces-a-laeroport-gatwick-de-londres\" target=\"_blank\" rel=\"noopener\">e l&rsquo;a\u00e9roport Londres Gatwick<\/a> \u00e0 6h23 ce lundi avec 173 passagers \u00e0 son bord. Mais, arrivant pr\u00e8s de <a href=\"https:\/\/www.laprovence.com\/article\/faits-divers-justice\/3149410916389114\/a-montpellier-des-dealers-tentent-de-recuperer-une-cargaison-de-drogue-deja-saisie\" target=\"_blank\" rel=\"noopener\">Montpellier<\/a>, l&rsquo;Airbus A320 s&rsquo;est retrouv\u00e9 pris dans les intemp\u00e9ries et a finalement d\u00fb changer son itin\u00e9raire, ne pouvant atterrir \u00e0 destination. L&rsquo;avion a pu se poser \u00e0 9h15 sur le tarmac\u2026 <a href=\"https:\/\/www.laprovence.com\/article\/economie\/2003505145692615\/nouveau-logo-nouvelle-couleur-nouvelle-identite-l-aeroport-marseille-provence-change-de-visage-et-de-cap\" target=\"_blank\" rel=\"noopener\">de Marseille-Provence<\/a>.\u00a0<\/p>\n<p>\u00ab\u00a0Les policiers du SPAFA Marseille ont pris en charge avec efficacit\u00e9 les 173 passagers, contr\u00f4l\u00e9s puis achemin\u00e9s par bus vers leur destination\u00a0\u00bb, raconte la Police nationale des Bouches-du-Rh\u00f4ne sur X.\u00a0<\/p>\n<p>Un contretemps donc pour les personnes pr\u00e9sentes \u00e0 bord mais qui ont tout de m\u00eame pu rejoindre leur destination dans la journ\u00e9e.<\/p>\n","protected":false},"excerpt":{"rendered":"Le vol U28389 a d\u00e9coll\u00e9 de l&rsquo;a\u00e9roport Londres Gatwick \u00e0 6h23 ce lundi avec 173 passagers \u00e0 son&hellip;\n","protected":false},"author":2,"featured_media":616565,"comment_status":"","ping_status":"","sticky":false,"template":"","format":"standard","meta":{"footnotes":""},"categories":[2814],"tags":[17,1111,11,37,37548,661,1777,674,1011,27,4534,884,2208,12,882,26302,25,104,3356],"class_list":{"0":"post-616564","1":"post","2":"type-post","3":"status-publish","4":"format-standard","5":"has-post-thumbnail","7":"category-marseille","8":"tag-17","9":"tag-actu","10":"tag-actualites","11":"tag-avion","12":"tag-detourne","13":"tag-easyjet","14":"tag-eu","15":"tag-europe","16":"tag-fr","17":"tag-france","18":"tag-londres","19":"tag-marseille","20":"tag-montpellier","21":"tag-news","22":"tag-provence-alpes-cote-dazur","23":"tag-reliant","24":"tag-republique-francaise","25":"tag-societe","26":"tag-sur"},"share_on_mastodon":{"url":"https:\/\/pubeurope.com\/@fr\/115765268135536428","error":""},"_links":{"self":[{"href":"https:\/\/www.europesays.com\/fr\/wp-json\/wp\/v2\/posts\/616564","targetHints":{"allow":["GET"]}}],"collection":[{"href":"https:\/\/www.europesays.com\/fr\/wp-json\/wp\/v2\/posts"}],"about":[{"href":"https:\/\/www.europesays.com\/fr\/wp-json\/wp\/v2\/types\/post"}],"author":[{"embeddable":true,"href":"https:\/\/www.europesays.com\/fr\/wp-json\/wp\/v2\/users\/2"}],"replies":[{"embeddable":true,"href":"https:\/\/www.europesays.com\/fr\/wp-json\/wp\/v2\/comments?post=616564"}],"version-history":[{"count":0,"href":"https:\/\/www.europesays.com\/fr\/wp-json\/wp\/v2\/posts\/616564\/revisions"}],"wp:featuredmedia":[{"embeddable":true,"href":"https:\/\/www.europesays.com\/fr\/wp-json\/wp\/v2\/media\/616565"}],"wp:attachment":[{"href":"https:\/\/www.europesays.com\/fr\/wp-json\/wp\/v2\/media?parent=616564"}],"wp:term":[{"taxonomy":"category","embeddable":true,"href":"https:\/\/www.europesays.com\/fr\/wp-json\/wp\/v2\/categories?post=616564"},{"taxonomy":"post_tag","embeddable":true,"href":"https:\/\/www.europesays.com\/fr\/wp-json\/wp\/v2\/tags?post=616564"}],"curies":[{"name":"wp","href":"https:\/\/api.w.org\/{rel}","templated":true}]}}