{"id":616566,"date":"2025-12-22T21:09:18","date_gmt":"2025-12-22T21:09:18","guid":{"rendered":"https:\/\/www.europesays.com\/fr\/616566\/"},"modified":"2025-12-22T21:09:18","modified_gmt":"2025-12-22T21:09:18","slug":"bayeux-fc-olympique-de-marseille-benjamin-renaux-met-une-option-sur-le-maillot-de-mason-greenwood","status":"publish","type":"post","link":"https:\/\/www.europesays.com\/fr\/616566\/","title":{"rendered":"Bayeux FC &#8211; Olympique de Marseille : Benjamin Renaux met une option sur le maillot de Mason Greenwood\u00a0!"},"content":{"rendered":"<p>                    Par<br \/>\n        <strong><br \/>\n            <a href=\"https:\/\/actu.fr\/auteur\/frederic-bourgeois\" title=\"Consulter tous les articles de Fr\u00e9d\u00e9ric Bourgeois\" target=\"_blank\" rel=\"noopener\">Fr\u00e9d\u00e9ric Bourgeois<\/a><br \/>\n                    <\/strong><\/p>\n<p>        Publi\u00e9 le<\/p>\n<p>            22 d\u00e9c. 2025 \u00e0 21h51        <\/p>\n<p><b>Le Bayeux FC (R1)<\/b> <a href=\"https:\/\/actu.fr\/normandie\/bayeux_14047\/coupe-de-france-de-football-les-joueurs-du-bayeux-fc-ont-fait-leur-arrivee-au-stade-henry-jeanne_63605383.html\" target=\"_blank\" rel=\"noopener\">s\u2019est qualifi\u00e9 en 16e de finale de la Coupe de France de football<\/a>, samedi 20 d\u00e9cembre 2025, lors de la r\u00e9ception de Blois (N2). Une victoire acquise en premi\u00e8re p\u00e9riode, apr\u00e8s l\u2019ouverture du score, sign\u00e9e Quentin Mayette (1-0 ; 14e), et une r\u00e9alisation de l\u2019attaquant du Bayeux FC<b> Benjamin Renaux,<\/b> qui fait le break \u00e0 la demi-heure de jeu.<\/p>\n<p class=\" wall-content\">Bien lanc\u00e9 dans la profondeur par<a href=\"https:\/\/actu.fr\/normandie\/bayeux_14047\/coupe-de-france-de-football-paul-aubel-le-meneur-de-jeu-du-bayeux-fc-marque-encore-les-esprits_63606576.html\" target=\"_blank\" rel=\"noopener\"> Paul Aubel<\/a>, en anticipant la sortie du gardien du Blois Football 41, \u00ab\u00a0Ben\u00a0\u00bb Renaux pousse le ballon dans un but vide <b>avant de d\u00e9dier, comme \u00e0 son habitude, ce but \u00e0 son fils, C\u00f4me (18 mois)<\/b>, devant un stade Henry-Jeanne chauff\u00e9 \u00e0 blanc par les supporters en Jaune et Bleu.<\/p>\n<p>    <img   decoding=\"async\" loading=\"lazy\" class=\"size-large\" src=\"https:\/\/www.europesays.com\/fr\/wp-content\/uploads\/2025\/12\/7b0456aca94969f0456aca94973145v-960x640.jpg\" alt=\"L'attaquand du Bayeux FC Benjamin Renaux, fan inconditionnel de l'OM, esp\u00e8re bien mettre la main sur le maillot de Greenwood \u00e0 l'issue des 16e de finale de la Coupe de France de football !\" width=\"960\" height=\"640\"\/><br \/>\n    L\u2019attaquand du Bayeux FC Benjamin Renaux, fan inconditionnel de l\u2019OM, esp\u00e8re bien mettre la main sur le maillot de Greenwood \u00e0 l\u2019issue des 16e de finale de la Coupe de France de football ! \u00a9Fr\u00e9d\u00e9ric BOURGEOIS<\/p>\n<p class=\" wall-content\">Apr\u00e8s une deuxi\u00e8me p\u00e9riode plus compliqu\u00e9e, <b>contrari\u00e9e par un changement de syst\u00e8me de Blois<\/b>, le Bayeux FC manque l\u2019occasion de se mettre \u00e0 l\u2019abri mais parvient \u00e0 conserver le score. Il n\u2019en faut pas davantage, finalement. Au coup de sifflet final, <b>c\u2019est l\u2019explosion de joie : <\/b>Bayeux atteint les 16e de finale de la comp\u00e9tition <b>pour la premi\u00e8re fois de son histoire.\u00a0<\/b><\/p>\n<p class=\" wall-content\">Le lendemain, <b>le r\u00eave se poursuit <\/b>pour la bande de fous du coach <a href=\"https:\/\/actu.fr\/normandie\/bayeux_14047\/coupe-de-france-de-football-les-confidences-du-coach-eric-fouda-avant-la-confrontation-bayeux-yvetot_63498201.html\" target=\"_blank\" rel=\"noopener\">Eric Fouda<\/a> qui assiste au tirage au sort \u00e0 la salle La Com\u00e8te, mise une nouvelle fois \u00e0 disposition et ouverte au public par la Ville de Bayeux. <a href=\"https:\/\/actu.fr\/normandie\/bayeux_14047\/coupe-de-france-de-football-bayeux-tire-le-gros-lot-et-va-affronter-lolympique-de-marseille-en-16e_63607990.html\" target=\"_blank\" rel=\"noopener\">Comme un deuxi\u00e8me cadeau de No\u00ebl, les deux premi\u00e8res boules tir\u00e9es au sort sont celles de l\u2019Olympique de Marseille et du Bayeux FC<\/a>.<\/p>\n<p class=\" wall-content\">Les prot\u00e9g\u00e9s du pr\u00e9sident <a href=\"https:\/\/actu.fr\/normandie\/bayeux_14047\/coupe-de-france-luis-ferreira-pavesi-je-vis-quelque-chose-dextraordinaire-avec-le-bayeux-fc_63603441.html\" target=\"_blank\" rel=\"noopener\">Luis Ferreira-Pavesi<\/a> tiennent enfin la r\u00e9compense de ce parcours sans faute avec une Ligue 1. Et pas n\u2019importe laquelle. Surtout aux yeux de Benjamin Renaux, fan inconditionnel de l\u2019OM, <a href=\"https:\/\/actu.fr\/normandie\/bayeux_14047\/romain-guillotte-bayeux-fc-recevoir-lolympique-de-marseille-cest-le-cadeau-dune-vie_63611778.html\" target=\"_blank\" rel=\"noopener\">\u00e0 l\u2019instar de Romain Guillotte<\/a>.<\/p>\n<p>Vid\u00e9os : en ce moment sur Actu\u00ab\u00a0C\u2019est une folie\u00a0\u00bb<br \/>\n    <img   decoding=\"async\" loading=\"lazy\" class=\"size-large\" src=\"https:\/\/www.europesays.com\/fr\/wp-content\/uploads\/2025\/12\/16f386aca94963af386aca9491ef38v-960x640.jpg\" alt=\"Benjamin Renaux et son porte Romain Guillotte, tous deux farouchement d\u00e9fenseur de l'Olympique de Marseille, vont pouvoir s'y mesurer en 16e de finale de la Coupe de France !\" width=\"960\" height=\"640\"\/><br \/>\n    Benjamin Renaux et son porte Romain Guillotte, tous deux farouchement d\u00e9fenseur de l\u2019Olympique de Marseille, vont pouvoir s\u2019y mesurer en 16e de finale de la Coupe de France ! \u00a9Fr\u00e9d\u00e9ric BOURGEOIS<\/p>\n<p class=\" wall-content\">Quand le tirage d\u00e9signe son club comme adversaire de l\u2019OM, <b>Benjamin Renaux peine \u00e0 r\u00e9aliser.<\/b> Lui, le \u00ab\u00a0plus grand supporter de Marseille\u00a0\u00bb.<\/p>\n<p>Votre r\u00e9gion, votre actu !<\/p>\n<p>Recevez chaque jour les infos qui comptent pour vous.<\/p>\n<p>\t<a href=\"https:\/\/actu.fr\/newsletter\" class=\"ac-btn ac-btn--corner ac-btn--medium ac-btn--blue800\" target=\"_blank\" rel=\"noopener\">S&rsquo;incrire<\/a><\/p>\n<p class=\" wall-content\">\u00ab\u00a0C\u2019est une folie ! D\u00e9j\u00e0, c\u2019est fou de tirer Marseille. Ensuite, sortir Bayeux et Marseille sur les deux premi\u00e8res boules du tirage fait que l\u2019histoire est encore plus belle.\u00a0\u00bb.<\/p>\n<p class=\" wall-content\">Elle est loin, <a href=\"https:\/\/actu.fr\/normandie\/bayeux_14047\/nous-voulions-taper-le-plus-gros-possible-bayeux-face-a-blois-en-32e-de-finale-de-la-coupe-de-france_63517282.html\" target=\"_blank\" rel=\"noopener\">la petite pointe de d\u00e9ception au tirage des 32e de finale <\/a>et un Bayeux \u2013 Blois qui n\u2019avait d\u2019abord pas enchant\u00e9 le peuple Jaune et Bleu. \u00ab\u00a0C\u2019\u00e9tait une d\u00e9ception \u00e0 condition que le parcours s\u2019arr\u00eate en 32e de finale. Sans manquer de respect \u00e0 cette Nationale 2, \u00e7a aurait \u00e9t\u00e9 moche de finir comme \u00e7a. Quand on arrive \u00e0 ce niveau de la comp\u00e9tition, clairement, on veut jouer les clubs pros. En revanche, ce tirage nous laissait l\u2019opportunit\u00e9 de passer un tour de plus en Coupe de France, chose que l\u2019on a r\u00e9alis\u00e9e.\u00a0\u00bb\u00a0<\/p>\n<p>\u00ab\u00a0C\u2019est une fois dans sa vie\u00a0\u00bb<br \/>\n    <img   decoding=\"async\" loading=\"lazy\" class=\"size-large\" src=\"https:\/\/www.europesays.com\/fr\/wp-content\/uploads\/2025\/12\/0d5db5aca9496516db5aca949256dbv-960x640.jpg\" alt=\"Les c\u00e9l\u00e9brations de Benjamin Renaux (Bayeux FC), d\u00e9di\u00e9es \u00e0 C\u00f4me, son \" petit=\"\" pirate=\"\" de=\"\" mois.=\"\" width=\"960\" height=\"640\"\/><br \/>\n    Les c\u00e9l\u00e9brations de Benjamin Renaux (Bayeux FC), d\u00e9di\u00e9es \u00e0 C\u00f4me, son \u00ab\u00a0petit pirate\u00a0\u00bb \u00e2g\u00e9 de 18 mois. \u00a9Fr\u00e9d\u00e9ric BOURGEOIS<\/p>\n<p class=\" wall-content\">Arriv\u00e9s en 16e de finale de la Coupe de France, il fallait que le Bayeux FC tombe sur un gros. C\u2019est fait. \u00ab\u00a0Maintenant, \u00e7a nous permet d\u2019aller jouer au stade d\u2019Ornano et quoi demander de mieux, pour moi qui suis fan de Marseille, que d\u2019y jouer face \u00e0 l\u2019OM. Je vis un r\u00eave \u00e9veill\u00e9. Je voulais Marseille ou Lens, qui sont mes deux clubs. Mais je suis un fou de Marseille. J\u2019essaie d\u2019aller une \u00e0 deux fois par an au V\u00e9lodrome. J\u2019y suis all\u00e9 avec mon fr\u00e8re il y a quinze jour pour la Ligue des Champions contre Newcastle il y a trois semaines.\u00a0\u00bb<\/p>\n<blockquote class=\"ac-article-quote wall-content\">\n<p>Dans la famille Renaux, on est des fanas de Marseille. J\u2019\u00e9tais au t\u00e9l\u00e9phone avec mon p\u00e8re qui ne pouvait \u00eatre pr\u00e9sent et il \u00e9tait en larmes quand je lui ai annonc\u00e9 le tirage. On vit vraiment un r\u00eave et on va en profiter parce que c\u2019est une fois dans sa vie.<\/p>\n<p>Benjamin Renaux<\/p><\/blockquote>\n<p class=\" wall-content\"><a href=\"https:\/\/actu.fr\/normandie\/bayeux_14047\/coupe-de-france-bayeux-olympique-de-marseille-tout-savoir-sur-le-choc-des-16e-de-finale_63610206.html\" target=\"_blank\" rel=\"noopener\">Le match Bayeux \u2013 OM aura lieu le mardi 13 janvier 2026, au stade Michel-d\u2019Ornano (21 h). <\/a>Sur une pelouse que Benjamin Renaux a d\u00e9j\u00e0 eu l\u2019occasion de fouler avec l\u2019AG Caen pour le compte d\u2019un 8e tour de la Coupe de France.<\/p>\n<p class=\" wall-content\">\u00ab\u00a0J\u2019ai eu cette chance face \u00e0 Guingamp. Mais avec seulement deux tribunes d\u2019ouverte. L\u00e0, avec Marseille, le stade sera complet. Ce sera forc\u00e9ment incroyable. Jouer dans des conditions pareilles, des conditions de pros, ce sont des choses que nous, les amateurs, nous aimerions vivre au quotidien.\u00a0\u00bb<\/p>\n<p>\u00ab\u00a0L\u2019objectif, ce sera le maillot de Greenwood\u00a0\u00bb<\/p>\n<p class=\" wall-content\">Face \u00e0 un tel adversaire, les Bayeusains resteront des comp\u00e9titeurs mais l\u2019exploit sera certainement difficile \u00e0 aller chercher.<\/p>\n<p class=\" wall-content\">\u00ab\u00a0Le but, ce sera d\u00e9j\u00e0 de tenir le plus longtemps possible. Si on en prend 3 en un quart d\u2019heure, le match risque de para\u00eetre long. Il faudra essayer de jouer notre jeu, faire avec nos armes. Et s\u2019il y a quelque chose \u00e0 faire, on essaiera ! En tout cas pour ma part, l\u2019objectif, ce sera le maillot de Greenwood ! Histoire de se faire un souvenir. Mais le plus important, ce sera d\u2019en faire profiter ma famille. C\u2019est \u00e7a le plus important.\u00a0\u00bb\u00a0<\/p>\n<p class=\" wall-content\">Personnalisez votre actualit\u00e9 en ajoutant vos villes et m\u00e9dias en favori avec <a href=\"https:\/\/moncompte.actu.fr\" title=\"D\u00e9couvez Mon Actu\" rel=\"nofollow noopener\" data-trk=\"{&quot;cta&quot;:{&quot;action&quot;:&quot;https:\\\/\\\/moncompte.actu.fr&quot;,&quot;category&quot;:&quot;mon compte&quot;,&quot;from&quot;:&quot;article footer&quot;,&quot;name&quot;:&quot;Mon actu&quot;,&quot;type&quot;:&quot;cta&quot;}}\" target=\"_blank\">Mon Actu<\/a>.<\/p>\n","protected":false},"excerpt":{"rendered":"Par Fr\u00e9d\u00e9ric Bourgeois Publi\u00e9 le 22 d\u00e9c. 2025 \u00e0 21h51 Le Bayeux FC (R1) s\u2019est qualifi\u00e9 en 16e&hellip;\n","protected":false},"author":2,"featured_media":616567,"comment_status":"","ping_status":"","sticky":false,"template":"","format":"standard","meta":{"footnotes":""},"categories":[2814],"tags":[1111,11,15922,1777,674,1011,27,884,12,882,25,60],"class_list":{"0":"post-616566","1":"post","2":"type-post","3":"status-publish","4":"format-standard","5":"has-post-thumbnail","7":"category-marseille","8":"tag-actu","9":"tag-actualites","10":"tag-coupe-de-france-de-football","11":"tag-eu","12":"tag-europe","13":"tag-fr","14":"tag-france","15":"tag-marseille","16":"tag-news","17":"tag-provence-alpes-cote-dazur","18":"tag-republique-francaise","19":"tag-sports"},"share_on_mastodon":{"url":"https:\/\/pubeurope.com\/@fr\/115765273303700803","error":""},"_links":{"self":[{"href":"https:\/\/www.europesays.com\/fr\/wp-json\/wp\/v2\/posts\/616566","targetHints":{"allow":["GET"]}}],"collection":[{"href":"https:\/\/www.europesays.com\/fr\/wp-json\/wp\/v2\/posts"}],"about":[{"href":"https:\/\/www.europesays.com\/fr\/wp-json\/wp\/v2\/types\/post"}],"author":[{"embeddable":true,"href":"https:\/\/www.europesays.com\/fr\/wp-json\/wp\/v2\/users\/2"}],"replies":[{"embeddable":true,"href":"https:\/\/www.europesays.com\/fr\/wp-json\/wp\/v2\/comments?post=616566"}],"version-history":[{"count":0,"href":"https:\/\/www.europesays.com\/fr\/wp-json\/wp\/v2\/posts\/616566\/revisions"}],"wp:featuredmedia":[{"embeddable":true,"href":"https:\/\/www.europesays.com\/fr\/wp-json\/wp\/v2\/media\/616567"}],"wp:attachment":[{"href":"https:\/\/www.europesays.com\/fr\/wp-json\/wp\/v2\/media?parent=616566"}],"wp:term":[{"taxonomy":"category","embeddable":true,"href":"https:\/\/www.europesays.com\/fr\/wp-json\/wp\/v2\/categories?post=616566"},{"taxonomy":"post_tag","embeddable":true,"href":"https:\/\/www.europesays.com\/fr\/wp-json\/wp\/v2\/tags?post=616566"}],"curies":[{"name":"wp","href":"https:\/\/api.w.org\/{rel}","templated":true}]}}