{"id":616570,"date":"2025-12-22T21:11:16","date_gmt":"2025-12-22T21:11:16","guid":{"rendered":"https:\/\/www.europesays.com\/fr\/616570\/"},"modified":"2025-12-22T21:11:16","modified_gmt":"2025-12-22T21:11:16","slug":"ce-que-lon-sait-de-lexplosion-sur-le-site-seveso-qui-a-fait-quatre-blesses-et-confine-des-milliers-de-personnes","status":"publish","type":"post","link":"https:\/\/www.europesays.com\/fr\/616570\/","title":{"rendered":"Ce que l\u2019on sait de l\u2019explosion sur le site Seveso qui a fait quatre bless\u00e9s et confin\u00e9 des milliers de personnes"},"content":{"rendered":"<p>Quatre salari\u00e9s ont \u00e9t\u00e9 bless\u00e9s lundi, dont au moins deux gri\u00e8vement, dans une explosion survenue en d\u00e9but d\u2019apr\u00e8s-midi dans l\u2019usine chimique Elkem Silicones \u00e0 Saint-Fons (<a href=\"https:\/\/www.20minutes.fr\/dossier\/rhone\" class=\"c-link c-link--is-underlined\" target=\"_blank\" rel=\"noopener\">Rh\u00f4ne<\/a>), dans la \u00ab\u00a0vall\u00e9e de la <a href=\"https:\/\/www.20minutes.fr\/dossier\/chimie\" class=\"c-link c-link--is-underlined\" target=\"_blank\" rel=\"noopener\">chimie<\/a>\u00a0\u00bb au sud de <a href=\"https:\/\/www.20minutes.fr\/lyon\/\" class=\"c-link c-link--is-underlined\" target=\"_blank\" rel=\"noopener\">Lyon<\/a>. Quatre heures apr\u00e8s les premi\u00e8res explosions, l\u2019incendie a \u00e9t\u00e9 ma\u00eetris\u00e9, mais de nombreuses questions demeurent.<\/p>\n<p>Quelle est la raison de ce sinistre\u00a0?<\/p>\n<p>Sur des vid\u00e9os post\u00e9es au d\u00e9but de l\u2019incendie par des personnes circulant en voiture sur l&rsquo;A7 longeant le site touch\u00e9, d\u2019imposants panaches de fum\u00e9e sombre s\u2019\u00e9chappaient d\u2019un b\u00e2timent.<\/p>\n<p>La d\u00e9flagration est probablement due \u00e0 l\u2019\u00e9manation d\u2019hydrog\u00e8ne \u00ab\u00a0dans un atelier exp\u00e9rimental\u00a0\u00bb o\u00f9 travaillaient cinq personnes, a assur\u00e9 \u00e0 la presse Jean-Pierre Lerat, directeur du site, class\u00e9 Seveso seuil haut. \u00ab\u00a0Des op\u00e9rations de chimie de sp\u00e9cialit\u00e9 sont men\u00e9es dans de petits r\u00e9acteurs de 1.000 litres. L\u2019explosion a eu lieu au cours d\u2019une op\u00e9ration classique de d\u00e9volatilisation d\u2019une huile SIH, qui potentiellement lib\u00e8re de l\u2019hydrog\u00e8ne\u00a0\u00bb.<\/p>\n<\/p>\n<p>Quatre d\u2019entre elles ont \u00e9t\u00e9 bless\u00e9es, toutes par br\u00fblures avec peut-\u00eatre un \u00ab\u00a0effet de blast\u00a0\u00bb, dont deux gri\u00e8vement, d\u00e9clare David Pinero, qui dirigeait les \u00e9quipes d\u2019urgentistes. \u00ab\u00a0Deux tr\u00e8s graves et un peu moins grave\u00a0\u00bb, a assur\u00e9 de son c\u00f4t\u00e9 le pr\u00e9fet d\u00e9l\u00e9gu\u00e9 pour la s\u00e9curit\u00e9 et la d\u00e9fense du Rh\u00f4ne, Antoine Gu\u00e9rin. Il pr\u00e9cise que le pronostic vital n\u2019est engag\u00e9 pour aucune des victimes.<\/p>\n<p>Y a-t-il des risques pour la population\u00a0?<\/p>\n<p>Alors que l\u2019incendie faisait rage, la pr\u00e9f\u00e8te de la r\u00e9gion Auvergne-Rh\u00f4ne-Alpes Fabienne Buccio a assur\u00e9 que le sinistre ne pr\u00e9sentait \u00ab\u00a0pas de risque de toxicit\u00e9\u00a0\u00bb.<\/p>\n<p>Pr\u00e8s de 5.000 personnes ont \u00e9t\u00e9 confin\u00e9es, pr\u00e9cise au <a href=\"https:\/\/www.leprogres.fr\/faits-divers-justice\/2025\/12\/22\/des-explosions-entendues-sur-le-site-d-elkem-a-saint-fons-de-la-fumee-s-echappe-du-site\" target=\"_blank\" class=\"c-link c-link--is-underlined\" rel=\"noopener\">Progr\u00e8s<\/a>, l\u2019\u00e9cologiste <a href=\"https:\/\/www.grandlyon.com\/elu\/pierre-athanaze\" target=\"_blank\" class=\"c-link c-link--is-underlined\" rel=\"noopener\">Pierre Athanaze<\/a>, vice-pr\u00e9sident de la m\u00e9tropole en charge de la pr\u00e9vention des risques. L&rsquo;A7 a \u00e9t\u00e9 coup\u00e9e dans les deux sens pendant plusieurs heures, ainsi que les voies ferr\u00e9es \u00e0 proximit\u00e9 et les voies fluviales sur le Rh\u00f4ne. Toutes ces mesures ont \u00e9t\u00e9 lev\u00e9es vers 18 heures. Mais de nombreux trains affichaient d\u2019importants retards dans la soir\u00e9e et la circulation en ville et en p\u00e9riph\u00e9rie \u00e9tait encore compliqu\u00e9e.<\/p>\n<p>Pourquoi cet \u00e9v\u00e9nement est inqui\u00e9tant\u00a0?<\/p>\n<p>Elkem Silicones France est une filiale du groupe norv\u00e9gien Elkem dont l\u2019actionnaire majoritaire est la soci\u00e9t\u00e9 d\u2019Etat chinoise China National Bluestar. C\u2019est l\u2019un des leaders mondiaux du march\u00e9 de la production de mat\u00e9riaux \u00e0 base de silicone.<\/p>\n<p>Un site class\u00e9 Seveso est un \u00e9tablissement industriel qui manipule ou stocke des substances dangereuses en quantit\u00e9s importantes, au point de pr\u00e9senter un risque d\u2019accident majeur. En\u00a02016, sur ce m\u00eame site, une personne avait \u00e9t\u00e9 tu\u00e9e dans l\u2019incendie de f\u00fbts de silicone.<\/p>\n<p><a href=\"https:\/\/www.20minutes.fr\/dossier\/seveso\" class=\"c-link c-btn c-btn--primary\" target=\"_blank\" rel=\"noopener\">Notre dossier sur les sites Seveso<\/a><\/p>\n<p>\u00ab\u00a0C\u2019est une alerte suppl\u00e9mentaire sur la Vall\u00e9e de la chimie o\u00f9 il y a r\u00e9guli\u00e8rement des incidents de diff\u00e9rents ordres, s\u2019alarme Pierre Athanaze. On a toutefois \u00e9vit\u00e9 le pire, car c\u2019est un endroit o\u00f9 les sites Seveso seuil haut se touchent. Il existe un risque de propagation\u00a0\u00bb<\/p>\n","protected":false},"excerpt":{"rendered":"Quatre salari\u00e9s ont \u00e9t\u00e9 bless\u00e9s lundi, dont au moins deux gri\u00e8vement, dans une explosion survenue en d\u00e9but d\u2019apr\u00e8s-midi&hellip;\n","protected":false},"author":2,"featured_media":616571,"comment_status":"","ping_status":"","sticky":false,"template":"","format":"standard","meta":{"footnotes":""},"categories":[1889],"tags":[1111,47,11,2430,9491,1777,674,2688,118,1011,27,7133,2428,12,25,2429,2431,28957],"class_list":{"0":"post-616570","1":"post","2":"type-post","3":"status-publish","4":"format-standard","5":"has-post-thumbnail","7":"category-lyon","8":"tag-actu","9":"tag-actualite","10":"tag-actualites","11":"tag-auvergne-rhone-alpes","12":"tag-confinement","13":"tag-eu","14":"tag-europe","15":"tag-explosion","16":"tag-faits-divers","17":"tag-fr","18":"tag-france","19":"tag-hydrogene","20":"tag-lyon","21":"tag-news","22":"tag-republique-francaise","23":"tag-rhone","24":"tag-rhone-alpes","25":"tag-seveso"},"share_on_mastodon":{"url":"https:\/\/pubeurope.com\/@fr\/115765279648605038","error":""},"_links":{"self":[{"href":"https:\/\/www.europesays.com\/fr\/wp-json\/wp\/v2\/posts\/616570","targetHints":{"allow":["GET"]}}],"collection":[{"href":"https:\/\/www.europesays.com\/fr\/wp-json\/wp\/v2\/posts"}],"about":[{"href":"https:\/\/www.europesays.com\/fr\/wp-json\/wp\/v2\/types\/post"}],"author":[{"embeddable":true,"href":"https:\/\/www.europesays.com\/fr\/wp-json\/wp\/v2\/users\/2"}],"replies":[{"embeddable":true,"href":"https:\/\/www.europesays.com\/fr\/wp-json\/wp\/v2\/comments?post=616570"}],"version-history":[{"count":0,"href":"https:\/\/www.europesays.com\/fr\/wp-json\/wp\/v2\/posts\/616570\/revisions"}],"wp:featuredmedia":[{"embeddable":true,"href":"https:\/\/www.europesays.com\/fr\/wp-json\/wp\/v2\/media\/616571"}],"wp:attachment":[{"href":"https:\/\/www.europesays.com\/fr\/wp-json\/wp\/v2\/media?parent=616570"}],"wp:term":[{"taxonomy":"category","embeddable":true,"href":"https:\/\/www.europesays.com\/fr\/wp-json\/wp\/v2\/categories?post=616570"},{"taxonomy":"post_tag","embeddable":true,"href":"https:\/\/www.europesays.com\/fr\/wp-json\/wp\/v2\/tags?post=616570"}],"curies":[{"name":"wp","href":"https:\/\/api.w.org\/{rel}","templated":true}]}}