{"id":616580,"date":"2025-12-22T21:20:27","date_gmt":"2025-12-22T21:20:27","guid":{"rendered":"https:\/\/www.europesays.com\/fr\/616580\/"},"modified":"2025-12-22T21:20:27","modified_gmt":"2025-12-22T21:20:27","slug":"paris-quatre-personnes-transportees-a-lhopital-apres-un-incendie-dans-le-xviiie-une-personne-placee-en-garde-a-vue","status":"publish","type":"post","link":"https:\/\/www.europesays.com\/fr\/616580\/","title":{"rendered":"Paris\u00a0: quatre personnes transport\u00e9es \u00e0 l\u2019h\u00f4pital apr\u00e8s un incendie dans le XVIIIe, une personne plac\u00e9e en garde \u00e0 vue"},"content":{"rendered":"<p class=\"paragraph text_align_left lp-f-body-02\">Un incendie s\u2019est d\u00e9clar\u00e9 ce lundi apr\u00e8s-midi, rue du Simplon, dans le XVIIIe arrondissement de la capitale. Une quarantaine de pompiers de <a href=\"https:\/\/www.leparisien.fr\/paris-75\/\" target=\"_self\" rel=\"noopener\">Paris<\/a> sont intervenus pour un feu d\u2019appartement en rez-de-chauss\u00e9e.<\/p>\n<p class=\"\">Contact\u00e9 par Le Parisien, le parquet de Paris indique que quatre adultes ont \u00e9t\u00e9 transport\u00e9s \u00e0 l\u2019h\u00f4pital apr\u00e8s avoir inhal\u00e9 des fum\u00e9es. N\u00e9anmoins aucun pronostic vital ne semble engag\u00e9, pr\u00e9cisent les autorit\u00e9s.<\/p>\n<p class=\"\">Une enqu\u00eate a \u00e9t\u00e9 ouverte, diligent\u00e9e par le commissariat du XVIIIe arrondissement, du chef de destruction du bien d\u2019autrui par moyen dangereux pour les personnes.<\/p>\n<p class=\"\">Une personne a \u00e9t\u00e9 plac\u00e9e en garde \u00e0 vue. Le parquet creuse la piste d\u2019un incendie volontaire mais les investigations se poursuivent afin de d\u00e9terminer les circonstances de cet incendie.<\/p>\n","protected":false},"excerpt":{"rendered":"Un incendie s\u2019est d\u00e9clar\u00e9 ce lundi apr\u00e8s-midi, rue du Simplon, dans le XVIIIe arrondissement de la capitale. Une&hellip;\n","protected":false},"author":2,"featured_media":616581,"comment_status":"","ping_status":"","sticky":false,"template":"","format":"standard","meta":{"footnotes":""},"categories":[1888],"tags":[11,1777,674,118,1011,27,1944,12,626,25],"class_list":{"0":"post-616580","1":"post","2":"type-post","3":"status-publish","4":"format-standard","5":"has-post-thumbnail","7":"category-paris","8":"tag-actualites","9":"tag-eu","10":"tag-europe","11":"tag-faits-divers","12":"tag-fr","13":"tag-france","14":"tag-ma-ville","15":"tag-news","16":"tag-paris","17":"tag-republique-francaise"},"share_on_mastodon":{"url":"https:\/\/pubeurope.com\/@fr\/115765314989484495","error":""},"_links":{"self":[{"href":"https:\/\/www.europesays.com\/fr\/wp-json\/wp\/v2\/posts\/616580","targetHints":{"allow":["GET"]}}],"collection":[{"href":"https:\/\/www.europesays.com\/fr\/wp-json\/wp\/v2\/posts"}],"about":[{"href":"https:\/\/www.europesays.com\/fr\/wp-json\/wp\/v2\/types\/post"}],"author":[{"embeddable":true,"href":"https:\/\/www.europesays.com\/fr\/wp-json\/wp\/v2\/users\/2"}],"replies":[{"embeddable":true,"href":"https:\/\/www.europesays.com\/fr\/wp-json\/wp\/v2\/comments?post=616580"}],"version-history":[{"count":0,"href":"https:\/\/www.europesays.com\/fr\/wp-json\/wp\/v2\/posts\/616580\/revisions"}],"wp:featuredmedia":[{"embeddable":true,"href":"https:\/\/www.europesays.com\/fr\/wp-json\/wp\/v2\/media\/616581"}],"wp:attachment":[{"href":"https:\/\/www.europesays.com\/fr\/wp-json\/wp\/v2\/media?parent=616580"}],"wp:term":[{"taxonomy":"category","embeddable":true,"href":"https:\/\/www.europesays.com\/fr\/wp-json\/wp\/v2\/categories?post=616580"},{"taxonomy":"post_tag","embeddable":true,"href":"https:\/\/www.europesays.com\/fr\/wp-json\/wp\/v2\/tags?post=616580"}],"curies":[{"name":"wp","href":"https:\/\/api.w.org\/{rel}","templated":true}]}}