{"id":616582,"date":"2025-12-22T21:22:16","date_gmt":"2025-12-22T21:22:16","guid":{"rendered":"https:\/\/www.europesays.com\/fr\/616582\/"},"modified":"2025-12-22T21:22:16","modified_gmt":"2025-12-22T21:22:16","slug":"la-lituanie-affirme-que-des-technologies-financees-par-lunion-europeenne-pourraient-avoir-ete-detournees-par-la-russie","status":"publish","type":"post","link":"https:\/\/www.europesays.com\/fr\/616582\/","title":{"rendered":"La Lituanie affirme que des technologies financ\u00e9es par l\u2019Union europ\u00e9enne pourraient avoir \u00e9t\u00e9 d\u00e9tourn\u00e9es par la Russie"},"content":{"rendered":"<p>AA \/ Londres \/ Burak Bir<\/p>\n<p>Des technologies financ\u00e9es par l&rsquo;Union europ\u00e9enne et produites en Lituanie pourraient avoir \u00e9t\u00e9 export\u00e9es vers la Russie et le B\u00e9larus pour alimenter leurs industries militaires, ont indiqu\u00e9 les autorit\u00e9s lituaniennes.<\/p>\n<p>\u00ab L&rsquo;enqu\u00eate examine plusieurs pistes, notamment la possibilit\u00e9 que du mat\u00e9riel produit gr\u00e2ce \u00e0 des fonds europ\u00e9ens ait \u00e9t\u00e9 export\u00e9 ill\u00e9galement vers le B\u00e9larus et la Russie et utilis\u00e9 dans leurs industries militaires \u00bb, a d\u00e9clar\u00e9 Daugilas Razauskas, chef d&rsquo;une unit\u00e9 sp\u00e9ciale d&rsquo;enqu\u00eates du Service d&rsquo;enqu\u00eates sur la criminalit\u00e9 financi\u00e8re, aux journalistes \u00e0 Vilnius lundi.<\/p>\n<p>Il a pr\u00e9cis\u00e9 que des entreprises op\u00e9rant en Lituanie \u00e9taient impliqu\u00e9es dans cette activit\u00e9, mais qu&rsquo;elles \u00e9taient en r\u00e9alit\u00e9 dirig\u00e9es par les personnes interpell\u00e9es, qui sont des citoyens b\u00e9larusses et russes.<\/p>\n<p>Cette annonce fait suite \u00e0 l&rsquo;arrestation, la semaine derni\u00e8re, de plusieurs citoyens b\u00e9larusses, russes et lituaniens soup\u00e7onn\u00e9s d&rsquo;appartenir \u00e0 un groupe criminel organis\u00e9, a rapport\u00e9 la cha\u00eene de t\u00e9l\u00e9vision publique lituanienne LRT, citant Razauskas.<\/p>\n<p>Le procureur d\u00e9l\u00e9gu\u00e9 europ\u00e9en, Darius Karcinskas, a d\u00e9clar\u00e9 que cinq personnes et une entreprise ont \u00e9t\u00e9 formellement mises en demeure dans le cadre de l&rsquo;enqu\u00eate men\u00e9e conjointement par le Parquet europ\u00e9en, le D\u00e9partement de la s\u00e9curit\u00e9 d&rsquo;\u00c9tat lituanien et le Service d&rsquo;enqu\u00eate sur la criminalit\u00e9 financi\u00e8re.<\/p>\n<p>Plus de dix perquisitions ont \u00e9t\u00e9 men\u00e9es \u00e0 travers la Lituanie, notamment \u00e0 des domiciles, des lieux de travail, des entreprises et dans des v\u00e9hicules.<\/p>\n<p>Selon les autorit\u00e9s lituaniennes, les entreprises vis\u00e9es par l&rsquo;enqu\u00eate ont b\u00e9n\u00e9fici\u00e9 de financements europ\u00e9ens et ont produit du mat\u00e9riel destin\u00e9 aux syst\u00e8mes de navigation et de satellites.<\/p>\n<p>Les forces de l&rsquo;ordre ont indiqu\u00e9 entreprendre les d\u00e9marches n\u00e9cessaires pour obtenir d&rsquo;\u00e9ventuelles r\u00e9parations.<\/p>\n<p>*Traduit de l\u2019anglais par Ayse Bashoruz<\/p>\n<p>                            &#13;<br \/>\n                                <a href=\"https:\/\/www.aa.com.tr\/fr\/p\/abonnement\/1001\" target=\"_blank\" style=\"font-size:12px; color:#444; text-decoration:none;\" rel=\"noopener\">&#13;<br \/>\n                                    Seulement une partie des d\u00e9p\u00eaches, que l&rsquo;Agence Anadolu diffuse \u00e0 ses abonn\u00e9s via le Syst\u00e8me de Diffusion interne (HAS), est diffus\u00e9e sur le site de l&rsquo;AA, de mani\u00e8re r\u00e9sum\u00e9e. <b style=\"color:#1897F7\">Contactez-nous s&rsquo;il vous pla\u00eet pour vous abonner.<\/b>&#13;<br \/>\n                                <\/a>&#13;<\/p>\n","protected":false},"excerpt":{"rendered":"AA \/ Londres \/ Burak Bir Des technologies financ\u00e9es par l&rsquo;Union europ\u00e9enne et produites en Lituanie pourraient avoir&hellip;\n","protected":false},"author":2,"featured_media":616583,"comment_status":"","ping_status":"","sticky":false,"template":"","format":"standard","meta":{"footnotes":""},"categories":[1591],"tags":[11,1785,1887,2050,12,1885,1886,132,16033,9213],"class_list":{"0":"post-616582","1":"post","2":"type-post","3":"status-publish","4":"format-standard","5":"has-post-thumbnail","7":"category-russie","8":"tag-actualites","9":"tag-anadolu-ajansi","10":"tag-federation-de-russie","11":"tag-lituanie","12":"tag-news","13":"tag-russia","14":"tag-russian-federation","15":"tag-russie","16":"tag-tech","17":"tag-union-europenne"},"share_on_mastodon":{"url":"https:\/\/pubeurope.com\/@fr\/115765322954424896","error":""},"_links":{"self":[{"href":"https:\/\/www.europesays.com\/fr\/wp-json\/wp\/v2\/posts\/616582","targetHints":{"allow":["GET"]}}],"collection":[{"href":"https:\/\/www.europesays.com\/fr\/wp-json\/wp\/v2\/posts"}],"about":[{"href":"https:\/\/www.europesays.com\/fr\/wp-json\/wp\/v2\/types\/post"}],"author":[{"embeddable":true,"href":"https:\/\/www.europesays.com\/fr\/wp-json\/wp\/v2\/users\/2"}],"replies":[{"embeddable":true,"href":"https:\/\/www.europesays.com\/fr\/wp-json\/wp\/v2\/comments?post=616582"}],"version-history":[{"count":0,"href":"https:\/\/www.europesays.com\/fr\/wp-json\/wp\/v2\/posts\/616582\/revisions"}],"wp:featuredmedia":[{"embeddable":true,"href":"https:\/\/www.europesays.com\/fr\/wp-json\/wp\/v2\/media\/616583"}],"wp:attachment":[{"href":"https:\/\/www.europesays.com\/fr\/wp-json\/wp\/v2\/media?parent=616582"}],"wp:term":[{"taxonomy":"category","embeddable":true,"href":"https:\/\/www.europesays.com\/fr\/wp-json\/wp\/v2\/categories?post=616582"},{"taxonomy":"post_tag","embeddable":true,"href":"https:\/\/www.europesays.com\/fr\/wp-json\/wp\/v2\/tags?post=616582"}],"curies":[{"name":"wp","href":"https:\/\/api.w.org\/{rel}","templated":true}]}}