{"id":616584,"date":"2025-12-22T21:23:18","date_gmt":"2025-12-22T21:23:18","guid":{"rendered":"https:\/\/www.europesays.com\/fr\/616584\/"},"modified":"2025-12-22T21:23:18","modified_gmt":"2025-12-22T21:23:18","slug":"une-centrale-thermique-demantelee-demenagee-avec-succes-jusquen-ukraine","status":"publish","type":"post","link":"https:\/\/www.europesays.com\/fr\/616584\/","title":{"rendered":"Une centrale thermique d\u00e9mantel\u00e9e d\u00e9m\u00e9nag\u00e9e avec succ\u00e8s jusqu&rsquo;en Ukraine"},"content":{"rendered":"<p class=\"ap-StoryElement ap-StoryElement--mb ap-StoryText\">Il a fallu onze mois pour ce d\u00e9m\u00e9nagement exceptionnel, pr\u00e9cise-t-elle. La centrale doit permettre de fournir de l&rsquo;\u00e9lectricit\u00e9 \u00e0 environ un million d&rsquo;habitants en Ukraine, o\u00f9 les infrastructures ont \u00e9t\u00e9 lourdement endommag\u00e9es par la guerre men\u00e9e par la Russie.<\/p>\n<p class=\"ap-StoryElement ap-StoryElement--mb ap-StoryText\">La Lituanie avait annonc\u00e9 l&rsquo;ann\u00e9e derni\u00e8re qu&rsquo;elle souhaitait d\u00e9manteler et offrir \u00e0 l&rsquo;Ukraine une centrale thermique qui n&rsquo;\u00e9tait plus utilis\u00e9e mais dont l&rsquo;appareillage \u00e9tait encore fonctionnel.<\/p>\n","protected":false},"excerpt":{"rendered":"Il a fallu onze mois pour ce d\u00e9m\u00e9nagement exceptionnel, pr\u00e9cise-t-elle. La centrale doit permettre de fournir de l&rsquo;\u00e9lectricit\u00e9&hellip;\n","protected":false},"author":2,"featured_media":616585,"comment_status":"","ping_status":"","sticky":false,"template":"","format":"standard","meta":{"footnotes":""},"categories":[1590],"tags":[11,2390,893,1777,674,1146,2050,12,1778,220],"class_list":{"0":"post-616584","1":"post","2":"type-post","3":"status-publish","4":"format-standard","5":"has-post-thumbnail","7":"category-ukraine","8":"tag-actualites","9":"tag-comeuro","10":"tag-energie","11":"tag-eu","12":"tag-europe","13":"tag-guerre","14":"tag-lituanie","15":"tag-news","16":"tag-ue","17":"tag-ukraine"},"share_on_mastodon":{"url":"https:\/\/pubeurope.com\/@fr\/115765327057533853","error":""},"_links":{"self":[{"href":"https:\/\/www.europesays.com\/fr\/wp-json\/wp\/v2\/posts\/616584","targetHints":{"allow":["GET"]}}],"collection":[{"href":"https:\/\/www.europesays.com\/fr\/wp-json\/wp\/v2\/posts"}],"about":[{"href":"https:\/\/www.europesays.com\/fr\/wp-json\/wp\/v2\/types\/post"}],"author":[{"embeddable":true,"href":"https:\/\/www.europesays.com\/fr\/wp-json\/wp\/v2\/users\/2"}],"replies":[{"embeddable":true,"href":"https:\/\/www.europesays.com\/fr\/wp-json\/wp\/v2\/comments?post=616584"}],"version-history":[{"count":0,"href":"https:\/\/www.europesays.com\/fr\/wp-json\/wp\/v2\/posts\/616584\/revisions"}],"wp:featuredmedia":[{"embeddable":true,"href":"https:\/\/www.europesays.com\/fr\/wp-json\/wp\/v2\/media\/616585"}],"wp:attachment":[{"href":"https:\/\/www.europesays.com\/fr\/wp-json\/wp\/v2\/media?parent=616584"}],"wp:term":[{"taxonomy":"category","embeddable":true,"href":"https:\/\/www.europesays.com\/fr\/wp-json\/wp\/v2\/categories?post=616584"},{"taxonomy":"post_tag","embeddable":true,"href":"https:\/\/www.europesays.com\/fr\/wp-json\/wp\/v2\/tags?post=616584"}],"curies":[{"name":"wp","href":"https:\/\/api.w.org\/{rel}","templated":true}]}}