{"id":616590,"date":"2025-12-22T21:27:20","date_gmt":"2025-12-22T21:27:20","guid":{"rendered":"https:\/\/www.europesays.com\/fr\/616590\/"},"modified":"2025-12-22T21:27:20","modified_gmt":"2025-12-22T21:27:20","slug":"commemoration-en-hommage-a-un-migrant-turc-tue-lors-dune-attaque-neonazie-il-y-a-40-ans","status":"publish","type":"post","link":"https:\/\/www.europesays.com\/fr\/616590\/","title":{"rendered":"comm\u00e9moration en hommage \u00e0 un migrant turc tu\u00e9 lors d&rsquo;une attaque n\u00e9onazie il y a 40 ans"},"content":{"rendered":"<p>AA \/ Berlin \/ Cuneyt Karadag<\/p>\n<p>L&rsquo;Allemagne a comm\u00e9mor\u00e9 lundi le 40e anniversaire de la mort de Ramazan Avci, un migrant turc tu\u00e9 lors d&rsquo;une attaque n\u00e9onazie \u00e0 Hambourg en 1985.<\/p>\n<p>Une c\u00e9r\u00e9monie comm\u00e9morative s&rsquo;est tenue place Ramazan Avci, rebaptis\u00e9e en son honneur. Sa famille, des \u00e9lus locaux, des parlementaires, des repr\u00e9sentants de la soci\u00e9t\u00e9 civile et des proches d&rsquo;autres victimes de violences racistes \u00e9taient pr\u00e9sents.<\/p>\n<p>Berati Alver, consule g\u00e9n\u00e9rale de la T\u00fcrkiye \u00e0 Hambourg, \u00e9tait \u00e9galement pr\u00e9sente.<\/p>\n<p>Avci a \u00e9t\u00e9 attaqu\u00e9 par une trentaine de n\u00e9onazis le 21 d\u00e9cembre 1985.<\/p>\n<p>Il est d\u00e9c\u00e9d\u00e9 des suites de ses blessures \u00e0 l&rsquo;h\u00f4pital. Son assassinat est consid\u00e9r\u00e9 comme l&rsquo;une des premi\u00e8res attaques racistes mortelles contre des migrants dans l&rsquo;Allemagne d&rsquo;apr\u00e8s-guerre.<\/p>\n<p><strong>\u00ab Voyez le racisme\u2026 ne restez pas silencieux \u00bb<\/strong><\/p>\n<p>Lors de l\u2019\u00e9v\u00e9nement, les intervenants ont \u00e9voqu\u00e9 les violences d\u2019extr\u00eame-droite, tant historiques que contemporaines, en Allemagne, mettant en garde contre toute forme de complaisance et appelant \u00e0 une plus grande solidarit\u00e9 avec les victimes du racisme.<\/p>\n<p>La veuve d\u2019Avci, Gulistan Avci, a d\u00e9crit son mari comme une victime de la haine raciste et a exhort\u00e9 la soci\u00e9t\u00e9 \u00e0 prendre position. \u00ab Voyez le racisme, entendez-le et ne restez pas silencieux \u00bb, a-t-elle d\u00e9clar\u00e9.<\/p>\n<p>Unal Zeran, s\u2019exprimant au nom de l\u2019Initiative de comm\u00e9moration de Ramazan Avci, a appel\u00e9 les autorit\u00e9s allemandes \u00e0 reconna\u00eetre officiellement le meurtre comme un crime raciste et \u00e0 pr\u00e9senter des excuses officielles. Il a affirm\u00e9 qu\u2019une telle reconnaissance constituerait une \u00e9tape importante vers la justice et le respect de la m\u00e9moire.<\/p>\n<p>Faruk Arslan, qui a perdu trois membres de sa famille dans un incendie criminel perp\u00e9tr\u00e9 par l\u2019extr\u00eame droite \u00e0 Molln en 1992, a d\u00e9clar\u00e9 \u00e0 l\u2019assembl\u00e9e que la lutte contre le racisme n\u2019est pas la seule responsabilit\u00e9 des victimes et des minorit\u00e9s, mais celle de la soci\u00e9t\u00e9 dans son ensemble.<\/p>\n<p>Le fils d\u2019Avci est n\u00e9 dix jours seulement apr\u00e8s la mort de son p\u00e8re et porte son nom.<\/p>\n<p>L&rsquo;Allemagne a fait l&rsquo;objet d&rsquo;un examen plus approfondi ces derni\u00e8res ann\u00e9es en raison de l&rsquo;extr\u00e9misme de droite et des violences racistes, ce qui a aliment\u00e9 un d\u00e9bat permanent sur la mani\u00e8re dont le pays fait face \u00e0 son pass\u00e9 et prot\u00e8ge aujourd&rsquo;hui les communaut\u00e9s minoritaires.<\/p>\n<p>*Traduit de l\u2019anglais par Ayse Bashoruz<\/p>\n<p>                            &#13;<br \/>\n                                <a href=\"https:\/\/www.aa.com.tr\/fr\/p\/abonnement\/1001\" target=\"_blank\" style=\"font-size:12px; color:#444; text-decoration:none;\" rel=\"noopener\">&#13;<br \/>\n                                    Seulement une partie des d\u00e9p\u00eaches, que l&rsquo;Agence Anadolu diffuse \u00e0 ses abonn\u00e9s via le Syst\u00e8me de Diffusion interne (HAS), est diffus\u00e9e sur le site de l&rsquo;AA, de mani\u00e8re r\u00e9sum\u00e9e. <b style=\"color:#1897F7\">Contactez-nous s&rsquo;il vous pla\u00eet pour vous abonner.<\/b>&#13;<br \/>\n                                <\/a>&#13;<\/p>\n","protected":false},"excerpt":{"rendered":"AA \/ Berlin \/ Cuneyt Karadag L&rsquo;Allemagne a comm\u00e9mor\u00e9 lundi le 40e anniversaire de la mort de Ramazan&hellip;\n","protected":false},"author":2,"featured_media":616591,"comment_status":"","ping_status":"","sticky":false,"template":"","format":"standard","meta":{"footnotes":""},"categories":[1587],"tags":[11,672,1785,1804,1805,1803,1777,674,1801,1900,41068,12,1802],"class_list":{"0":"post-616590","1":"post","2":"type-post","3":"status-publish","4":"format-standard","5":"has-post-thumbnail","7":"category-allemagne","8":"tag-actualites","9":"tag-allemagne","10":"tag-anadolu-ajansi","11":"tag-bundesrepublik-deutschland","12":"tag-de","13":"tag-deutschland","14":"tag-eu","15":"tag-europe","16":"tag-germany","17":"tag-hambourg","18":"tag-neo-nazi","19":"tag-news","20":"tag-republique-federale-dallemagne"},"share_on_mastodon":{"url":"https:\/\/pubeurope.com\/@fr\/115765342661301581","error":""},"_links":{"self":[{"href":"https:\/\/www.europesays.com\/fr\/wp-json\/wp\/v2\/posts\/616590","targetHints":{"allow":["GET"]}}],"collection":[{"href":"https:\/\/www.europesays.com\/fr\/wp-json\/wp\/v2\/posts"}],"about":[{"href":"https:\/\/www.europesays.com\/fr\/wp-json\/wp\/v2\/types\/post"}],"author":[{"embeddable":true,"href":"https:\/\/www.europesays.com\/fr\/wp-json\/wp\/v2\/users\/2"}],"replies":[{"embeddable":true,"href":"https:\/\/www.europesays.com\/fr\/wp-json\/wp\/v2\/comments?post=616590"}],"version-history":[{"count":0,"href":"https:\/\/www.europesays.com\/fr\/wp-json\/wp\/v2\/posts\/616590\/revisions"}],"wp:featuredmedia":[{"embeddable":true,"href":"https:\/\/www.europesays.com\/fr\/wp-json\/wp\/v2\/media\/616591"}],"wp:attachment":[{"href":"https:\/\/www.europesays.com\/fr\/wp-json\/wp\/v2\/media?parent=616590"}],"wp:term":[{"taxonomy":"category","embeddable":true,"href":"https:\/\/www.europesays.com\/fr\/wp-json\/wp\/v2\/categories?post=616590"},{"taxonomy":"post_tag","embeddable":true,"href":"https:\/\/www.europesays.com\/fr\/wp-json\/wp\/v2\/tags?post=616590"}],"curies":[{"name":"wp","href":"https:\/\/api.w.org\/{rel}","templated":true}]}}