{"id":616594,"date":"2025-12-22T21:29:24","date_gmt":"2025-12-22T21:29:24","guid":{"rendered":"https:\/\/www.europesays.com\/fr\/616594\/"},"modified":"2025-12-22T21:29:24","modified_gmt":"2025-12-22T21:29:24","slug":"envoye-special-americain-au-groenland-lue-solidaire-du-danemark-actualites","status":"publish","type":"post","link":"https:\/\/www.europesays.com\/fr\/616594\/","title":{"rendered":"Envoy\u00e9 sp\u00e9cial am\u00e9ricain au Groenland: l&rsquo;UE \u00ab\u00a0solidaire\u00a0\u00bb du Danemark : Actualit\u00e9s"},"content":{"rendered":"<p class=\"lead \">Les responsables de l&rsquo;Union europ\u00e9enne ont exprim\u00e9 lundi leur \u00ab\u00a0pleine solidarit\u00e9 avec le Danemark, apr\u00e8s l&rsquo;annonce par le pr\u00e9sident am\u00e9ricain Donald Trump de la nomination d&rsquo;un envoy\u00e9 sp\u00e9cial pour ce vaste territoire autonome danois qu&rsquo;il a menac\u00e9 d&rsquo;annexer.<\/p>\n<p class=\"lead \">Copenhague a de son c\u00f4t\u00e9 convoqu\u00e9 l&rsquo;ambassadeur des Etats-Unis.<\/p>\n<p class=\"lead \">\u00ab\u00a0Je suis profond\u00e9ment indign\u00e9 par cette nomination et par cette d\u00e9claration, que je trouve totalement inacceptables\u00a0\u00bb, a comment\u00e9 le ministre danois des Affaires \u00e9trang\u00e8res Lars L\u00f8kke Rasmussen dans un entretien avec la cha\u00eene de t\u00e9l\u00e9vision TV2 Danemark.<\/p>\n<p class=\"lead \">\u00ab\u00a0Nous avons convoqu\u00e9 aujourd&rsquo;hui l&rsquo;ambassadeur des Etats-Unis au minist\u00e8re des Affaires \u00e9trang\u00e8res pour une r\u00e9union, avec le repr\u00e9sentant du Groenland, au cours de laquelle nous avons trac\u00e9 tr\u00e8s clairement une ligne rouge et demand\u00e9 \u00e9galement des explications\u00a0\u00bb, a-t-il indiqu\u00e9 plus tard \u00e0 la radio-t\u00e9l\u00e9vision publique DR.<\/p>\n<p class=\"lead \">\u00ab\u00a0Tant que nous avons un royaume au Danemark qui se compose du Danemark, des \u00eeles F\u00e9ro\u00e9 et du Groenland, nous ne pouvons pas accepter que certains sapent notre souverainet\u00e9\u00a0\u00bb, a-t-il pr\u00e9venu.<\/p>\n<p class=\"lead \">\u00ab\u00a0L&rsquo;int\u00e9grit\u00e9 territoriale et la souverainet\u00e9 sont des principes fondamentaux du droit international\u00a0\u00bb, ont quant \u00e0 eux r\u00e9affirm\u00e9 sur X la pr\u00e9sidente de la Commission europ\u00e9enne Ursula von der Leyen et le pr\u00e9sident du Conseil europ\u00e9en Antonio Costa.<\/p>\n<p class=\"lead \">\u00ab\u00a0Ces principes sont essentiels non seulement pour l&rsquo;Union europ\u00e9enne mais aussi pour les nations du monde entier\u00a0\u00bb, ont-ils r\u00e9affirm\u00e9.<\/p>\n<p class=\"lead \">&#8211; \u00ab\u00a0On ne peut pas annexer un autre pays\u00a0\u00bb &#8211;<\/p>\n<p class=\"lead \">Le Premier ministre du Groenland, Jens-Frederik Nielsen, et la Premi\u00e8re ministre danoise, Mette Frederiksen, ont pour leur part rendu publique une d\u00e9claration commune rappelant que \u00ab\u00a0les fronti\u00e8res nationales et la souverainet\u00e9 des Etats sont fond\u00e9es sur le droit international\u00a0\u00bb.<\/p>\n<p class=\"lead \">\u00ab\u00a0On ne peut pas annexer un autre pays. Pas m\u00eame en invoquant la s\u00e9curit\u00e9 internationale\u00a0\u00bb, ont martel\u00e9 les deux chefs de gouvernement, ajoutant attendre \u00ab\u00a0le respect de notre int\u00e9grit\u00e9 territoriale commune\u00a0\u00bb.<\/p>\n<p class=\"lead \">Dans un message sur Facebook adress\u00e9 aux Groenlandais, M. Nielsen a estim\u00e9 que la nomination d&rsquo;un envoy\u00e9 sp\u00e9cial am\u00e9ricain ne changeait \u00ab\u00a0rien pour nous ici chez nous\u00a0\u00bb. \u00ab\u00a0Nous d\u00e9terminerons notre avenir nous-m\u00eames. Le Groenland est notre pays\u00a0\u00bb, a-t-il affirm\u00e9, rappelant que \u00ab\u00a0le Groenland appartient aux Groenlandais\u00a0\u00bb.<\/p>\n<p class=\"lead \"><img decoding=\"async\" class=\"w-100\" src=\"https:\/\/www.europesays.com\/fr\/wp-content\/uploads\/2025\/12\/2275\/actu\/afp-news\/e037bd2e-0578-4674-9001-8da2a6e261b2-2.jpg\" alt=\"\"\/> Le pr\u00e9sident am\u00e9ricain a annonc\u00e9 dimanche la nomination du gouverneur de Louisiane (sud-est des Etats-Unis), le r\u00e9publicain Jeff Landry, au poste d&rsquo;envoy\u00e9 sp\u00e9cial des \u00c9tats-Unis au Groenland.<\/p>\n<p class=\"lead \">\u00ab\u00a0Je suis heureux d&rsquo;annoncer que je nomme le grand gouverneur de Louisiane, Jeff Landry, au poste d&rsquo;envoy\u00e9 sp\u00e9cial des Etats-Unis au Groenland\u00a0\u00bb, a-t-il \u00e9crit sur son r\u00e9seau Truth Social.<\/p>\n<p class=\"lead \">\u00ab\u00a0Jeff comprend \u00e0 quel point le Groenland est essentiel \u00e0 notre s\u00e9curit\u00e9 nationale et il d\u00e9fendra avec force les int\u00e9r\u00eats de notre pays pour la s\u00fbret\u00e9, la s\u00e9curit\u00e9 et la survie de nos alli\u00e9s et, en fait, du monde entier. F\u00e9licitations, Jeff!\u00a0\u00bb<\/p>\n<p class=\"lead \">Apr\u00e8s son \u00e9lection, Donald Trump avait expliqu\u00e9 avoir \u00ab\u00a0besoin\u00a0\u00bb du Groenland, notamment pour la s\u00e9curit\u00e9 des \u00c9tats-Unis, r\u00e9p\u00e9tant \u00e0 plusieurs reprises son souhait de s&rsquo;en emparer.<\/p>\n<p class=\"lead \">Le Groenland, 57.000 habitants, soutenu par sa puissance de tutelle, a r\u00e9torqu\u00e9 ne pas \u00eatre \u00e0 vendre et vouloir d\u00e9cider seul de son avenir.<\/p>\n<p class=\"lead \">&#8211; \u00ab\u00a0Formidable\u00a0\u00bb pour le Groenland &#8211;<\/p>\n<p class=\"lead \">Dans un message publi\u00e9 dimanche sur X, Jeff Landry a remerci\u00e9 M. Trump. \u00ab\u00a0C&rsquo;est un honneur de vous servir b\u00e9n\u00e9volement pour faire du Groenland une partie des Etats-Unis\u00a0\u00bb, a-t-il assur\u00e9, avant de pr\u00e9ciser que sa nomination \u00ab\u00a0n&rsquo;affecte en rien\u00a0\u00bb ses fonctions de gouverneur de la Louisiane.<\/p>\n<p class=\"lead \">M. Landry avait salu\u00e9 en d\u00e9but d&rsquo;ann\u00e9e l&rsquo;intention du pr\u00e9sident am\u00e9ricain d&rsquo;annexer le Groenland. Donald Trump \u00ab\u00a0a tout \u00e0 fait raison!\u00a0\u00bb, avait-il \u00e9crit sur X le 10 janvier. \u00ab\u00a0Nous devons faire en sorte que le Groenland rejoigne les Etats-Unis. Ce serait formidable pour lui, formidable pour nous! Faisons-le!\u00a0\u00bb<\/p>\n<p class=\"lead \">En janvier dernier, 85% des Groenlandais s&rsquo;\u00e9taient dits oppos\u00e9s \u00e0 une future appartenance aux \u00c9tats-Unis, d&rsquo;apr\u00e8s un sondage publi\u00e9 dans le quotidien groenlandais Sermitsiaq. Seuls 6% y \u00e9taient favorables.<\/p>\n<p class=\"lead \">Pour Donald Trump, l&rsquo;attrait du Groenland tient \u00e0 sa richesse en min\u00e9raux et \u00e0 sa position strat\u00e9gique, \u00e0 la crois\u00e9e des oc\u00e9ans Atlantique nord et Arctique.<\/p>\n<p class=\"lead \">Fin mars, le vice-pr\u00e9sident am\u00e9ricain, JD Vance, avait provoqu\u00e9 un toll\u00e9 en pr\u00e9voyant une visite dans cette immense \u00eele arctique sans y avoir \u00e9t\u00e9 invit\u00e9.<\/p>\n<p class=\"lead \">Face \u00e0 l&rsquo;ire d\u00e9clench\u00e9e au Groenland, au Danemark et \u00e0 travers l&rsquo;Europe, il avait limit\u00e9 son d\u00e9placement \u00e0 la base a\u00e9rienne am\u00e9ricaine de Pituffik, la plus septentrionale des \u00c9tats-Unis.<\/p>\n<p class=\"lead \">Il avait profit\u00e9 de son s\u00e9jour pour critiquer l&rsquo;inaction suppos\u00e9e du Danemark au Groenland.<\/p>\n<p class=\"lead \">Fin ao\u00fbt, la t\u00e9l\u00e9vision danoise avait r\u00e9v\u00e9l\u00e9 qu&rsquo;au moins trois Am\u00e9ricains li\u00e9s \u00e0 Donald Trump avaient r\u00e9alis\u00e9 des op\u00e9rations d&rsquo;influence dans ce territoire polaire.<\/p>\n<p class=\"small font-weight-bold text-gray3 \"> publi\u00e9 le 22 d\u00e9cembre \u00e0 21h27, AFP<\/p>\n<p>                             Partager<\/p>\n","protected":false},"excerpt":{"rendered":"Les responsables de l&rsquo;Union europ\u00e9enne ont exprim\u00e9 lundi leur \u00ab\u00a0pleine solidarit\u00e9 avec le Danemark, apr\u00e8s l&rsquo;annonce par le&hellip;\n","protected":false},"author":2,"featured_media":616595,"comment_status":"","ping_status":"","sticky":false,"template":"","format":"standard","meta":{"footnotes":""},"categories":[1586],"tags":[13790,11,145,312,1777,674,1779,1011,27,418,146,8404,12,316,25,1778,364,308],"class_list":{"0":"post-616594","1":"post","2":"type-post","3":"status-publish","4":"format-standard","5":"has-post-thumbnail","7":"category-europe","8":"tag-conomie","9":"tag-actualites","10":"tag-danemark","11":"tag-diplomatie","12":"tag-eu","13":"tag-europe","14":"tag-european-union","15":"tag-fr","16":"tag-france","17":"tag-gouvernement","18":"tag-groenland","19":"tag-mines","20":"tag-news","21":"tag-politique","22":"tag-republique-francaise","23":"tag-ue","24":"tag-union-europeenne","25":"tag-usa"},"share_on_mastodon":{"url":"https:\/\/pubeurope.com\/@fr\/115765351798762093","error":""},"_links":{"self":[{"href":"https:\/\/www.europesays.com\/fr\/wp-json\/wp\/v2\/posts\/616594","targetHints":{"allow":["GET"]}}],"collection":[{"href":"https:\/\/www.europesays.com\/fr\/wp-json\/wp\/v2\/posts"}],"about":[{"href":"https:\/\/www.europesays.com\/fr\/wp-json\/wp\/v2\/types\/post"}],"author":[{"embeddable":true,"href":"https:\/\/www.europesays.com\/fr\/wp-json\/wp\/v2\/users\/2"}],"replies":[{"embeddable":true,"href":"https:\/\/www.europesays.com\/fr\/wp-json\/wp\/v2\/comments?post=616594"}],"version-history":[{"count":0,"href":"https:\/\/www.europesays.com\/fr\/wp-json\/wp\/v2\/posts\/616594\/revisions"}],"wp:featuredmedia":[{"embeddable":true,"href":"https:\/\/www.europesays.com\/fr\/wp-json\/wp\/v2\/media\/616595"}],"wp:attachment":[{"href":"https:\/\/www.europesays.com\/fr\/wp-json\/wp\/v2\/media?parent=616594"}],"wp:term":[{"taxonomy":"category","embeddable":true,"href":"https:\/\/www.europesays.com\/fr\/wp-json\/wp\/v2\/categories?post=616594"},{"taxonomy":"post_tag","embeddable":true,"href":"https:\/\/www.europesays.com\/fr\/wp-json\/wp\/v2\/tags?post=616594"}],"curies":[{"name":"wp","href":"https:\/\/api.w.org\/{rel}","templated":true}]}}