{"id":616610,"date":"2025-12-22T21:44:20","date_gmt":"2025-12-22T21:44:20","guid":{"rendered":"https:\/\/www.europesays.com\/fr\/616610\/"},"modified":"2025-12-22T21:44:20","modified_gmt":"2025-12-22T21:44:20","slug":"lidee-est-detre-dans-leconomie-de-gestes-et-de-moyens-pour-larchitecte-tourangeau","status":"publish","type":"post","link":"https:\/\/www.europesays.com\/fr\/616610\/","title":{"rendered":"\u00ab\u00a0L\u2019id\u00e9e est d\u2019\u00eatre dans l\u2019\u00e9conomie de gestes et de moyens\u00a0\u00bb pour l\u2019architecte tourangeau"},"content":{"rendered":"<p>L\u2019aventure a d\u00e9but\u00e9 en 2008, sur les bords de Loire, \u00e0 trois architectes\u00a0: Ganick Redon, Victor Viot et Jean-Charles Lidell unissent alors leurs noms (leurs initiales) et comp\u00e9tences dans l\u2019Atelier RVL. Quatre ans plus tard, ils investissent la rue de Trianon, dans un b\u00e2timent-cube a\u00e9rien offrant une vie imprenable sur la ville de Tours. C\u2019est toujours ici, jouxtant le cimeti\u00e8re Saint-Symphorien, que se situe le bureau de la soci\u00e9t\u00e9 qui abrite aujourd\u2019hui cinq architectes, un conducteur de travaux et deux assistantes, le tout g\u00e9r\u00e9 d\u00e9sormais par le seul Jean-Charles Lidell.<\/p>\n<p>Ce dernier fut pionnier en construisant il y a plus de vingt ans, avec Ganick Redon, les premi\u00e8res habitations enti\u00e8rement en bois de la r\u00e9gion Centre. Il \u00e9difia sa maison personnelle, compl\u00e8tement innovante pour l\u2019\u00e9poque, \u00ab\u00a0le magickub\u00a0\u00bb, simple et l\u00e9g\u00e8re, mont\u00e9e en cinq jours et recyclant sur place les d\u00e9chets, laur\u00e9ate d\u2019un prix Le Moniteur.<\/p>\n<p><img alt=\"Les bureaux de l\u2019Atelier RVL \u00e0 Saint-Symphorien.\" loading=\"lazy\" width=\"980\" height=\"573\" decoding=\"async\" data-nimg=\"1\" class=\"img-responsive spinner-show \" style=\"color:transparent;background-size:cover;background-position:50% 50%;background-repeat:no-repeat;background-image:url(&quot;data:image\/svg+xml;charset=utf-8,%3Csvg xmlns='http:\/\/www.w3.org\/2000\/svg' viewBox='0 0 980 573'%3E%3Cfilter id='b' color-interpolation-filters='sRGB'%3E%3CfeGaussianBlur stdDeviation='20'\/%3E%3CfeColorMatrix values='1 0 0 0 0 0 1 0 0 0 0 0 1 0 0 0 0 0 100 -1' result='s'\/%3E%3CfeFlood x='0' y='0' width='100%25' height='100%25'\/%3E%3CfeComposite operator='out' in='s'\/%3E%3CfeComposite in2='SourceGraphic'\/%3E%3CfeGaussianBlur stdDeviation='20'\/%3E%3C\/filter%3E%3Cimage width='100%25' height='100%25' x='0' y='0' preserveAspectRatio='none' style='filter: url(%23b);' href='https:\/\/images.lanouvellerepublique.fr\/image\/upload\/t_88w\/f_auto\/69425c1b398a5a4e708b45ef.jpg'\/%3E%3C\/svg%3E&quot;)\"   src=\"https:\/\/www.europesays.com\/fr\/wp-content\/uploads\/2025\/12\/69425c1b398a5a4e708b45ef.jpg\"\/><\/p>\n<p style=\"background-color:#F2F2F2;padding:5px;margin-top:0px;margin-bottom:10px\">Les bureaux de l\u2019Atelier RVL \u00e0 Saint-Symphorien.<br \/> \u00a9 (Photo Aur\u00e9lie Dunouau)<\/p>\n<p>Puis ont suivi des constructions en bois, embl\u00e9matiques de RVL\u00a0: le premier b\u00e2timent \u00e0 \u00e9tage en 2010 au lyc\u00e9e priv\u00e9 de Loches et la premi\u00e8re cantine BBC \u00e0 l\u2019\u00e9cole Dolto de Fondettes. \u00ab\u00a0Pour nous, l\u2019id\u00e9e est toujours d\u2019\u00eatre dans l\u2019\u00e9conomie de gestes et de moyens, \u00e0 la recherche de plus-value d\u2019usages des b\u00e2timents, en utilisant du bois passif et biosourc\u00e9, le tout dans une enveloppe budg\u00e9taire ma\u00eetris\u00e9e\u00a0\u00bb, explique Jean-Charles Lidell, inspir\u00e9 de ses premi\u00e8res ann\u00e9es d\u2019exercice au Qu\u00e9bec apr\u00e8s son dipl\u00f4me d\u2019architecte obtenu \u00e0 Toulouse.<\/p>\n<p>Au fil des ans, l\u2019Atelier RVL s\u2019est fait un nom dans les constructions collectives d\u2019int\u00e9r\u00eat public\u00a0: MJC de Ballan-Mir\u00e9, <a target=\"_self\" href=\"https:\/\/www.lanouvellerepublique.fr\/indre-et-loire\/commune\/chambray-les-tours\/la-maison-de-quartier-est-sortie-de-terre\" rel=\"noopener\">la maison de quartier de la Guignardi\u00e8re<\/a> \u00e0 Chambray-l\u00e8s-Tours et, \u00e0 venir, la r\u00e9habilitation du coll\u00e8ge Pasteur \u00e0 Tours. Un aspect social qui guide \u00e9galement Jean-Charles Lidell dans son choix de projets et ses engagements associatifs comme \u00e0 La Girafe, la Maison de l\u2019Architecte, ou encore les Apprentis d\u2019Auteuil.<\/p>\n<p><img alt=\"Le restaurant scolaire de l\u2019\u00e9cole Dolto de Fondettes.\" loading=\"lazy\" width=\"980\" height=\"573\" decoding=\"async\" data-nimg=\"1\" class=\"img-responsive spinner-show \" style=\"color:transparent;background-size:cover;background-position:50% 50%;background-repeat:no-repeat;background-image:url(&quot;data:image\/svg+xml;charset=utf-8,%3Csvg xmlns='http:\/\/www.w3.org\/2000\/svg' viewBox='0 0 980 573'%3E%3Cfilter id='b' color-interpolation-filters='sRGB'%3E%3CfeGaussianBlur stdDeviation='20'\/%3E%3CfeColorMatrix values='1 0 0 0 0 0 1 0 0 0 0 0 1 0 0 0 0 0 100 -1' result='s'\/%3E%3CfeFlood x='0' y='0' width='100%25' height='100%25'\/%3E%3CfeComposite operator='out' in='s'\/%3E%3CfeComposite in2='SourceGraphic'\/%3E%3CfeGaussianBlur stdDeviation='20'\/%3E%3C\/filter%3E%3Cimage width='100%25' height='100%25' x='0' y='0' preserveAspectRatio='none' style='filter: url(%23b);' href='https:\/\/images.lanouvellerepublique.fr\/image\/upload\/t_88w\/f_auto\/69425c1b3cff0fae578b45b3.jpg'\/%3E%3C\/svg%3E&quot;)\"   src=\"https:\/\/www.europesays.com\/fr\/wp-content\/uploads\/2025\/12\/69425c1b3cff0fae578b45b3.jpg\"\/><\/p>\n<p style=\"background-color:#F2F2F2;padding:5px;margin-top:0px;margin-bottom:10px\">Le restaurant scolaire de l\u2019\u00e9cole Dolto de Fondettes.<br \/> \u00a9 (Photo archives NR)<\/p>\n<p>Si le march\u00e9 du neuf est quasiment \u00e0 l\u2019arr\u00eat dans le logement, l\u2019activit\u00e9 perdure gr\u00e2ce \u00e0 ces chantiers phares, \u00ab\u00a0m\u00eame si les commandes publiques se rar\u00e9fient\u00a0\u00bb, remarque Jean-Charles Lidell. Parti \u00e0 300.000\u00a0\u20ac en 2008, le chiffre d\u2019affaires s\u2019est stabilis\u00e9 autour des 925.000\u00a0\u20ac ces derni\u00e8res ann\u00e9es. Vingt ans apr\u00e8s ses premi\u00e8res constructions bois, Jean-Charles Lidell vient de devenir vice-pr\u00e9sident de Fibois, l\u2019Interprofession de la fili\u00e8re for\u00eat-bois en r\u00e9gion Centre-Val de Loire. Comme une reconnaissance sur le tard.<\/p>\n<p>Atelier RVL<\/p>\n<p>71 bis rue de Trianon, 37100 Tours<\/p>\n<p>Dirigeant\u00a0: Jean-Charles Lidell<\/p>\n<p>Effectif\u00a0: 8 personnes<\/p>\n<p>CA\u00a0: 925.000\u00a0\u20ac en 2024-2025<\/p>\n","protected":false},"excerpt":{"rendered":"L\u2019aventure a d\u00e9but\u00e9 en 2008, sur les bords de Loire, \u00e0 trois architectes\u00a0: Ganick Redon, Victor Viot et&hellip;\n","protected":false},"author":2,"featured_media":616611,"comment_status":"","ping_status":"","sticky":false,"template":"","format":"standard","meta":{"footnotes":""},"categories":[1358],"tags":[1392,1348,1384,1385,1386,58,33,59,436,1011,27,1387,1908,70658,72723,1390],"class_list":{"0":"post-616610","1":"post","2":"type-post","3":"status-publish","4":"format-standard","5":"has-post-thumbnail","7":"category-arts-et-design","8":"tag-a-la-une-local","9":"tag-arts","10":"tag-arts-and-design","11":"tag-arts-et-design","12":"tag-design","13":"tag-divertissement","14":"tag-economie","15":"tag-entertainment","16":"tag-environnement","17":"tag-fr","18":"tag-france","19":"tag-indre-et-loire","20":"tag-logement","21":"tag-top-des-entreprises","22":"tag-top-indre-et-loire","23":"tag-tours"},"share_on_mastodon":{"url":"https:\/\/pubeurope.com\/@fr\/115765410277168647","error":""},"_links":{"self":[{"href":"https:\/\/www.europesays.com\/fr\/wp-json\/wp\/v2\/posts\/616610","targetHints":{"allow":["GET"]}}],"collection":[{"href":"https:\/\/www.europesays.com\/fr\/wp-json\/wp\/v2\/posts"}],"about":[{"href":"https:\/\/www.europesays.com\/fr\/wp-json\/wp\/v2\/types\/post"}],"author":[{"embeddable":true,"href":"https:\/\/www.europesays.com\/fr\/wp-json\/wp\/v2\/users\/2"}],"replies":[{"embeddable":true,"href":"https:\/\/www.europesays.com\/fr\/wp-json\/wp\/v2\/comments?post=616610"}],"version-history":[{"count":0,"href":"https:\/\/www.europesays.com\/fr\/wp-json\/wp\/v2\/posts\/616610\/revisions"}],"wp:featuredmedia":[{"embeddable":true,"href":"https:\/\/www.europesays.com\/fr\/wp-json\/wp\/v2\/media\/616611"}],"wp:attachment":[{"href":"https:\/\/www.europesays.com\/fr\/wp-json\/wp\/v2\/media?parent=616610"}],"wp:term":[{"taxonomy":"category","embeddable":true,"href":"https:\/\/www.europesays.com\/fr\/wp-json\/wp\/v2\/categories?post=616610"},{"taxonomy":"post_tag","embeddable":true,"href":"https:\/\/www.europesays.com\/fr\/wp-json\/wp\/v2\/tags?post=616610"}],"curies":[{"name":"wp","href":"https:\/\/api.w.org\/{rel}","templated":true}]}}