{"id":616614,"date":"2025-12-22T21:47:10","date_gmt":"2025-12-22T21:47:10","guid":{"rendered":"https:\/\/www.europesays.com\/fr\/616614\/"},"modified":"2025-12-22T21:47:10","modified_gmt":"2025-12-22T21:47:10","slug":"ce-moment-chaud-avec-lorie-elle-mest-tombee-dessus","status":"publish","type":"post","link":"https:\/\/www.europesays.com\/fr\/616614\/","title":{"rendered":"ce moment chaud avec Lorie, \u00ab\u00a0Elle m&rsquo;est tomb\u00e9e dessus\u00a0\u00bb &#8230;"},"content":{"rendered":"<p>EN BREF<\/p>\n<ul class=\"bloc_resume_post_list\">\n<li>Les Enfoir\u00e9s ont donn\u00e9 sept concerts \u00e0 Montpellier du 14<br \/>\nau 20 janvier, avec une diffusion pr\u00e9vue en mars sur<br \/>\nTF1.<\/li>\n<li>Lors d\u00a0\u00bbune chor\u00e9graphie, Jenifer a percut\u00e9 Lorie<br \/>\naccidentellement, cr\u00e9ant un moment surprenant et amusant pour le<br \/>\npublic.<\/li>\n<li>La complicit\u00e9 entre Jenifer et Lorie reste intacte malgr\u00e9<br \/>\ncet incident, illustrant la bonne humeur de la troupe des<br \/>\nEnfoir\u00e9s.<\/li>\n<\/ul>\n<p data-start=\"274\" data-end=\"487\">Chaque ann\u00e9e, les concerts des<br \/>\nEnfoir\u00e9s promettent un spectacle millim\u00e9tr\u00e9 au profit des <a href=\"https:\/\/www.telestar.fr\/programme-tv\/fiche\/162185918\/restos-du-coeur\" target=\"_blank\" rel=\"noopener\"><br \/>\nRestos du c\u0153ur<\/a>. Chor\u00e9graphies, \u00e9motions et tubes s\u2019encha\u00eenent<br \/>\ndevant un public conquis, avant <strong>une diffusion en mars 2026<br \/>\nsur TF1.<\/strong><\/p>\n<p data-start=\"489\" data-end=\"690\">Mais cette ann\u00e9e, \u00e0 Montpellier,<br \/>\n<strong>tout ne s\u2019est pas d\u00e9roul\u00e9 exactement comme pr\u00e9vu<\/strong>.<br \/>\nLors d\u2019un tableau tr\u00e8s attendu, un moment aussi surprenant<br \/>\nqu\u2019amusant a marqu\u00e9 les spectateurs pr\u00e9sents dans la salle.<\/p>\n<p>Les Enfoir\u00e9s \u00e0 Montpellier :<br \/>\nune chor\u00e9graphie qui d\u00e9rape<\/p>\n<p data-start=\"749\" data-end=\"1005\"><a href=\"https:\/\/www.telestar.fr\/actu_tv\/les_enfoires\/exclu-mimie-mathy-toujours-aux-enfoires-en-2026-je-pense-quon-va-faire-1748931\" target=\"_blank\" rel=\"noopener\"><br \/>\nLes Enfoir\u00e9s<\/a> ont pos\u00e9 leurs valises \u00e0 Montpellier entre le 14<br \/>\njanvier et ce lundi 20 janvier, avec <strong>pas moins de sept<br \/>\nconcerts programm\u00e9s.<\/strong> Si seuls les derniers sont film\u00e9s<br \/>\npour la t\u00e9l\u00e9vision, les r\u00e9p\u00e9titions grandeur nature r\u00e9servent<br \/>\nparfois des surprises. D&rsquo;ailleurs, <a href=\"https:\/\/www.telestar.fr\/actu_tv\/c-a-vous-liane-foly-persona-non-grata-elle-mitraille-sans-sommation-mademoiselle-lemoine-ne-me-1711723\" target=\"_blank\" rel=\"noopener\"><br \/>\npas question pour Liane Foly de rejoindre la<br \/>\ntroupe&#8230;\u00a0<\/a><\/p>\n<p data-start=\"1007\" data-end=\"1393\">Dans l\u2019un des tableaux,<br \/>\npartag\u00e9 ensuite sur les r\u00e9seaux sociaux, Jenifer et Lorie<br \/>\napparaissent d\u00e9guis\u00e9es en cambrioleuses sur le titre So<br \/>\nwhat de P!nk. Suspendue \u00e0 un c\u00e2ble accroch\u00e9 au plafond de la<br \/>\nSud de France Arena, Jenifer survole la sc\u00e8ne. Mais au cours de la<br \/>\nchor\u00e9graphie, <strong>elle percute assez violemment Lorie au niveau<br \/>\nde la t\u00eate<\/strong>, avant de la toucher \u00e0 nouveau \u00e0 deux<br \/>\nreprises.<\/p>\n<blockquote class=\"twitter-tweet\"><p><a class=\"twitter-link\" rel=\"noindex, nofollow noopener\" href=\"https:\/\/twitter.com\/ForumLorie\/status\/1880625652216541256\" target=\"_blank\"><\/p><\/blockquote>\n<p>Jenifer et Lorie complices&#8230; malgr\u00e9 le choc<\/p>\n<p data-start=\"1441\" data-end=\"1730\">Sur le moment, la sc\u00e8ne<br \/>\nsurprend autant qu\u2019elle amuse. Lorie affiche un sourire complice<br \/>\navec Jenifer, m\u00eame si son visage trahit une vraie surprise face \u00e0<br \/>\ncette collision en plein vol. Heureusement, plus de peur que de<br \/>\nmal. Aucune blessure apparente, et l\u2019\u00e9nergie du tableau reste<br \/>\nintacte.<\/p>\n<p data-start=\"1732\" data-end=\"2049\">Ce n\u2019est d\u2019ailleurs pas la<br \/>\npremi\u00e8re fois que les deux artistes vivent un moment impr\u00e9vu sur<br \/>\nsc\u00e8ne. En 2023, \u00e0 Lyon, Jenifer avait d\u00e9j\u00e0 tr\u00e9buch\u00e9 lors d\u2019un<br \/>\nspectacle des Enfoir\u00e9s. Un souvenir que Lorie avait racont\u00e9 avec<br \/>\nhumour sur les r\u00e9seaux sociaux : <strong>\u00ab\u00a0Qu\u2019est-ce qu\u2019on a ri avec Jen quand elle m\u2019est<br \/>\ntomb\u00e9e dessus\u00a0\u00bb.<\/strong> Preuve que malgr\u00e9 les impr\u00e9vus et les<br \/>\npetits accidents, la bonne humeur et la complicit\u00e9 restent au c\u0153ur<br \/>\nde la troupe des Enfoir\u00e9s. Et parfois, ce sont justement ces<br \/>\nmoments inattendus qui marquent le plus les esprits.<\/p>\n<p><script async src=\"https:\/\/platform.twitter.com\/widgets.js\" charset=\"utf-8\"><\/script><\/p>\n","protected":false},"excerpt":{"rendered":"EN BREF Les Enfoir\u00e9s ont donn\u00e9 sept concerts \u00e0 Montpellier du 14 au 20 janvier, avec une diffusion&hellip;\n","protected":false},"author":2,"featured_media":616615,"comment_status":"","ping_status":"","sticky":false,"template":"","format":"standard","meta":{"footnotes":""},"categories":[1355],"tags":[548,58,59,1011,27,3284,7251,1361,873],"class_list":{"0":"post-616614","1":"post","2":"type-post","3":"status-publish","4":"format-standard","5":"has-post-thumbnail","7":"category-musique","8":"tag-article-simple","9":"tag-divertissement","10":"tag-entertainment","11":"tag-fr","12":"tag-france","13":"tag-jenifer","14":"tag-les-enfoires","15":"tag-music","16":"tag-musique"},"share_on_mastodon":{"url":"https:\/\/pubeurope.com\/@fr\/115765421411842074","error":""},"_links":{"self":[{"href":"https:\/\/www.europesays.com\/fr\/wp-json\/wp\/v2\/posts\/616614","targetHints":{"allow":["GET"]}}],"collection":[{"href":"https:\/\/www.europesays.com\/fr\/wp-json\/wp\/v2\/posts"}],"about":[{"href":"https:\/\/www.europesays.com\/fr\/wp-json\/wp\/v2\/types\/post"}],"author":[{"embeddable":true,"href":"https:\/\/www.europesays.com\/fr\/wp-json\/wp\/v2\/users\/2"}],"replies":[{"embeddable":true,"href":"https:\/\/www.europesays.com\/fr\/wp-json\/wp\/v2\/comments?post=616614"}],"version-history":[{"count":0,"href":"https:\/\/www.europesays.com\/fr\/wp-json\/wp\/v2\/posts\/616614\/revisions"}],"wp:featuredmedia":[{"embeddable":true,"href":"https:\/\/www.europesays.com\/fr\/wp-json\/wp\/v2\/media\/616615"}],"wp:attachment":[{"href":"https:\/\/www.europesays.com\/fr\/wp-json\/wp\/v2\/media?parent=616614"}],"wp:term":[{"taxonomy":"category","embeddable":true,"href":"https:\/\/www.europesays.com\/fr\/wp-json\/wp\/v2\/categories?post=616614"},{"taxonomy":"post_tag","embeddable":true,"href":"https:\/\/www.europesays.com\/fr\/wp-json\/wp\/v2\/tags?post=616614"}],"curies":[{"name":"wp","href":"https:\/\/api.w.org\/{rel}","templated":true}]}}