{"id":616650,"date":"2025-12-22T22:11:17","date_gmt":"2025-12-22T22:11:17","guid":{"rendered":"https:\/\/www.europesays.com\/fr\/616650\/"},"modified":"2025-12-22T22:11:17","modified_gmt":"2025-12-22T22:11:17","slug":"cotes-darmor-son-commentaire-denonciateur-sur-facebook-la-mene-devant-la-justice-le-verdict-est-tombe","status":"publish","type":"post","link":"https:\/\/www.europesays.com\/fr\/616650\/","title":{"rendered":"C\u00f4tes-d&rsquo;Armor. Son commentaire d\u00e9nonciateur sur Facebook l&rsquo;a men\u00e9 devant la justice, le verdict est tomb\u00e9"},"content":{"rendered":"<p>                    Par<br \/>\n        <strong><br \/>\n            <a href=\"https:\/\/actu.fr\/auteur\/journaliste-lechoarmoretargoat\" title=\"Consulter tous les articles de R\u00e9daction Guingamp\" target=\"_blank\" rel=\"noopener\">R\u00e9daction Guingamp<\/a><br \/>\n                    <\/strong><\/p>\n<p>        Publi\u00e9 le<\/p>\n<p>            22 d\u00e9c. 2025 \u00e0 17h11        <\/p>\n<p>Un message post\u00e9 en quelques secondes, sous un faux nom, a d\u00e9clench\u00e9 une affaire judiciaire aux r\u00e9percussions lourdes. Ce jeudi 18\u00a0d\u00e9cembre 2025, \u00e0 Rennes, les juges ont d\u00fb trancher une affaire o\u00f9 r\u00e9seaux sociaux, justice et violences conjugales se croisent.<\/p>\n<p class=\" wall-content\">Le tribunal correctionnel de Rennes a relax\u00e9 ce jeudi 18\u00a0d\u00e9cembre 2025 un habitant de Mordelles (Ille-et-Vilaine) qui \u00e9tait poursuivi pour \u00ab\u2009diffamation\u2009\u00bb \u00e0 l\u2019encontre d\u2019un ing\u00e9nieur du son des C\u00f4tes-d\u2019Armor qui travaillait pour un groupe de musique bretonne.<\/p>\n<p class=\" wall-content\">Le 30\u00a0avril 2025, Anthony XXX avait en fait publi\u00e9 un \u00ab\u2009commentaire\u2009\u00bb sur la \u00ab\u2009page Facebook\u2009\u00bb du groupe cr\u00e9\u00e9 en 1997, qui annon\u00e7ait sa \u00ab\u2009tourn\u00e9e\u2009\u00bb du printemps 2025.<\/p>\n<p class=\" wall-content\">\u00ab\u2009Votre sonorisateur ne fera aucunement partie de cette belle programmation [\u2026] Il serait dommage d\u2019associer une programmation culturelle \u00e0 ce type de comportement ind\u00e9cent, la justice \u00e9tant pass\u00e9e, la condamnation act\u00e9e. \u00c0 vous de vous d\u00e9solidariser\u2009\u00bb, avait notamment \u00e9crit cet habitant de Mordelles sous une \u00ab\u2009fausse identit\u00e9\u2009\u00bb.<\/p>\n<p>\u00ab\u2009Violences psychologiques\u2009\u00bb et \u00ab\u2009menaces de mort\u2009\u00bb<\/p>\n<p class=\" wall-content\">Ce p\u00e8re de famille de 47\u00a0ans faisait pr\u00e9cis\u00e9ment r\u00e9f\u00e9rence \u00e0 la r\u00e9cente condamnation de L. XXX \u2013 qui travaillait alors comme \u00ab\u2009sonorisateur\u2009\u00bb pour ce groupe breton depuis 2019 \u2013 pour des \u00ab\u2009violences psychologiques\u2009\u00bb et des \u00ab\u2009menaces de mort\u2009\u00bb sur son ex-compagne.<br \/>Celui-ci avait finalement \u00e9t\u00e9 \u00ab\u2009\u00e9vinc\u00e9\u2009\u00bb du groupe le 26\u00a0mai 2025, pr\u00e8s d\u2019un mois apr\u00e8s la publication de ce commentaire.<\/p>\n<p class=\" wall-content\">\u00c0 la barre du tribunal correctionnel de Rennes, Anthony XXX a reconnu \u00eatre l\u2019auteur de la publication mais a contest\u00e9 son caract\u00e8re \u00ab\u2009diffamatoire\u2009\u00bb.<\/p>\n<p class=\" wall-content\">Cet architecte de m\u00e9tier a expliqu\u00e9 avoir agi \u00ab\u2009sous le choc\u2009\u00bb car sa femme \u00e9tait la \u00ab\u2009meilleure amie\u2009\u00bb de l\u2019ex-compagne de L. XXX.<\/p>\n<p class=\" wall-content\">Cette derni\u00e8re \u00e9tait d\u2019ailleurs \u00ab\u2009compl\u00e8tement d\u00e9boussol\u00e9e\u2009\u00bb par la \u00ab\u2009r\u00e9action\u2009\u00bb de son ex-conjoint, qui avait qualifi\u00e9 les faits de \u00ab\u2009petite b\u00eatise\u2009\u00bb.<\/p>\n<p>Votre r\u00e9gion, votre actu !<\/p>\n<p>Recevez chaque jour les infos qui comptent pour vous.<\/p>\n<p>\t<a href=\"https:\/\/actu.fr\/newsletter\" class=\"ac-btn ac-btn--corner ac-btn--medium ac-btn--blue800\" target=\"_blank\" rel=\"noopener\">S&rsquo;incrire<\/a><\/p>\n<p class=\" wall-content\">Anthony XXX avait finalement \u00ab\u2009retir\u00e9\u2009\u00bb son commentaire apr\u00e8s avoir \u00e9t\u00e9 \u00ab\u2009suppli\u00e9\u2009\u00bb par la victime\u2009: elle-m\u00eame avait \u00e9t\u00e9 \u00ab\u2009menac\u00e9e\u2009\u00bb par la s\u0153ur de L.XXX.<\/p>\n<p>L\u2019ing\u00e9nieur du son a perdu son \u00ab\u2009travail\u2009\u00bb et ses \u00ab\u2009amis\u2009\u00bb<\/p>\n<p class=\" wall-content\">\u00ab\u2009\u00c0 cette \u00e9poque, j\u2019\u00e9tais le seul sonorisateur du groupe\u2009\u00bb, a expliqu\u00e9 l\u2019ing\u00e9nieur du son, qui a vu Anthony XXX \u00ab\u2009cinq ou six fois\u2009\u00bb dans sa vie.<\/p>\n<p class=\" wall-content\">Le groupe \u2013 qui avait convenu qu\u2019il \u00e9tait plus \u00ab\u2009sage\u2009\u00bb que L. XXX se \u00ab\u2009mette en retrait pendant un certain temps\u2009\u00bb \u2013 a finalement d\u00e9cid\u00e9 de mettre fin \u00e0 sa collaboration avec lui car \u00ab\u2009les musiciens ont eu tr\u00e8s tr\u00e8s peur que \u00e7a prenne des proportions insens\u00e9es\u2009\u00bb. La page Facebook de ce groupe de musique compte en effet \u00ab\u200919\u2009000 abonn\u00e9s\u2009\u00bb.<\/p>\n<p class=\" wall-content\">Les \u00ab\u2009cons\u00e9quences\u2009\u00bb sur la vie de L. XXX ont donc \u00e9t\u00e9 \u00ab\u2009gravissimes\u2009\u00bb et \u00ab\u2009imm\u00e9diates\u2009\u00bb, a insist\u00e9 son avocate.<\/p>\n<p class=\" wall-content\">Anthony XXX s\u2019est pr\u00e9cis\u00e9ment \u00ab\u2009attaqu\u00e9 \u00e0 la seule chose qui lui restait\u2009: son travail\u2009\u00bb, a fustig\u00e9 Me Lucie Marchix.<\/p>\n<p class=\" wall-content\">Depuis la \u00ab\u2009fin de l\u2019\u00e9t\u00e9\u2009\u00bb 2025, \u00ab\u2009plus personne ne veut travailler avec lui\u2009\u00bb et il a aussi perdu \u00ab\u2009des amis et une vie sociale\u2009\u00bb.<\/p>\n<p class=\" wall-content\">L\u2019avocate avait donc r\u00e9clam\u00e9 37\u2009000\u00a0\u20ac de dommages et int\u00e9r\u00eats pour son client.<\/p>\n<p class=\" wall-content\">Reste que le commentaire \u00ab\u2009ne permet pas d\u2019identifier de mani\u00e8re certaine et incontestable\u2009\u00bb L. XXX, qui n\u2019est pas \u00ab\u2009directement identifi\u00e9\u2009\u00bb, avait fait observer l\u2019avocat d\u2019Anthony XXX.<\/p>\n<p class=\" wall-content\">Me Arnaud Bois avait donc plaid\u00e9 la relaxe de son client\u2009: d\u2019ailleurs, l\u2019ing\u00e9nieur du son \u00ab\u2009ne prouve pas qu\u2019il est le seul sonorisateur du groupe \u00e0 partir de 2022\u2009\u00bb et \u00ab\u2009ses pi\u00e8ces tendent m\u00eame \u00e0 prouver le contraire\u2009\u00bb.<\/p>\n<p class=\" wall-content\">Son client\u00a0Anthony XXX a simplement pouss\u00e9 \u00ab\u2009une esp\u00e8ce de cri du c\u0153ur alors que son amie vivait un calvaire\u2009\u00bb.<\/p>\n<p class=\" wall-content\">Et, en tout \u00e9tat de cause, L. XXX est \u00ab\u2009lui-m\u00eame \u00e0 l\u2019origine de ses propres pr\u00e9judices\u2009\u00bb car \u00ab\u2009s\u2019il n\u2019avait pas \u00e9t\u00e9 condamn\u00e9, il n\u2019en serait pas l\u00e0\u2009\u00bb, a conclu l\u2019avocat.<\/p>\n<p class=\" wall-content\">La procureure de la R\u00e9publique s\u2019\u00e9tait elle \u00ab\u2009rapport\u00e9e\u2009\u00bb \u00e0 l\u2019appr\u00e9ciation des juges car elle n\u2019est \u00ab\u2009pas \u00e0 l\u2019origine des poursuites\u2009\u00bb. Le tribunal correctionnel de Rennes a finalement relax\u00e9 Anthony XXX, estimant que son commentaire n\u2019avait \u00ab\u2009pas express\u00e9ment nomm\u00e9\u2009\u00bb L. XXX. Ce dernier devra m\u00eame lui verser 1\u2009000\u00a0\u20ac pour ses frais d\u2019avocat.<\/p>\n<p class=\" wall-content\"><b>RB et GF (PressPepper)<\/b><\/p>\n<p class=\" wall-content\">Personnalisez votre actualit\u00e9 en ajoutant vos villes et m\u00e9dias en favori avec <a href=\"https:\/\/moncompte.actu.fr\" title=\"D\u00e9couvez Mon Actu\" rel=\"nofollow noopener\" data-trk=\"{&quot;cta&quot;:{&quot;action&quot;:&quot;https:\\\/\\\/moncompte.actu.fr&quot;,&quot;category&quot;:&quot;mon compte&quot;,&quot;from&quot;:&quot;article footer&quot;,&quot;name&quot;:&quot;Mon actu&quot;,&quot;type&quot;:&quot;cta&quot;}}\" target=\"_blank\">Mon Actu<\/a>.<\/p>\n","protected":false},"excerpt":{"rendered":"Par R\u00e9daction Guingamp Publi\u00e9 le 22 d\u00e9c. 2025 \u00e0 17h11 Un message post\u00e9 en quelques secondes, sous un&hellip;\n","protected":false},"author":2,"featured_media":616651,"comment_status":"","ping_status":"","sticky":false,"template":"","format":"standard","meta":{"footnotes":""},"categories":[2821],"tags":[1111,11,829,1777,674,1011,27,12,584,25,104,3382],"class_list":{"0":"post-616650","1":"post","2":"type-post","3":"status-publish","4":"format-standard","5":"has-post-thumbnail","7":"category-rennes","8":"tag-actu","9":"tag-actualites","10":"tag-bretagne","11":"tag-eu","12":"tag-europe","13":"tag-fr","14":"tag-france","15":"tag-news","16":"tag-rennes","17":"tag-republique-francaise","18":"tag-societe","19":"tag-tribunal-administratif-de-rennes"},"share_on_mastodon":{"url":"https:\/\/pubeurope.com\/@fr\/115765515808227782","error":""},"_links":{"self":[{"href":"https:\/\/www.europesays.com\/fr\/wp-json\/wp\/v2\/posts\/616650","targetHints":{"allow":["GET"]}}],"collection":[{"href":"https:\/\/www.europesays.com\/fr\/wp-json\/wp\/v2\/posts"}],"about":[{"href":"https:\/\/www.europesays.com\/fr\/wp-json\/wp\/v2\/types\/post"}],"author":[{"embeddable":true,"href":"https:\/\/www.europesays.com\/fr\/wp-json\/wp\/v2\/users\/2"}],"replies":[{"embeddable":true,"href":"https:\/\/www.europesays.com\/fr\/wp-json\/wp\/v2\/comments?post=616650"}],"version-history":[{"count":0,"href":"https:\/\/www.europesays.com\/fr\/wp-json\/wp\/v2\/posts\/616650\/revisions"}],"wp:featuredmedia":[{"embeddable":true,"href":"https:\/\/www.europesays.com\/fr\/wp-json\/wp\/v2\/media\/616651"}],"wp:attachment":[{"href":"https:\/\/www.europesays.com\/fr\/wp-json\/wp\/v2\/media?parent=616650"}],"wp:term":[{"taxonomy":"category","embeddable":true,"href":"https:\/\/www.europesays.com\/fr\/wp-json\/wp\/v2\/categories?post=616650"},{"taxonomy":"post_tag","embeddable":true,"href":"https:\/\/www.europesays.com\/fr\/wp-json\/wp\/v2\/tags?post=616650"}],"curies":[{"name":"wp","href":"https:\/\/api.w.org\/{rel}","templated":true}]}}