{"id":616654,"date":"2025-12-22T22:13:27","date_gmt":"2025-12-22T22:13:27","guid":{"rendered":"https:\/\/www.europesays.com\/fr\/616654\/"},"modified":"2025-12-22T22:13:27","modified_gmt":"2025-12-22T22:13:27","slug":"pendant-3-jours-un-cirque-surprenant-invite-strasbourg-au-vaisseau","status":"publish","type":"post","link":"https:\/\/www.europesays.com\/fr\/616654\/","title":{"rendered":"pendant 3 jours, un \u00ab\u00a0cirque surprenant \u00bb invite Strasbourg au Vaisseau"},"content":{"rendered":"<p>    <img loading=\"lazy\" width=\"1800\" height=\"900\" src=\"https:\/\/www.europesays.com\/fr\/wp-content\/uploads\/2025\/11\/jeanne-callthepolice.jpg\" class=\"attachment-full size-full\" alt=\"\" id=\"imageLove\" decoding=\"async\"  \/><\/p>\n<p id=\"breadcrumbs\"><a href=\"https:\/\/pokaa.fr\/\" target=\"_blank\" rel=\"noopener\">Accueil<\/a> \/ <a href=\"https:\/\/pokaa.fr\/categories\/ses-sorties\/\" target=\"_blank\" rel=\"noopener\">Sorties<\/a> \/ Magie et illusion : pendant 3 jours, un \u00ab\u00a0cirque surprenant \u00bb invite Strasbourg au Vaisseau<\/p>\n<p>                    Sorties<\/p>\n<p><strong>Dig\u00e9rer les repas de No\u00ebl devant un spectacle familial \u00e0 Strasbourg ? C\u2019est possible au Vaisseau ! Pour s\u2019occuper durant l\u2019entre-deux-f\u00eates et prolonger la magie, la compagnie Longshow ram\u00e8ne sa fraise. Au programme : un show solo par Nicolas Longuechaud, entre science et r\u00eave, sous le nom d\u2019Opticirque, les 26, 27 et 28 d\u00e9cembre. On vous donne les infos. <\/strong><\/p>\n<p><strong>Toute l\u2019ann\u00e9e, le Vaisseau accueille enfants, ados et adultes \u00e0 Strasbourg, pour montrer comment notre monde fonctionne<\/strong>. Corps humain, optique, physique, mouvements et machines\u2026 Le principe, <strong>c\u2019est la science pour toutes et tous,<\/strong> \u00e0 travers des installations immersives.<\/p>\n<p>                <a href=\"https:\/\/pokaa.fr\/2025\/10\/20\/la-science-a-portee-de-main-strasbourg-le-vaisseau-celebre-20-ans-de-curiosite\/\" target=\"_blank\" rel=\"noopener\"><br \/>\n                    <img width=\"450\" height=\"270\" src=\"https:\/\/www.europesays.com\/fr\/wp-content\/uploads\/2025\/12\/le-vaisseau-11-450x270.jpg\" class=\"attachment-card-horizontal--same-subject size-card-horizontal--same-subject wp-post-image\" alt=\"\" decoding=\"async\" loading=\"lazy\"\/>                <\/a><\/p>\n<p>                <img width=\"750\" height=\"500\" src=\"https:\/\/www.europesays.com\/fr\/wp-content\/uploads\/2025\/10\/le-vaisseau-8-750x500.jpg\" class=\"attachment-gallery size-gallery\" alt=\"Le Vaisseau (8)\" data-full-url=\"https:\/\/pokaa.fr\/wp-content\/uploads\/2025\/10\/17\/le-vaisseau-8-1500x1000.jpg\" decoding=\"async\" loading=\"lazy\"  \/>            <\/p>\n<p>                <img width=\"750\" height=\"500\" src=\"https:\/\/www.europesays.com\/fr\/wp-content\/uploads\/2025\/10\/le-vaisseau-13-750x500.jpg\" class=\"attachment-gallery size-gallery\" alt=\"Le Vaisseau (13)\" data-full-url=\"https:\/\/pokaa.fr\/wp-content\/uploads\/2025\/10\/17\/le-vaisseau-13-1500x1000.jpg\" decoding=\"async\" loading=\"lazy\"  \/>            <\/p>\n<p>                    \u00a9 Marie Goehner-David \/ Pokaa<\/p>\n<p>Pour finir l\u2019ann\u00e9e en beaut\u00e9, c\u2019est sous la forme d\u2019un spectacle que vous pourrez exp\u00e9rimenter des ph\u00e9nom\u00e8nes surprenants. <strong>Le show Opticirque d\u00e9barque en ville : de la science, mais aussi de la po\u00e9sie et de la magie.<\/strong><\/p>\n<p>    <img width=\"600\" height=\"600\" src=\"https:\/\/www.europesays.com\/fr\/wp-content\/uploads\/2025\/12\/595739770-1280537810784993-678025632204775187-n-600x600.jpg\" class=\"attachment-image-size-M size-image-size-M\" alt=\"vaisseau  Opticirque\" decoding=\"async\" loading=\"lazy\"  \/>         \u00a9 Guillaume Bal\u00e8s &#8211; Page Facebook du Vaisseau \/ Capture d&rsquo;\u00e9cran <\/p>\n<p>Lanceur de couteaux, dompteur, vendeur de popcorn : un seul artiste, plusieurs personnages<\/p>\n<p>Pour ce spectacle, <a href=\"https:\/\/www.instagram.com\/nicolaslongshow\/\" target=\"_blank\" rel=\"noopener\"><strong>Nicolas Longuechaud <\/strong><\/a>nous propose son cirque bien \u00e0 lui. En incarnant <strong>diff\u00e9rents personnages durant 30 minutes, <\/strong>il nous invite \u00e0 d\u00e9couvrir tout un tas de ph\u00e9nom\u00e8nes surprenants.<\/p>\n<p><strong>D\u00e9cupler ses mains ou ramollir le m\u00e9tal le plus dur ? Rien n\u2019est impossible pour lui.<\/strong><\/p>\n<p>                <img width=\"333\" height=\"500\" src=\"https:\/\/www.europesays.com\/fr\/wp-content\/uploads\/2025\/12\/opticirque-longshow-3-333x500.png\" class=\"attachment-gallery size-gallery\" alt=\"Opticirque longshow (3)\" data-full-url=\"https:\/\/pokaa.fr\/wp-content\/uploads\/2025\/12\/18\/opticirque-longshow-3.png\" decoding=\"async\" loading=\"lazy\"  \/>            <\/p>\n<p>                <img width=\"760\" height=\"500\" src=\"https:\/\/www.europesays.com\/fr\/wp-content\/uploads\/2025\/12\/opticirque-longshow-2-760x500.png\" class=\"attachment-gallery size-gallery\" alt=\"Opticirque longshow (2)\" data-full-url=\"https:\/\/pokaa.fr\/wp-content\/uploads\/2025\/12\/18\/opticirque-longshow-2.png\" decoding=\"async\" loading=\"lazy\"  \/>            <\/p>\n<p>                <img width=\"753\" height=\"500\" src=\"https:\/\/www.europesays.com\/fr\/wp-content\/uploads\/2025\/12\/opticirque-longshow-1-753x500.png\" class=\"attachment-gallery size-gallery\" alt=\"Opticirque longshow (1)\" data-full-url=\"https:\/\/pokaa.fr\/wp-content\/uploads\/2025\/12\/18\/opticirque-longshow-1.png\" decoding=\"async\" loading=\"lazy\"  \/>            <\/p>\n<p>                    \u00a9 Site web d&rsquo;Opticirque \/ Capture d&rsquo;\u00e9cran<\/p>\n<p><strong>M\u00ealant mime et manipulations optiques,<\/strong> le spectacle invite petit(e)s et grand(e)s \u00e0 r\u00eaver, \u00e0 (re)d\u00e9couvrir un monde qu\u2019on pensait pourtant bien conna\u00eetre gr\u00e2ce \u00e0 l\u2019illusion. Alors, vous venez ?<\/p>\n<p><strong><a href=\"https:\/\/www.levaisseau.com\/participer-a-notre-offre-culturelle\/evenement\/opticirque\/\" target=\"_blank\" rel=\"noopener\">Pour r\u00e9server, c\u2019est par ici !<\/a><\/strong><\/p>\n<p>            \u00ab\u00a0Opticirque \u00bb au Vaisseau<\/p>\n<p>            Quoi ? <\/p>\n<p>Spectacle par la compagnie Longshow<\/p>\n<p>                Quand ?<\/p>\n<p>Le vendredi 26, samedi 27 et dimanche 28 d\u00e9cembre, de 16h \u00e0 16h45<\/p>\n<p>            o\u00f9 ?<\/p>\n<p>Le Vaisseau, 1bis rue Philippe-Dollinger, \u00e0 Strasbourg<\/p>\n<p>                Plus d&rsquo;infos ?<\/p>\n<p><a href=\"https:\/\/www.levaisseau.com\/participer-a-notre-offre-culturelle\/evenement\/opticirque\/\" target=\"_blank\" rel=\"noopener\">Site web du Vaisseau (r\u00e9servation obligatoire)<\/a><br \/><a href=\"https:\/\/www.longshow.net\/site_1\/spectacles\/Pages\/Opticirque.html#18\" target=\"_blank\" rel=\"noopener\">Pr\u00e9sentation du spectacle Opticirque<\/a><br \/><a href=\"https:\/\/www.instagram.com\/nicolaslongshow\/\" target=\"_blank\" rel=\"noopener\">Page Instagram de Nicolas Longuechaud<\/a><br \/><a href=\"https:\/\/www.facebook.com\/leVaisseau67\/posts\/-spectacle-opticirque-au-vaisseau-pr%C3%A9parez-vous-%C3%A0-plonger-dans-un-univers-o%C3%B9-tou\/1284909903681117\/\" target=\"_blank\" rel=\"noopener\">Page Facebook de l\u2019\u00e9v\u00e9nement<\/a><\/p>\n<p><strong>Tarifs<\/strong><\/p>\n<p>\u2022 Spectacle seul : 9 \u20ac<\/p>\n<p>\u2022 Billet combin\u00e9 (entr\u00e9e au Vaisseau + spectacle) : 12 \u20ac<\/p>\n<p>\u2022 Tarif abonn\u00e9 : 5,5 \u20ac<\/p>\n<p>    <img width=\"800\" height=\"534\" src=\"https:\/\/www.europesays.com\/fr\/wp-content\/uploads\/2025\/07\/dsc-6655-800x534.jpg\" class=\"attachment-image-size-L size-image-size-L\" alt=\"le vaisseau\" decoding=\"async\" loading=\"lazy\"  \/>         \u00a9 Alban Hefti &#8211; Strasbourg Eurom\u00e9tropole \/ Capture d&rsquo;\u00e9cran <\/p>\n<p><script async src=\"\/\/www.instagram.com\/embed.js\"><\/script><\/p>\n","protected":false},"excerpt":{"rendered":"Accueil \/ Sorties \/ Magie et illusion : pendant 3 jours, un \u00ab\u00a0cirque surprenant \u00bb invite Strasbourg au&hellip;\n","protected":false},"author":2,"featured_media":616655,"comment_status":"","ping_status":"","sticky":false,"template":"","format":"standard","meta":{"footnotes":""},"categories":[2820],"tags":[1111,11,5398,1777,674,1011,27,775,38346,12,25,640],"class_list":{"0":"post-616654","1":"post","2":"type-post","3":"status-publish","4":"format-standard","5":"has-post-thumbnail","7":"category-strasbourg","8":"tag-actu","9":"tag-actualites","10":"tag-cirque","11":"tag-eu","12":"tag-europe","13":"tag-fr","14":"tag-france","15":"tag-grand-est","16":"tag-le-vaisseau","17":"tag-news","18":"tag-republique-francaise","19":"tag-strasbourg"},"share_on_mastodon":{"url":"https:\/\/pubeurope.com\/@fr\/115765526585801917","error":""},"_links":{"self":[{"href":"https:\/\/www.europesays.com\/fr\/wp-json\/wp\/v2\/posts\/616654","targetHints":{"allow":["GET"]}}],"collection":[{"href":"https:\/\/www.europesays.com\/fr\/wp-json\/wp\/v2\/posts"}],"about":[{"href":"https:\/\/www.europesays.com\/fr\/wp-json\/wp\/v2\/types\/post"}],"author":[{"embeddable":true,"href":"https:\/\/www.europesays.com\/fr\/wp-json\/wp\/v2\/users\/2"}],"replies":[{"embeddable":true,"href":"https:\/\/www.europesays.com\/fr\/wp-json\/wp\/v2\/comments?post=616654"}],"version-history":[{"count":0,"href":"https:\/\/www.europesays.com\/fr\/wp-json\/wp\/v2\/posts\/616654\/revisions"}],"wp:featuredmedia":[{"embeddable":true,"href":"https:\/\/www.europesays.com\/fr\/wp-json\/wp\/v2\/media\/616655"}],"wp:attachment":[{"href":"https:\/\/www.europesays.com\/fr\/wp-json\/wp\/v2\/media?parent=616654"}],"wp:term":[{"taxonomy":"category","embeddable":true,"href":"https:\/\/www.europesays.com\/fr\/wp-json\/wp\/v2\/categories?post=616654"},{"taxonomy":"post_tag","embeddable":true,"href":"https:\/\/www.europesays.com\/fr\/wp-json\/wp\/v2\/tags?post=616654"}],"curies":[{"name":"wp","href":"https:\/\/api.w.org\/{rel}","templated":true}]}}