{"id":616702,"date":"2025-12-22T22:47:14","date_gmt":"2025-12-22T22:47:14","guid":{"rendered":"https:\/\/www.europesays.com\/fr\/616702\/"},"modified":"2025-12-22T22:47:14","modified_gmt":"2025-12-22T22:47:14","slug":"la-petite-maison-dans-la-prairie-karen-grassle-a-eu-peur-que-cette-intrigue-sur-caroline-ruine-sa-carriere","status":"publish","type":"post","link":"https:\/\/www.europesays.com\/fr\/616702\/","title":{"rendered":"La Petite Maison dans la prairie : Karen Grassle a eu peur que cette intrigue sur Caroline \u00ab\u00a0ruine sa carri\u00e8re\u00a0\u00bb"},"content":{"rendered":"<p>Karen Grassle n&rsquo;est pas du genre \u00e0 tourner autour du pot. Celle qui interpr\u00e9tait Caroline Ingalls dans La Petite Maison dans la prairie a confi\u00e9 avoir d\u00e9test\u00e9 cette intrigue pour son personnage et avoir eu peur que celle-ci nuise \u00e0 sa carri\u00e8re. <\/p>\n<p>Apr\u00e8s une apparition dans Gunsmoke et quelques r\u00f4les dans des t\u00e9l\u00e9films, la vie de Karen Grassle a vraiment chang\u00e9 lorsqu&rsquo;elle est devenue l&rsquo;un des personnages principaux de La Petite Maison dans la prairie. Face \u00e0 <a href=\"https:\/\/www.programme-tv.net\/news\/evenement\/podcasts-emissions\/231448-la-petite-maison-dans-la-prairie-le-realisateur-michael-landon-naurait-pas-du-jouer-dans-la-serie\/\" data-api-deeplink=\"teleloisirs:\/\/news\/231448\" target=\"_blank\" rel=\"noopener\">Michael Landon, qui \u00e9tait aussi le cr\u00e9ateur de la s\u00e9rie<\/a>, la com\u00e9dienne a incarn\u00e9<a href=\"https:\/\/www.programme-tv.net\/news\/series-tv\/387334-la-petite-maison-dans-la-prairie-lune-des-meres-de-tele-les-plus-aimees-les-retrouvailles-emouvantes-de-ces-deux-acteurs-vont-vous-donner-des-frissons\/\" data-api-deeplink=\"teleloisirs:\/\/news\/387334\" target=\"_blank\" rel=\"noopener\"> son \u00e9pouse et m\u00e8re de ses enfants, Caroline Ingalls<\/a>. Un r\u00f4le qu&rsquo;elle a conserv\u00e9 jusqu&rsquo;\u00e0 la fin de la s\u00e9rie, en mars 1983. Des ann\u00e9es apr\u00e8s la fin de La Petite Maison dans la prairie, disponible sur M6+, Karen Grassle se laisse souvent aller \u00e0 <a href=\"https:\/\/www.programme-tv.net\/news\/series-tv\/394518-je-ressentais-tellement-de-rancoeur-de-colere-et-de-douleur-une-celebre-actrice-de-la-petite-maison-dans-la-prairie-evoque-sa-relation-tendue-avec-michael-landon\/\" data-api-deeplink=\"teleloisirs:\/\/news\/394518\" target=\"_blank\" rel=\"noopener\">des confidences sur les coulisses parfois peu reluisantes de la s\u00e9rie<\/a>, mais aussi sur <a href=\"https:\/\/www.programme-tv.net\/news\/series-tv\/355154-la-petite-maison-dans-la-prairie-cet-episode-cher-au-coeur-de-karen-grassle-caroline-ingalls-est-inspire-dune-histoire-vraie\/\" data-api-deeplink=\"teleloisirs:\/\/news\/355154\" target=\"_blank\" rel=\"noopener\">ses nombreuses intrigues<\/a>.<\/p>\n<p>Lors d&rsquo;un r\u00e9cent \u00e9v\u00e9nement organis\u00e9 en Californie pour le 50\u1d49\u00a0anniversaire de La Petite Maison dans la prairie, Karen Grassle a fait des confidences sur une intrigue qui l&rsquo;avait particuli\u00e8rement agac\u00e9e. Dans le 20\u1d49\u00a0\u00e9pisode de la saison 7, intitul\u00e9 Les Noces, Laura est enceinte et Caroline croit l&rsquo;\u00eatre aussi apr\u00e8s avoir remarqu\u00e9 certains signes r\u00e9v\u00e9lateurs. Mais le Dr\u00a0Baker lui apprend qu&rsquo;il s&rsquo;agit en fait de la m\u00e9nopause. Cela la d\u00e9vaste car elle esp\u00e9rait donner naissance \u00e0 un gar\u00e7on pour Charles. Elle tait dans un premier temps la nouvelle \u00e0 son mari, craignant d&rsquo;\u00eatre devenue sans valeur pour lui. Sous la pression de son m\u00e9decin, elle explique \u00e0 son mari qu&rsquo;elle a perdu le b\u00e9b\u00e9, mais ce dernier finit par apprendre la v\u00e9rit\u00e9 de la bouche du Dr Baker. \u00ab\u00a0Ils ont \u00e9crit que Ma n&rsquo;avait plus ses r\u00e8gles et qu&rsquo;elle pensait \u00eatre enceinte, puis ils ont \u00e9crit que non, elle \u00e9tait en pleine m\u00e9nopause. Je me suis dit : &lsquo;C&rsquo;est une blague !&rsquo; Ils ont \u00e9crit que mon but dans la vie disparaissait, et je me suis dit : &lsquo;Non, non&rsquo;. Donner naissance est une chose merveilleuse, mais quand m\u00eame\u00a0\u00bb, a-t-elle d\u00e9clar\u00e9 au sujet de cette intrigue sur son personnage.<\/p>\n<p>                        <b>La Petite Maison dans la prairie<\/b><b> : voici pourquoi Karen Grassle pensait que cette intrigue<\/b><b> <\/b><b>allait nuire \u00e0 sa carri\u00e8re<\/b><\/p>\n<p>\u00c2g\u00e9e de seulement 39 ans au moment de la diffusion de l&rsquo;\u00e9pisode sur la cha\u00eene NBC, Karen Grassle craignait que cette intrigue ne \u00ab\u00a0ruine sa carri\u00e8re\u00a0\u00bb. Et pour cause, elle a avou\u00e9 avoir eu du mal \u00e0 interpr\u00e9ter son personnage \u00e0 ce moment-l\u00e0 de sa vie. \u00ab\u00a0C&rsquo;\u00e9tait difficile pour moi de m&rsquo;investir pleinement dans la sc\u00e8ne. Je n&rsquo;ai jamais eu le sentiment d&rsquo;avoir bien jou\u00e9\u2026 J&rsquo;\u00e9tais tellement critique. C&rsquo;\u00e9tait compliqu\u00e9. C&rsquo;est int\u00e9ressant qu&rsquo;ils aient fait ce choix\u00a0\u00bb, a-t-elle confi\u00e9.<\/p>\n<p>Article \u00e9crit en collaboration avec 6M\u00e9dias<\/p>\n","protected":false},"excerpt":{"rendered":"Karen Grassle n&rsquo;est pas du genre \u00e0 tourner autour du pot. Celle qui interpr\u00e9tait Caroline Ingalls dans La&hellip;\n","protected":false},"author":2,"featured_media":616703,"comment_status":"","ping_status":"","sticky":false,"template":"","format":"standard","meta":{"footnotes":""},"categories":[1586],"tags":[5635,11,244,1777,674,1779,1011,27,72726,42067,12,10395,25,10396,129,1778,364],"class_list":{"0":"post-616702","1":"post","2":"type-post","3":"status-publish","4":"format-standard","5":"has-post-thumbnail","7":"category-europe","8":"tag-6play","9":"tag-actualites","10":"tag-commentaire","11":"tag-eu","12":"tag-europe","13":"tag-european-union","14":"tag-fr","15":"tag-france","16":"tag-karen-grassle","17":"tag-la-petite-maison-dans-la-prairie","18":"tag-news","19":"tag-pub-streaming","20":"tag-republique-francaise","21":"tag-su00e9ries-nostalgie","22":"tag-svod","23":"tag-ue","24":"tag-union-europeenne"},"share_on_mastodon":{"url":"https:\/\/pubeurope.com\/@fr\/115765657229667868","error":""},"_links":{"self":[{"href":"https:\/\/www.europesays.com\/fr\/wp-json\/wp\/v2\/posts\/616702","targetHints":{"allow":["GET"]}}],"collection":[{"href":"https:\/\/www.europesays.com\/fr\/wp-json\/wp\/v2\/posts"}],"about":[{"href":"https:\/\/www.europesays.com\/fr\/wp-json\/wp\/v2\/types\/post"}],"author":[{"embeddable":true,"href":"https:\/\/www.europesays.com\/fr\/wp-json\/wp\/v2\/users\/2"}],"replies":[{"embeddable":true,"href":"https:\/\/www.europesays.com\/fr\/wp-json\/wp\/v2\/comments?post=616702"}],"version-history":[{"count":0,"href":"https:\/\/www.europesays.com\/fr\/wp-json\/wp\/v2\/posts\/616702\/revisions"}],"wp:featuredmedia":[{"embeddable":true,"href":"https:\/\/www.europesays.com\/fr\/wp-json\/wp\/v2\/media\/616703"}],"wp:attachment":[{"href":"https:\/\/www.europesays.com\/fr\/wp-json\/wp\/v2\/media?parent=616702"}],"wp:term":[{"taxonomy":"category","embeddable":true,"href":"https:\/\/www.europesays.com\/fr\/wp-json\/wp\/v2\/categories?post=616702"},{"taxonomy":"post_tag","embeddable":true,"href":"https:\/\/www.europesays.com\/fr\/wp-json\/wp\/v2\/tags?post=616702"}],"curies":[{"name":"wp","href":"https:\/\/api.w.org\/{rel}","templated":true}]}}