{"id":616704,"date":"2025-12-22T22:48:13","date_gmt":"2025-12-22T22:48:13","guid":{"rendered":"https:\/\/www.europesays.com\/fr\/616704\/"},"modified":"2025-12-22T22:48:13","modified_gmt":"2025-12-22T22:48:13","slug":"georgette-lemaire-une-voix-des-annees-1960-sest-eteinte-a-82-ans","status":"publish","type":"post","link":"https:\/\/www.europesays.com\/fr\/616704\/","title":{"rendered":"Georgette Lemaire, une voix des ann\u00e9es 1960, s&rsquo;est \u00e9teinte \u00e0 82 ans"},"content":{"rendered":"<p>Georgette Lemaire, figure de la chanson fran\u00e7aise qui connut ses heures de gloire dans les ann\u00e9es 1960 avec notamment le titre \u00ab\u00a0Vous \u00e9tiez belle, madame\u00a0\u00bb, est d\u00e9c\u00e9d\u00e9e dimanche \u00e0 l&rsquo;\u00e2ge de 82 ans, a annonc\u00e9 son fils.<\/p>\n<p>Georgette Lemaire est d\u00e9c\u00e9d\u00e9e \u00e0 la Maison des artistes de Nogent-sur-Marne, a pr\u00e9cis\u00e9 son fils. N\u00e9e Georgette Kibleur, elle a commenc\u00e9 par se produire dans un caf\u00e9-concert parisien, rappelle le label Universal sur son site internet.<\/p>\n<p>Elle s&rsquo;inscrit en 1965 \u00e0 l&rsquo;\u00e9mission de t\u00e9l\u00e9crochet \u00ab\u00a0Le Jeu de la chance\u00a0\u00bb o\u00f9 elle arrive ex-\u00e6quo avec Mireille Mathieu. Puis elle enregistre \u00ab\u00a0A faire l&rsquo;amour sans amour\u00a0\u00bb, \u00ab\u00a0Le Coeur d\u00e9saccord\u00e9\u00a0\u00bb et \u00ab\u00a0Et si c&rsquo;\u00e9tait vrai\u00a0\u00bb, les succ\u00e8s de son premier album en 1966.<\/p>\n<p>Contenu externe<\/p>\n<p> Ce contenu externe ne peut pas \u00eatre affich\u00e9 car il est susceptible de collecter des donn\u00e9es personnelles. Pour voir ce contenu vous devez autoriser la cat\u00e9gorie <strong>R\u00e9seaux sociaux<\/strong>. <\/p>\n<p> Accepter Plus d&rsquo;info <\/p>\n<p>\u00ab\u00a0Vous \u00e9tiez belle, madame\u00a0\u00bb, sign\u00e9 Pascal Sevran en 1968, est son plus grand succ\u00e8s. La chanteuse aussi \u00ab\u00a0Des millions d&rsquo;amoureux\u00a0\u00bb (1969) ou \u00ab\u00a0Demain sera diff\u00e9rent\u00a0\u00bb, chanson du film \u00ab\u00a0Le Professeur\u00a0\u00bb (1972) avec Alain Delon.<\/p>\n<p>En 2009, elle fait para\u00eetre \u00ab\u00a0Inoubliable\u00a0\u00bb, avec des titres in\u00e9dits, et participe \u00e0 la tourn\u00e9e Age tendre et T\u00eates de bois.<\/p>\n<p class=\"sources\">afp\/boi<\/p>\n","protected":false},"excerpt":{"rendered":"Georgette Lemaire, figure de la chanson fran\u00e7aise qui connut ses heures de gloire dans les ann\u00e9es 1960 avec&hellip;\n","protected":false},"author":2,"featured_media":616705,"comment_status":"","ping_status":"","sticky":false,"template":"","format":"standard","meta":{"footnotes":""},"categories":[2],"tags":[11,5960,1693,1000,1695,251,38031,1011,27,72713,19707,873,1698,12,3436,72715,25,104,6006,17938],"class_list":{"0":"post-616704","1":"post","2":"type-post","3":"status-publish","4":"format-standard","5":"has-post-thumbnail","7":"category-actualites","8":"tag-actualites","9":"tag-alain-delon","10":"tag-arts-et-divertissement","11":"tag-celebrites","12":"tag-chanson","13":"tag-culture","14":"tag-fin-de-vie-et-mort","15":"tag-fr","16":"tag-france","17":"tag-georgette-lemaire","18":"tag-mireille-mathieu","19":"tag-musique","20":"tag-musiques","21":"tag-news","22":"tag-nogent-sur-marne","23":"tag-pascal-sevran","24":"tag-republique-francaise","25":"tag-societe","26":"tag-succes","27":"tag-valeurs"},"share_on_mastodon":{"url":"https:\/\/pubeurope.com\/@fr\/115765661208656571","error":""},"_links":{"self":[{"href":"https:\/\/www.europesays.com\/fr\/wp-json\/wp\/v2\/posts\/616704","targetHints":{"allow":["GET"]}}],"collection":[{"href":"https:\/\/www.europesays.com\/fr\/wp-json\/wp\/v2\/posts"}],"about":[{"href":"https:\/\/www.europesays.com\/fr\/wp-json\/wp\/v2\/types\/post"}],"author":[{"embeddable":true,"href":"https:\/\/www.europesays.com\/fr\/wp-json\/wp\/v2\/users\/2"}],"replies":[{"embeddable":true,"href":"https:\/\/www.europesays.com\/fr\/wp-json\/wp\/v2\/comments?post=616704"}],"version-history":[{"count":0,"href":"https:\/\/www.europesays.com\/fr\/wp-json\/wp\/v2\/posts\/616704\/revisions"}],"wp:featuredmedia":[{"embeddable":true,"href":"https:\/\/www.europesays.com\/fr\/wp-json\/wp\/v2\/media\/616705"}],"wp:attachment":[{"href":"https:\/\/www.europesays.com\/fr\/wp-json\/wp\/v2\/media?parent=616704"}],"wp:term":[{"taxonomy":"category","embeddable":true,"href":"https:\/\/www.europesays.com\/fr\/wp-json\/wp\/v2\/categories?post=616704"},{"taxonomy":"post_tag","embeddable":true,"href":"https:\/\/www.europesays.com\/fr\/wp-json\/wp\/v2\/tags?post=616704"}],"curies":[{"name":"wp","href":"https:\/\/api.w.org\/{rel}","templated":true}]}}