{"id":616716,"date":"2025-12-22T22:58:12","date_gmt":"2025-12-22T22:58:12","guid":{"rendered":"https:\/\/www.europesays.com\/fr\/616716\/"},"modified":"2025-12-22T22:58:12","modified_gmt":"2025-12-22T22:58:12","slug":"quand-tadej-pogacar-est-battu-par-jonas-vingegaard-un-classement-tres-particulier-sonne-la-defaite-du-slovene","status":"publish","type":"post","link":"https:\/\/www.europesays.com\/fr\/616716\/","title":{"rendered":"Quand Tadej Pogacar est battu par Jonas Vingegaard\u00a0: un classement tr\u00e8s particulier sonne la d\u00e9faite du Slov\u00e8ne"},"content":{"rendered":"<p>\n                                                                    l&rsquo;essentiel<br \/>\n                                                                Le cyclisme mondial a vu Tadej Pogacar dominer en 2025 avec 20 victoires, dont le Tour de France. Pourtant, Jonas Vingegaard a surpass\u00e9 son rival dans le cadre d\u2019un classement bien sp\u00e9cifique et surprenant. Le duel entre les deux rivaux promet de s\u2019intensifier en 2026\u2026\n                            <\/p>\n<p>Non, il n\u2019est pas invincible. Ce lundi 22\u00a0d\u00e9cembre, l\u2019Union cycliste internationale (UCI) a sold\u00e9 les comptes de l\u2019ann\u00e9e 2025. Et sans surprise, tous les honneurs sont revenus, chez les messieurs, \u00e0 Tadej Pogacar.<\/p>\n<p>Le puissant Slov\u00e8ne a remport\u00e9 cette ann\u00e9e 20 victoires (!), parmi lesquelles des succ\u00e8s tr\u00e8s prestigieux\u00a0: le Tour de France (son quatri\u00e8me), les championnats du monde, les championnats d\u2019Europe\u2026 Au total\u00a0: 11\u00a0680 points UCI cumul\u00e9s, ce qui lui assure, pour la cinqui\u00e8me ann\u00e9e d\u2019affil\u00e9e, la place de num\u00e9ro\u00a01 du cyclisme mondial.<\/p>\n<p>Seulement voil\u00e0, l\u2019UCI a aussi confirm\u00e9 ce lundi que Tadej Pogacar pouvait aussi\u2026 \u00eatre battu\u00a0! Et par qui\u00a0? Par son principal rival\u00a0: Jonas Vingegaard. Le Danois, double vainqueur du Tour de France (2022, 2023) est en effet laur\u00e9at d\u2019un classement bien sp\u00e9cifique, <a href=\"https:\/\/fr.uci.org\/pressrelease\/tadej-pogacar-et-demi-vollering-regnent-sur-le-cyclisme-mondial-uae-team\/6mafTICasu0aQpoeHZP8yE\" target=\"_blank\" rel=\"noopener\">valid\u00e9 par la plus haute instance dans un communiqu\u00e9<\/a>. Il s\u2019agit de celui des courses par \u00e9tapes.<\/p>\n<p class=\"std-elt__inline\">\n        <strong>\u00c0 lire aussi :<\/strong><br \/>\n        <a href=\"https:\/\/www.ladepeche.fr\/2025\/11\/10\/cyclisme-vraiment-intouchable-jonas-vingegaard-encense-tadej-pogacar-et-ouvre-la-porte-a-une-participation-au-tour-ditalie-en-2026-13044734.php\" target=\"_blank\" rel=\"noopener\">Cyclisme\u00a0: \u00ab\u00a0Vraiment intouchable\u2026\u00a0\u00bb Jonas Vingegaard encense Tadej Pogacar et ouvre la porte \u00e0 une participation au Tour d\u2019Italie en 2026<\/a>\n    <\/p>\n<p>Mais comment est-ce possible, alors que Pogacar a remport\u00e9 la Grande Boucle en finissant vainqueurs de 4 \u00e9tapes sur 21 et que Vingegaard n\u2019en a remport\u00e9 aucune\u00a0? Comme le notent nos confr\u00e8res de\u00a0<a href=\"https:\/\/www.lavoixdunord.fr\/1659022\/article\/2025-12-22\/tadej-pogacar-battu-par-jonas-vingegaard-l-uci-officialise-l-une-des-rares\" target=\"_blank\" rel=\"noopener\">La Voix du Nord<\/a>, ce qui para\u00eet \u00eatre une incongruit\u00e9 trouve une explication toute logique.<\/p>\n<p>Ce classement ne d\u00e9coule, en effet, pas seulement des victoires mais aussi des classements annexes, des rangs lors des arriv\u00e9es de chacune des \u00e9tapes, ainsi que des ports de maillots distinctifs. Or, Vingegaard, en 2025, a notamment particip\u00e9 au Tour d\u2019Espagne (ao\u00fbt-septembre), qu\u2019il a remport\u00e9 en enlevant trois \u00e9tapes sur 21. Pogacar, lui, n\u2019a particip\u00e9 qu\u2019au seul Tour de France du c\u00f4t\u00e9 des grands Tours.<\/p>\n<p>Ce qui explique la domination du Danois sur ce classement qui, avec 5\u00a0944 points, domine son rival avec pr\u00e8s de 1000 points d\u2019avance.<\/p>\n<p class=\"std-elt__inline\">\n        <strong>\u00c0 lire aussi :<\/strong><br \/>\n        <a href=\"https:\/\/www.ladepeche.fr\/2025\/10\/20\/reportage-comment-roglic-a-terrasse-pogacar-et-vingegaard-on-etait-en-andorre-pour-suivre-le-premier-masters-de-cyclisme-13003509.php\" target=\"_blank\" rel=\"noopener\">REPORTAGE. Comment Roglic a terrass\u00e9 Pogacar et Vingegaard\u00a0? On \u00e9tait en Andorre pour suivre le premier Masters de cyclisme<\/a>\n    <\/p>\n<p>Pas certain toutefois que Jonas Vingegaard trouve dans cette nouvelle un quelconque r\u00e9confort, apr\u00e8s avoir \u00e9t\u00e9 globalement domin\u00e9 par Tadej Pogacar tout au long de l\u2019ann\u00e9e 2025. Mais en 2026, le duel devrait reprendre de plus belle\u2026<\/p>\n","protected":false},"excerpt":{"rendered":"l&rsquo;essentiel Le cyclisme mondial a vu Tadej Pogacar dominer en 2025 avec 20 victoires, dont le Tour de&hellip;\n","protected":false},"author":2,"featured_media":616717,"comment_status":"","ping_status":"","sticky":false,"template":"","format":"standard","meta":{"footnotes":""},"categories":[1411],"tags":[1154,207,1011,27,517,60],"class_list":{"0":"post-616716","1":"post","2":"type-post","3":"status-publish","4":"format-standard","5":"has-post-thumbnail","7":"category-cyclisme","8":"tag-cycling","9":"tag-cyclisme","10":"tag-fr","11":"tag-france","12":"tag-sport","13":"tag-sports"},"share_on_mastodon":{"url":"https:\/\/pubeurope.com\/@fr\/115765700583419302","error":""},"_links":{"self":[{"href":"https:\/\/www.europesays.com\/fr\/wp-json\/wp\/v2\/posts\/616716","targetHints":{"allow":["GET"]}}],"collection":[{"href":"https:\/\/www.europesays.com\/fr\/wp-json\/wp\/v2\/posts"}],"about":[{"href":"https:\/\/www.europesays.com\/fr\/wp-json\/wp\/v2\/types\/post"}],"author":[{"embeddable":true,"href":"https:\/\/www.europesays.com\/fr\/wp-json\/wp\/v2\/users\/2"}],"replies":[{"embeddable":true,"href":"https:\/\/www.europesays.com\/fr\/wp-json\/wp\/v2\/comments?post=616716"}],"version-history":[{"count":0,"href":"https:\/\/www.europesays.com\/fr\/wp-json\/wp\/v2\/posts\/616716\/revisions"}],"wp:featuredmedia":[{"embeddable":true,"href":"https:\/\/www.europesays.com\/fr\/wp-json\/wp\/v2\/media\/616717"}],"wp:attachment":[{"href":"https:\/\/www.europesays.com\/fr\/wp-json\/wp\/v2\/media?parent=616716"}],"wp:term":[{"taxonomy":"category","embeddable":true,"href":"https:\/\/www.europesays.com\/fr\/wp-json\/wp\/v2\/categories?post=616716"},{"taxonomy":"post_tag","embeddable":true,"href":"https:\/\/www.europesays.com\/fr\/wp-json\/wp\/v2\/tags?post=616716"}],"curies":[{"name":"wp","href":"https:\/\/api.w.org\/{rel}","templated":true}]}}