{"id":616718,"date":"2025-12-22T22:59:14","date_gmt":"2025-12-22T22:59:14","guid":{"rendered":"https:\/\/www.europesays.com\/fr\/616718\/"},"modified":"2025-12-22T22:59:14","modified_gmt":"2025-12-22T22:59:14","slug":"linternational-bresilien-endrick-va-signer-pour-un-pret-de-six-mois-avec-lolympique-lyonnais","status":"publish","type":"post","link":"https:\/\/www.europesays.com\/fr\/616718\/","title":{"rendered":"l&rsquo;international Br\u00e9silien Endrick va signer pour un pr\u00eat de six mois avec l&rsquo;Olympique Lyonnais"},"content":{"rendered":"\n<p class=\"c-chapo \">\n  L&rsquo;attaquant du Real Madrid rejoint l&rsquo;\u00e9quipe de Paulo Fonseca \u00e0 compter du 1er janvier 2026.\n<\/p>\n<p>      lire plus tard<\/p>\n<p id=\"dialog__title\" class=\"dialog__title\">Pour sauvegarder cet article, connectez-vous ou cr\u00e9ez un compte franceinfo<\/p>\n<p class=\"dialog__description\">Sans paiement. Sans abonnement.<\/p>\n<p>        Fermer la fen\u00eatre d\u2019activation des notifications France Info<\/p>\n<p>      cr\u00e9er votre compte<\/p>\n<p>      se connecter<\/p>\n<p>      :<\/p>\n<p>        Fermer la fen\u00eatre de pr\u00e9sentation<\/p>\n<p>    <img loading=\"lazy\" decoding=\"async\" class=\"signature__image lazyload\" width=\"100\" height=\"100\" data- alt=\"\" src=\"https:\/\/www.europesays.com\/fr\/wp-content\/uploads\/2025\/05\/64a7df4c5fe71_placeholder-36b69ec8.png\"\/><\/p>\n<p>    Publi\u00e9 le 22\/12\/2025 20:48<\/p>\n<p>        Temps de lecture : 1min<\/p>\n<p>    <img decoding=\"async\"  alt=\"Endrick c\u00e9l\u00e8bre un but contre Fortaleza, en championnat br\u00e9silien, le 2 novembre 2022. (MARCELLO ZAMBRANA \/ AGIF via AFP)\" width=\"432\" height=\"243\" src=\"https:\/\/www.europesays.com\/fr\/wp-content\/uploads\/2025\/12\/phpBwHSTS.jpg\" fetchpriority=\"high\"\/><\/p>\n<p>      Endrick c\u00e9l\u00e8bre un but contre Fortaleza, en championnat br\u00e9silien, le 2 novembre 2022. (MARCELLO ZAMBRANA \/ AGIF via AFP)<\/p>\n<p>L&rsquo;international br\u00e9silien de football, actuellement au Real Madrid, Endrick (Endrick Felipe Moreira de Sousa) va signer en pr\u00eat sans option d&rsquo;achat pour six mois avec l&rsquo;Olympique Lyonnais (OL), apprend la direction des sports de Radio France de source proche du dossier lundi 22 d\u00e9cembre, confirmant une information du journal <a href=\"https:\/\/www.lequipe.fr\/Football\/Actualites\/Mercato-endrick-l-international-bresilien-du-real-madrid-va-etre-prete-a-l-ol\/1628965\" target=\"_blank\" rel=\"noopener\" data-tooltip-url=\"https:\/\/www.lequipe.fr\/Football\/Actualites\/Mercato-endrick-l-international-bresilien-du-real-madrid-va-etre-prete-a-l-ol\/1628965\">l&rsquo;Equipe<\/a>.<\/p>\n<p>L&rsquo;attaquant de 19 ans va rejoindre l&rsquo;\u00e9quipe de Paulo Fonseca \u00e0 partir du 1er janvier. L&rsquo;Olympique Lyonnais est actuellement cinqui\u00e8me du classement de Ligue 1, apr\u00e8s 16 journ\u00e9es et huit matchs gagn\u00e9s. <\/p>\n<p>Le club lyonnais avait \u00e9t\u00e9 menac\u00e9 l&rsquo;\u00e9t\u00e9 dernier de r\u00e9trogradation devant une situation financi\u00e8re d\u00e9sastreuse sous l&rsquo;Am\u00e9ricain John Textor. <\/p>\n<p>La Direction nationale du contr\u00f4le de gestion (DNCG), instance de contr\u00f4le \u00e9conomique du football, devait s&rsquo;assurer si le club a bien respect\u00e9 ses promesses d&rsquo;\u00e9pargnes avec la vue de son nouveau pr\u00e9sident, Michele Kang, le 30 juin. D\u00e9sormais, l&rsquo;OL peut de nouveau recruter, m\u00eame s\u2019il reste soumis au cadre de la DNCG. <\/p>\n","protected":false},"excerpt":{"rendered":"L&rsquo;attaquant du Real Madrid rejoint l&rsquo;\u00e9quipe de Paulo Fonseca \u00e0 compter du 1er janvier 2026. lire plus tard&hellip;\n","protected":false},"author":2,"featured_media":616719,"comment_status":"","ping_status":"","sticky":false,"template":"","format":"standard","meta":{"footnotes":""},"categories":[1410],"tags":[63,1011,27,60],"class_list":{"0":"post-616718","1":"post","2":"type-post","3":"status-publish","4":"format-standard","5":"has-post-thumbnail","7":"category-football","8":"tag-football","9":"tag-fr","10":"tag-france","11":"tag-sports"},"share_on_mastodon":{"url":"https:\/\/pubeurope.com\/@fr\/115765706260671997","error":""},"_links":{"self":[{"href":"https:\/\/www.europesays.com\/fr\/wp-json\/wp\/v2\/posts\/616718","targetHints":{"allow":["GET"]}}],"collection":[{"href":"https:\/\/www.europesays.com\/fr\/wp-json\/wp\/v2\/posts"}],"about":[{"href":"https:\/\/www.europesays.com\/fr\/wp-json\/wp\/v2\/types\/post"}],"author":[{"embeddable":true,"href":"https:\/\/www.europesays.com\/fr\/wp-json\/wp\/v2\/users\/2"}],"replies":[{"embeddable":true,"href":"https:\/\/www.europesays.com\/fr\/wp-json\/wp\/v2\/comments?post=616718"}],"version-history":[{"count":0,"href":"https:\/\/www.europesays.com\/fr\/wp-json\/wp\/v2\/posts\/616718\/revisions"}],"wp:featuredmedia":[{"embeddable":true,"href":"https:\/\/www.europesays.com\/fr\/wp-json\/wp\/v2\/media\/616719"}],"wp:attachment":[{"href":"https:\/\/www.europesays.com\/fr\/wp-json\/wp\/v2\/media?parent=616718"}],"wp:term":[{"taxonomy":"category","embeddable":true,"href":"https:\/\/www.europesays.com\/fr\/wp-json\/wp\/v2\/categories?post=616718"},{"taxonomy":"post_tag","embeddable":true,"href":"https:\/\/www.europesays.com\/fr\/wp-json\/wp\/v2\/tags?post=616718"}],"curies":[{"name":"wp","href":"https:\/\/api.w.org\/{rel}","templated":true}]}}