{"id":616721,"date":"2025-12-22T23:01:28","date_gmt":"2025-12-22T23:01:28","guid":{"rendered":"https:\/\/www.europesays.com\/fr\/616721\/"},"modified":"2025-12-22T23:01:28","modified_gmt":"2025-12-22T23:01:28","slug":"les-rencontres-nature-en-images-une-invitation-au-voyage","status":"publish","type":"post","link":"https:\/\/www.europesays.com\/fr\/616721\/","title":{"rendered":"Les Rencontres Nature en Images : une invitation au voyage"},"content":{"rendered":"<p><a href=\"https:\/\/vosgesinfo.fr\/app\/uploads\/sites\/6\/2025\/12\/nature-en-images-gerardmer-expo-2.jpg\" data-slb-active=\"1\" data-slb-asset=\"2134117018\" data-slb-internal=\"0\" data-slb-group=\"slb\" target=\"_blank\" rel=\"noopener\"><img fetchpriority=\"high\" decoding=\"async\" class=\"aligncenter size-large wp-image-86173 lazyload\" alt=\"\" width=\"1024\" height=\"768\" src=\"https:\/\/www.europesays.com\/fr\/wp-content\/uploads\/2025\/12\/nature-en-images-gerardmer-expo-2-1024x768.jpg\"  data- data-eio-rwidth=\"1024\" data-eio-rheight=\"768\"\/><\/a><\/p>\n<p><strong>Le vernissage de l\u2019exposition de nature en Images a eu lieu ce samedi soir \u00e0 l\u2019espace Tilleul en pr\u00e9sence des exposants et de l\u2019invit\u00e9 d\u2019honneur de cette \u00e9dition en la personne d\u2019Olivier Claudon.\u00a0<\/strong><\/p>\n<p><a href=\"https:\/\/vosgesinfo.fr\/app\/uploads\/sites\/6\/2025\/12\/nature-en-images-gerardmer-expo-1.jpg\" data-slb-active=\"1\" data-slb-asset=\"2046897495\" data-slb-internal=\"0\" data-slb-group=\"slb\" target=\"_blank\" rel=\"noopener\"><img loading=\"lazy\" decoding=\"async\" aria-describedby=\"caption-attachment-86172\" class=\"size-medium wp-image-86172 lazyload\" alt=\"\" width=\"300\" height=\"225\" src=\"https:\/\/www.europesays.com\/fr\/wp-content\/uploads\/2025\/12\/nature-en-images-gerardmer-expo-1-300x225.jpg\"  data- data-eio-rwidth=\"300\" data-eio-rheight=\"225\"\/><\/a><\/p>\n<p id=\"caption-attachment-86172\" class=\"wp-caption-text\">J. Martin (\u00e0 droite), pr\u00e9sident de Nature en Images.<\/p>\n<p>En effet, pour cette nouvelle \u00e9dition, 19 photographes locaux ainsi que 7 invit\u00e9s exposent au rez-de-chauss\u00e9e de l\u2019espace Tilleul jusqu\u2019au 4 janvier. Parmi ces invit\u00e9s, on retrouve Olivier Claudon, peintre et dessinateur de grand talent et dont les \u0153uvres illuminent les murs de la salle Jacques Brel. Olivier Claudon qui, comme chaque ann\u00e9e, \u00e0 l\u2019ambition de participer au Salon National des Artistes Animaliers de Bry-sur-Marne. En parall\u00e8le, il est \u00e9galement en train de finaliser un\u00a0 projet de cabinet de curiosit\u00e9. Comme le pr\u00e9cise le pr\u00e9sident de Nature en Images Jacques Martin, c\u2019est avec plaisir que l\u2019exposition accueille un invit\u00e9 qui ne soit pas un photographe afin d\u2019apporter une touche originale suppl\u00e9mentaire \u00e0 cette r\u00e9union annuelle et hivernale.<\/p>\n<p><a href=\"https:\/\/vosgesinfo.fr\/app\/uploads\/sites\/6\/2025\/12\/nature-en-images-gerardmer-expo-4.jpg\" data-slb-active=\"1\" data-slb-asset=\"502488262\" data-slb-internal=\"0\" data-slb-group=\"slb\" target=\"_blank\" rel=\"noopener\"><img loading=\"lazy\" decoding=\"async\" class=\"alignright size-medium wp-image-86175 lazyload\" alt=\"\" width=\"300\" height=\"225\" src=\"https:\/\/www.europesays.com\/fr\/wp-content\/uploads\/2025\/12\/nature-en-images-gerardmer-expo-4-300x225.jpg\"  data- data-eio-rwidth=\"300\" data-eio-rheight=\"225\"\/><\/a>Le pr\u00e9sident qui rappelle \u00e9galement Les Rencontres Natures en Images sont une v\u00e9ritable invitation au voyage, \u00e0 la contemplation, et surtout la prise de conscience : \u00ab\u00a0Chaque clich\u00e9 pr\u00e9sent\u00e9 ici est une fen\u00eatre ouverte sur des paysages, des esp\u00e8ces, des instants fugaces que les photographes ont su capturer avec leur sensibilit\u00e9. Leurs \u0153uvres nous rappellent la richesse de notre environnement\u2026 Mais aussi sa fragilit\u00e9\u00a0\u00bb. On notera enfin que trois petits nouveaux ont rejoint les rangs de Nature en Images : Clair Jeandiddier, Marc Anger et Alexis Toussaint qui fait partie de Nature en Images depuis quelques ann\u00e9es mais expose pour la premi\u00e8re fois.<\/p>\n<p><strong>Exposition ouverte tous les jours de 10 h 00 \u00e0 12 h 00 et de 14 h \u00e0 18 h 00<\/strong><\/p>\n<p><strong>Fermeture le 25 d\u00e9cembre et le 1er janvier.<\/strong><\/p>\n<p><strong>Entr\u00e9e libre<\/strong><\/p>\n<p><a href=\"https:\/\/vosgesinfo.fr\/app\/uploads\/sites\/6\/2025\/12\/nature-en-images-gerardmer-expo-3.jpg\" data-slb-active=\"1\" data-slb-asset=\"2081061286\" data-slb-internal=\"0\" data-slb-group=\"slb\" target=\"_blank\" rel=\"noopener\"><img loading=\"lazy\" decoding=\"async\" class=\"aligncenter size-large wp-image-86174 lazyload\" alt=\"\" width=\"1024\" height=\"768\" src=\"https:\/\/www.europesays.com\/fr\/wp-content\/uploads\/2025\/12\/nature-en-images-gerardmer-expo-3-1024x768.jpg\"  data- data-eio-rwidth=\"1024\" data-eio-rheight=\"768\"\/><\/a><\/p>\n","protected":false},"excerpt":{"rendered":"Le vernissage de l\u2019exposition de nature en Images a eu lieu ce samedi soir \u00e0 l\u2019espace Tilleul en&hellip;\n","protected":false},"author":2,"featured_media":616722,"comment_status":"","ping_status":"","sticky":false,"template":"","format":"standard","meta":{"footnotes":""},"categories":[1358],"tags":[1348,1384,1385,1386,58,59,1011,27,35686],"class_list":{"0":"post-616721","1":"post","2":"type-post","3":"status-publish","4":"format-standard","5":"has-post-thumbnail","7":"category-arts-et-design","8":"tag-arts","9":"tag-arts-and-design","10":"tag-arts-et-design","11":"tag-design","12":"tag-divertissement","13":"tag-entertainment","14":"tag-fr","15":"tag-france","16":"tag-nature-en-images"},"share_on_mastodon":{"url":"https:\/\/pubeurope.com\/@fr\/115765713185869380","error":""},"_links":{"self":[{"href":"https:\/\/www.europesays.com\/fr\/wp-json\/wp\/v2\/posts\/616721","targetHints":{"allow":["GET"]}}],"collection":[{"href":"https:\/\/www.europesays.com\/fr\/wp-json\/wp\/v2\/posts"}],"about":[{"href":"https:\/\/www.europesays.com\/fr\/wp-json\/wp\/v2\/types\/post"}],"author":[{"embeddable":true,"href":"https:\/\/www.europesays.com\/fr\/wp-json\/wp\/v2\/users\/2"}],"replies":[{"embeddable":true,"href":"https:\/\/www.europesays.com\/fr\/wp-json\/wp\/v2\/comments?post=616721"}],"version-history":[{"count":0,"href":"https:\/\/www.europesays.com\/fr\/wp-json\/wp\/v2\/posts\/616721\/revisions"}],"wp:featuredmedia":[{"embeddable":true,"href":"https:\/\/www.europesays.com\/fr\/wp-json\/wp\/v2\/media\/616722"}],"wp:attachment":[{"href":"https:\/\/www.europesays.com\/fr\/wp-json\/wp\/v2\/media?parent=616721"}],"wp:term":[{"taxonomy":"category","embeddable":true,"href":"https:\/\/www.europesays.com\/fr\/wp-json\/wp\/v2\/categories?post=616721"},{"taxonomy":"post_tag","embeddable":true,"href":"https:\/\/www.europesays.com\/fr\/wp-json\/wp\/v2\/tags?post=616721"}],"curies":[{"name":"wp","href":"https:\/\/api.w.org\/{rel}","templated":true}]}}