{"id":616723,"date":"2025-12-22T23:03:19","date_gmt":"2025-12-22T23:03:19","guid":{"rendered":"https:\/\/www.europesays.com\/fr\/616723\/"},"modified":"2025-12-22T23:03:19","modified_gmt":"2025-12-22T23:03:19","slug":"emily-in-paris-saison-5-lily-collins-reagit-au-cliffhanger-et-a-la-grande-decision-de-son-personnage","status":"publish","type":"post","link":"https:\/\/www.europesays.com\/fr\/616723\/","title":{"rendered":"Emily in Paris saison 5 : Lily Collins r\u00e9agit au cliffhanger et \u00e0 la grande d\u00e9cision de son personnage"},"content":{"rendered":"<p>\u00c0 la fin de la saison 5 d\u2019Emily in Paris, l\u2019h\u00e9ro\u00efne de la s\u00e9rie a pris une grande d\u00e9cision pour son avenir. L&rsquo;actrice Lily Collins a r\u00e9agi \u00e0 celle-ci ainsi qu\u2019au cliffhanger de l&rsquo;\u00e9pisode final. <\/p>\n<p>Mise en ligne sur Netflix le jeudi 18 d\u00e9cembre dernier, la saison 5 d\u2019Emily in Paris a bouscul\u00e9 l\u2019int\u00e9gralit\u00e9 du classement des s\u00e9ries les plus visionn\u00e9es du moment. \u00c0 peine sortie, elle s\u2019est hiss\u00e9e \u00e0 la premi\u00e8re place du top 10 de la plateforme de streaming. Une nouvelle salve d\u2019\u00e9pisodes qui a r\u00e9serv\u00e9 son lot de surprises aux fans qui ont pu retrouver<a href=\"https:\/\/www.programme-tv.net\/news\/series-tv\/394502-emily-in-paris-saison-5-on-a-adore-retrouver-cet-acteur-des-freres-scott-dans-un-episode-avec-lily-collins\/\" data-api-deeplink=\"teleloisirs:\/\/news\/394502\" target=\"_blank\" rel=\"noopener\"> une star des Fr\u00e8res Scott,<\/a> ainsi qu&rsquo;<a href=\"https:\/\/www.programme-tv.net\/news\/series-tv\/394463-emily-in-paris-saison-5-avez-vous-reconnu-cet-acteur-de-desperate-housewives\/\" data-api-deeplink=\"teleloisirs:\/\/news\/394463\" target=\"_blank\" rel=\"noopener\">un acteur de Desperate Housewives<\/a>. Cette <a href=\"https:\/\/www.programme-tv.net\/news\/series-tv\/394365-emily-in-paris-saison-5-lescapade-romaine-fait-elle-du-bien-a-la-serie-on-a-vu-les-episodes-et\/\" data-api-deeplink=\"teleloisirs:\/\/news\/394365\" target=\"_blank\" rel=\"noopener\">escapade romaine pour l\u2019h\u00e9ro\u00efne de la s\u00e9rie<\/a> a beaucoup fait r\u00e9agir<a href=\"https:\/\/www.programme-tv.net\/news\/series-tv\/394439-emily-in-paris-y-aura-t-il-une-saison-6-son-createur-darren-star-repond\/\" data-api-deeplink=\"teleloisirs:\/\/news\/394439\" target=\"_blank\" rel=\"noopener\"> les abonn\u00e9s Netflix qui attendent d\u00e9sormais de savoir si une saison 6 verra ou non le jour. <\/a>D\u2019autant plus que le final de cette cinqui\u00e8me saison se termine sur un incroyable cliffhanger. Attention, la suite de cet article contient des spoilers.<\/p>\n<p>Lily Collins juge la fin de la saison 5 d\u2019Emily in Paris<\/p>\n<p>\u00c0 la fin de la saison 5, Emily Cooper doit prendre une d\u00e9cision importante : rester en Italie avec son petit ami, ou bien rentrer \u00e0 Paris o\u00f9 elle a construit sa vie depuis quelque temps. Finalement, elle choisit de renoncer \u00e0 une tr\u00e8s jolie opportunit\u00e9 professionnelle ainsi qu\u2019\u00e0 Marcello. Emily Cooper s\u2019est choisie pour se concentrer sur elle-m\u00eame. L&rsquo;actrice Lily Collins a r\u00e9agi \u00e0 ce final et, pour elle, Emily a pris la meilleure des d\u00e9cisions. Au cours d\u2019une interview accord\u00e9e au site am\u00e9ricain <a href=\"https:\/\/people.com\/lily-collins-reveals-her-thoughts-emily-in-paris-season-5-ending-exclusive-11874014\" target=\"_blank\" rel=\"noopener\">People, <\/a>elle a d\u2019abord d\u00e9clar\u00e9 avoir ador\u00e9 cette saison. \u00ab\u00a0J\u2019ai l\u2019impression que chaque personne avec qui Emily est lui apprend \u00e9norm\u00e9ment sur ce dont elle a besoin et ce dont elle n\u2019a pas besoin, ce qu\u2019elle veut et ce qu\u2019elle ne veut pas, ce qui est, je pense, tr\u00e8s r\u00e9aliste dans nos propres vies\u00a0\u00bb, a-t-elle ensuite indiqu\u00e9.<\/p>\n<p>En ce qui concerne l\u2019histoire d\u2019amour entre Emily et Marcello, Lily Collins a fait savoir :\u202f\u00a0\u00bbIl y avait chez elle une sorte de r\u00eave idyllique avec Marcello. Elle l\u2019appr\u00e9cie, le respecte et l\u2019aime en tant qu\u2019\u00eatre humain, mais elle a reconnu que ce n\u2019\u00e9tait pas la vie qu\u2019elle souhaitait et qu\u2019elle n\u2019avait pas encore fini de se d\u00e9couvrir.\u00a0\u00bb Et Lily Collins d&rsquo;ajouter \u00e0 propos de cette d\u00e9cision et de ce cliffhanger : \u00ab\u00a0J\u2019ai admir\u00e9 son courage d\u2019avoir pris cette d\u00e9cision aussi douloureuse qu\u2019elle ait \u00e9t\u00e9, elle l\u2019a prise avec amour et respect.\u00a0\u00bb<\/p>\n<p>Article \u00e9crit avec la collaboration de 6m\u00e9dias.<\/p>\n","protected":false},"excerpt":{"rendered":"\u00c0 la fin de la saison 5 d\u2019Emily in Paris, l\u2019h\u00e9ro\u00efne de la s\u00e9rie a pris une grande&hellip;\n","protected":false},"author":2,"featured_media":616724,"comment_status":"","ping_status":"","sticky":false,"template":"","format":"standard","meta":{"footnotes":""},"categories":[1356],"tags":[244,58,11739,59,1011,27,12512,127,1722,4496,129,252,1364],"class_list":{"0":"post-616723","1":"post","2":"type-post","3":"status-publish","4":"format-standard","5":"has-post-thumbnail","7":"category-television","8":"tag-commentaire","9":"tag-divertissement","10":"tag-emily-in-paris","11":"tag-entertainment","12":"tag-fr","13":"tag-france","14":"tag-lily-collins","15":"tag-netflix","16":"tag-pub-streaming-netflix","17":"tag-superstream","18":"tag-svod","19":"tag-television","20":"tag-tv"},"share_on_mastodon":{"url":"https:\/\/pubeurope.com\/@fr\/115765720117455704","error":""},"_links":{"self":[{"href":"https:\/\/www.europesays.com\/fr\/wp-json\/wp\/v2\/posts\/616723","targetHints":{"allow":["GET"]}}],"collection":[{"href":"https:\/\/www.europesays.com\/fr\/wp-json\/wp\/v2\/posts"}],"about":[{"href":"https:\/\/www.europesays.com\/fr\/wp-json\/wp\/v2\/types\/post"}],"author":[{"embeddable":true,"href":"https:\/\/www.europesays.com\/fr\/wp-json\/wp\/v2\/users\/2"}],"replies":[{"embeddable":true,"href":"https:\/\/www.europesays.com\/fr\/wp-json\/wp\/v2\/comments?post=616723"}],"version-history":[{"count":0,"href":"https:\/\/www.europesays.com\/fr\/wp-json\/wp\/v2\/posts\/616723\/revisions"}],"wp:featuredmedia":[{"embeddable":true,"href":"https:\/\/www.europesays.com\/fr\/wp-json\/wp\/v2\/media\/616724"}],"wp:attachment":[{"href":"https:\/\/www.europesays.com\/fr\/wp-json\/wp\/v2\/media?parent=616723"}],"wp:term":[{"taxonomy":"category","embeddable":true,"href":"https:\/\/www.europesays.com\/fr\/wp-json\/wp\/v2\/categories?post=616723"},{"taxonomy":"post_tag","embeddable":true,"href":"https:\/\/www.europesays.com\/fr\/wp-json\/wp\/v2\/tags?post=616723"}],"curies":[{"name":"wp","href":"https:\/\/api.w.org\/{rel}","templated":true}]}}