{"id":616729,"date":"2025-12-22T23:06:13","date_gmt":"2025-12-22T23:06:13","guid":{"rendered":"https:\/\/www.europesays.com\/fr\/616729\/"},"modified":"2025-12-22T23:06:13","modified_gmt":"2025-12-22T23:06:13","slug":"contre-le-paludisme-le-forcage-genetique-passe-la-premiere-etape-africaine","status":"publish","type":"post","link":"https:\/\/www.europesays.com\/fr\/616729\/","title":{"rendered":"Contre le paludisme, le for\u00e7age g\u00e9n\u00e9tique passe la premi\u00e8re \u00e9tape africaine"},"content":{"rendered":"<p>                     <img loading=\"lazy\" decoding=\"async\" src=\"https:\/\/www.europesays.com\/fr\/wp-content\/uploads\/2025\/12\/d0e173d_upload-1-8rzwgcpzd0q0-mosquito-1.jpg\" alt=\"Une larve de moustique transg\u00e9nique vue au microscope \u00e0 l\u2019Institut de sant\u00e9 d\u2019Ifakara, en Tanzanie.\"   width=\"664\" height=\"443\"\/>    Une larve de moustique transg\u00e9nique vue au microscope \u00e0 l\u2019Institut de sant\u00e9 d\u2019Ifakara, en Tanzanie.  IFAKARA HEALTH INSTITUTE                 <\/p>\n<p class=\"article__paragraph  \">Pour le for\u00e7age g\u00e9n\u00e9tique, le succ\u00e8s passe par l\u2019Afrique. Depuis que les premiers moustiques g\u00e9n\u00e9tiquement transform\u00e9s par gene drive ont \u00e9t\u00e9 produits en\u00a02015\u00a0au Royaume-Uni et aux Etats-Unis, dans l\u2019espoir d\u2019\u00e9liminer le paludisme, supporteurs et opposants \u00e0 cette technique ont les yeux tourn\u00e9s vers le Sud. C\u2019est en effet sur le continent africain que se concentrent 95\u00a0% des 597\u00a0000\u00a0morts recens\u00e9s en\u00a02023\u00a0par l\u2019Organisation mondiale de la sant\u00e9 (OMS). L\u00e0, donc, que toute nouvelle technologie pour combattre le parasite se doit d\u2019\u00eatre \u00e9tudi\u00e9e. L\u00e0, donc, que des scientifiques doivent \u00eatre form\u00e9s, les populations consult\u00e9es, les responsables politiques convaincus.<\/p>\n<p>   Lire plus tard  <\/p>\n<p class=\"article__paragraph  \"><a href=\"https:\/\/www.nature.com\/articles\/s41586-025-09685-6\" target=\"_blank\" rel=\"noopener\" title=\"Nouvelle fen\u00eatre\">Dans la revue Nature, une \u00e9quipe internationale a annonc\u00e9, mercredi 10\u00a0d\u00e9cembre<\/a>, la mise au point, en Tanzanie, d\u2019une lign\u00e9e de moustiques de l\u2019esp\u00e8ce Anopheles gambiae r\u00e9sistant au parasite Plasmodium falciparum et capable de r\u00e9pandre cette propri\u00e9t\u00e9 par gene drive \u00e0 l\u2019ensemble d\u2019une population. Tout dans cette annonce est important. D\u2019abord, l\u2019esp\u00e8ce d\u2019insecte utilis\u00e9e. De tous les anoph\u00e8les, les femelles gambiae sont les plus redoutables, celles dont le parasite raffole pour se d\u00e9velopper, et qui infectent le plus s\u00fbrement leur h\u00f4te lors de leur festin sanguin. Comme cet insecte est dominant en Tanzanie, c\u2019est vers lui que les chercheurs ont choisi de se tourner pour leur d\u00e9veloppement.<\/p>\n<p class=\"reading-mode-only \"><strong>Il vous reste 79.03% de cet article \u00e0 lire. La suite est r\u00e9serv\u00e9e aux abonn\u00e9s.<\/strong><\/p>\n","protected":false},"excerpt":{"rendered":"Une larve de moustique transg\u00e9nique vue au microscope \u00e0 l\u2019Institut de sant\u00e9 d\u2019Ifakara, en Tanzanie. IFAKARA HEALTH INSTITUTE&hellip;\n","protected":false},"author":2,"featured_media":616730,"comment_status":"","ping_status":"","sticky":false,"template":"","format":"standard","meta":{"footnotes":""},"categories":[10],"tags":[1011,27,72,71],"class_list":{"0":"post-616729","1":"post","2":"type-post","3":"status-publish","4":"format-standard","5":"has-post-thumbnail","7":"category-sante","8":"tag-fr","9":"tag-france","10":"tag-health","11":"tag-sante"},"share_on_mastodon":{"url":"https:\/\/pubeurope.com\/@fr\/115765732107662980","error":""},"_links":{"self":[{"href":"https:\/\/www.europesays.com\/fr\/wp-json\/wp\/v2\/posts\/616729","targetHints":{"allow":["GET"]}}],"collection":[{"href":"https:\/\/www.europesays.com\/fr\/wp-json\/wp\/v2\/posts"}],"about":[{"href":"https:\/\/www.europesays.com\/fr\/wp-json\/wp\/v2\/types\/post"}],"author":[{"embeddable":true,"href":"https:\/\/www.europesays.com\/fr\/wp-json\/wp\/v2\/users\/2"}],"replies":[{"embeddable":true,"href":"https:\/\/www.europesays.com\/fr\/wp-json\/wp\/v2\/comments?post=616729"}],"version-history":[{"count":0,"href":"https:\/\/www.europesays.com\/fr\/wp-json\/wp\/v2\/posts\/616729\/revisions"}],"wp:featuredmedia":[{"embeddable":true,"href":"https:\/\/www.europesays.com\/fr\/wp-json\/wp\/v2\/media\/616730"}],"wp:attachment":[{"href":"https:\/\/www.europesays.com\/fr\/wp-json\/wp\/v2\/media?parent=616729"}],"wp:term":[{"taxonomy":"category","embeddable":true,"href":"https:\/\/www.europesays.com\/fr\/wp-json\/wp\/v2\/categories?post=616729"},{"taxonomy":"post_tag","embeddable":true,"href":"https:\/\/www.europesays.com\/fr\/wp-json\/wp\/v2\/tags?post=616729"}],"curies":[{"name":"wp","href":"https:\/\/api.w.org\/{rel}","templated":true}]}}