{"id":616739,"date":"2025-12-22T23:11:14","date_gmt":"2025-12-22T23:11:14","guid":{"rendered":"https:\/\/www.europesays.com\/fr\/616739\/"},"modified":"2025-12-22T23:11:14","modified_gmt":"2025-12-22T23:11:14","slug":"au-bresil-la-droite-appelle-au-boycott-des-tongs-havaianas","status":"publish","type":"post","link":"https:\/\/www.europesays.com\/fr\/616739\/","title":{"rendered":"Au Br\u00e9sil, la droite appelle au boycott des tongs Havaianas"},"content":{"rendered":"<p>                      <img loading=\"lazy\" decoding=\"async\" src=\"https:\/\/www.europesays.com\/fr\/wp-content\/uploads\/2025\/12\/54f1f47_ftp-1-6zgaih4alznr-5738101-01-06.jpg\" alt=\"Des tongs Havaianas dans un magasin, \u00e0 Sao Paulo, au Br\u00e9sil, le 28\u00a0novembre\u00a02022.\"   width=\"664\" height=\"443\"\/>    Des tongs Havaianas dans un magasin, \u00e0 Sao Paulo, au Br\u00e9sil, le 28\u00a0novembre\u00a02022.  MIGUEL SCHINCARIOL \/ AFP                          <\/p>\n<p class=\"article__paragraph  \">La c\u00e9l\u00e8bre marque br\u00e9silienne de tongs Havaianas fait l\u2019objet d\u2019un appel au boycott de personnalit\u00e9s politiques br\u00e9siliennes jugeant une publicit\u00e9 orient\u00e9e contre la droite, alors que l\u2019\u00e9lection pr\u00e9sidentielle se profile l\u2019an prochain.<\/p>\n<p class=\"article__paragraph  \">Dans une vid\u00e9o publi\u00e9e sur <a href=\"https:\/\/www.instagram.com\/reel\/DSaJ3CTEQUx\/?igsh=MWd0ZWNiZ3JwOW42Yg==\" target=\"_blank\" rel=\"noopener\" title=\"Nouvelle fen\u00eatre\">le compte officiel de la marque sur Instagram,<\/a> Fernanda Torres, l\u2019actrice principale du film br\u00e9silien Je suis toujours l\u00e0, laur\u00e9at de l\u2019Oscar du meilleur film international en f\u00e9vrier, appelle le public \u00e0 \u00ab\u00a0ne pas commencer l\u2019ann\u00e9e 2026 du pied droit\u00a0\u00bb, mais \u00ab\u00a0avec les deux pieds\u00a0\u00bb. Au Br\u00e9sil, actuellement dirig\u00e9 par le pr\u00e9sident de gauche Luiz Inacio Lula da\u00a0Silva, \u00ab\u00a0commencer l\u2019ann\u00e9e du pied droit\u00a0\u00bb revient \u00e0 dire \u00ab\u00a0commencer l\u2019ann\u00e9e du bon pied\u00a0\u00bb.<\/p>\n<p>                                       Lire la critique\u00a0:  Article r\u00e9serv\u00e9 \u00e0 nos abonn\u00e9s  <a href=\"https:\/\/www.lemonde.fr\/culture\/article\/2025\/01\/15\/je-suis-toujours-la-le-combat-existentiel-d-une-femme-face-a-la-disparition-de-son-mari_6499425_3246.html\" class=\"js-article-read-also catcher--favoris__link\" data-premium=\"1\" id=\"article-title-3405206\" target=\"_blank\" rel=\"noopener\">\u00ab\u00a0Je suis toujours l\u00e0\u00a0\u00bb\u00a0: le combat existentiel d\u2019une femme face \u00e0 la disparition de son mari<\/a>    <\/p>\n<p>   Lire plus tard  <\/p>\n<p class=\"article__paragraph  \">Toll\u00e9 dans le camp conservateur, avec des r\u00e9actions parfois virulentes, comme celle d\u2019un des fils de Jair Bolsonaro, ancien pr\u00e9sident d\u2019extr\u00eame droite qui purge actuellement <a href=\"https:\/\/www.lemonde.fr\/international\/article\/2025\/11\/25\/jair-bolsonaro-devra-purger-sa-peine-de-vingt-sept-ans-de-prison-pour-tentative-de-coup-d-etat_6654816_3210.html\" target=\"_blank\" rel=\"noopener\">une peine de vingt-sept ans de prison pour tentative de coup d\u2019Etat.<\/a> Dans une vid\u00e9o publi\u00e9e sur Instagram, Eduardo Bolsonaro, install\u00e9 aux Etats-Unis, jette \u00e0 la poubelle une paire de claquettes noires Havaianas, reconnaissables aux lani\u00e8res orn\u00e9es d\u2019un petit drapeau br\u00e9silien.<\/p>\n<p class=\"article__paragraph  \">Havaianas \u00ab\u00a0a d\u00e9j\u00e0 \u00e9t\u00e9 un symbole national. J\u2019ai vu beaucoup d\u2019\u00e9trangers portant ce drapeau du Br\u00e9sil aux pieds (\u2026) Mais d\u00e9sol\u00e9, je jette le pied droit et le pied gauche \u00e0 la poubelle\u00a0\u00bb, d\u00e9clare celui qui vient de perdre son mandat de d\u00e9put\u00e9 pour avoir d\u00e9pass\u00e9 le nombre d\u2019absences autoris\u00e9es. \u00ab\u00a0Havaianas a choisi son camp. La DROITE a choisi le boycott\u00a0\u00bb, a publi\u00e9 pour sa part sur X le d\u00e9put\u00e9 conservateur Rodrigo Valadares.<\/p>\n<p>                    La d\u00e9put\u00e9e de gauche, Duda Salabert, fustige des \u00ab\u00a0attaques idiotes\u00a0\u00bb                    <\/p>\n<p class=\"article__paragraph  \">Des influenceurs clairement marqu\u00e9s \u00e0 droite ont \u00e9galement r\u00e9agi, comme Thiago Asmar, suivi par plus de 2\u00a0millions d\u2019internautes sur Instagram, qui s\u2019est film\u00e9 marchant pieds nus sur un trottoir br\u00fblant. \u00ab\u00a0Je me br\u00fble les pieds sur l\u2019asphalte, mais Havaianas, plus jamais\u00a0\u00bb, lance-t-il dans la l\u00e9gende d\u2019une vid\u00e9o.<\/p>\n<p class=\"article__paragraph  \">De nombreux internautes sugg\u00e8rent d\u2019acheter des tongs d\u2019une autre marque, tandis que d\u2019autres apparaissent sur des vid\u00e9os en train de couper les lani\u00e8res de leurs Havaianas. Le groupe Alpargatas, dont la marque Havaianas fait partie, n\u2019a pas r\u00e9pondu aux sollicitations de l\u2019Agence France-Presse au sujet de ces critiques. La pol\u00e9mique a \u00e9galement suscit\u00e9 son lot de r\u00e9actions \u00e0 gauche, la d\u00e9put\u00e9e travailliste Duda Salabert fustigeant des \u00ab\u00a0attaques idiotes\u00a0\u00bb.<\/p>\n<p class=\"article__paragraph  \">Selon elle, l\u2019appel au boycott menace des emplois dans sa r\u00e9gion du Minas Gerais, situ\u00e9e dans le sud-est du pays, o\u00f9 se trouve une des usines qui fabrique les tongs iconiques. Actrice engag\u00e9e \u00e0 gauche, Fernanda Torres a remport\u00e9 le Golden Globe de la meilleure actrice et a \u00e9t\u00e9 nomin\u00e9e aux Oscars pour son r\u00f4le dans Je suis toujours l\u00e0. Ce long-m\u00e9trage de Walter Salles retrace les ann\u00e9es de plomb de la dictature militaire (1964-1985)\u00a0; une \u00e9poque souvent \u00e9voqu\u00e9e avec nostalgie par le camp Bolsonaro.<\/p>\n<p>                                       Lire aussi |  Article r\u00e9serv\u00e9 \u00e0 nos abonn\u00e9s  <a href=\"https:\/\/www.lemonde.fr\/international\/article\/2025\/12\/08\/bresil-jair-bolsonaro-adoube-son-fils-aine-comme-successeur_6656456_3210.html\" class=\"js-article-read-also catcher--favoris__link\" data-premium=\"1\" id=\"article-title-3450027\" target=\"_blank\" rel=\"noopener\">Br\u00e9sil\u00a0: Jair Bolsonaro adoube son fils a\u00een\u00e9 comme successeur<\/a>    <\/p>\n<p>   Lire plus tard  <\/p>\n<p class=\"author__detail\">  Le Monde avec AFP  <\/p>\n<p>                <a href=\"https:\/\/www.lemonde.fr\/syndication\/\" class=\"reuse__content\" title=\"R\u00e9utiliser ce contenu\" target=\"_blank\" rel=\"noopener\">R\u00e9utiliser ce contenu<\/a>      <script async src=\"\/\/www.instagram.com\/embed.js\"><\/script><\/p>\n","protected":false},"excerpt":{"rendered":"Des tongs Havaianas dans un magasin, \u00e0 Sao Paulo, au Br\u00e9sil, le 28\u00a0novembre\u00a02022. MIGUEL SCHINCARIOL \/ AFP La&hellip;\n","protected":false},"author":2,"featured_media":616740,"comment_status":"","ping_status":"","sticky":false,"template":"","format":"standard","meta":{"footnotes":""},"categories":[5],"tags":[11,1011,27,14,12,28],"class_list":{"0":"post-616739","1":"post","2":"type-post","3":"status-publish","4":"format-standard","5":"has-post-thumbnail","7":"category-international","8":"tag-actualites","9":"tag-fr","10":"tag-france","11":"tag-international","12":"tag-news","13":"tag-world"},"share_on_mastodon":{"url":"https:\/\/pubeurope.com\/@fr\/115765751728289164","error":""},"_links":{"self":[{"href":"https:\/\/www.europesays.com\/fr\/wp-json\/wp\/v2\/posts\/616739","targetHints":{"allow":["GET"]}}],"collection":[{"href":"https:\/\/www.europesays.com\/fr\/wp-json\/wp\/v2\/posts"}],"about":[{"href":"https:\/\/www.europesays.com\/fr\/wp-json\/wp\/v2\/types\/post"}],"author":[{"embeddable":true,"href":"https:\/\/www.europesays.com\/fr\/wp-json\/wp\/v2\/users\/2"}],"replies":[{"embeddable":true,"href":"https:\/\/www.europesays.com\/fr\/wp-json\/wp\/v2\/comments?post=616739"}],"version-history":[{"count":0,"href":"https:\/\/www.europesays.com\/fr\/wp-json\/wp\/v2\/posts\/616739\/revisions"}],"wp:featuredmedia":[{"embeddable":true,"href":"https:\/\/www.europesays.com\/fr\/wp-json\/wp\/v2\/media\/616740"}],"wp:attachment":[{"href":"https:\/\/www.europesays.com\/fr\/wp-json\/wp\/v2\/media?parent=616739"}],"wp:term":[{"taxonomy":"category","embeddable":true,"href":"https:\/\/www.europesays.com\/fr\/wp-json\/wp\/v2\/categories?post=616739"},{"taxonomy":"post_tag","embeddable":true,"href":"https:\/\/www.europesays.com\/fr\/wp-json\/wp\/v2\/tags?post=616739"}],"curies":[{"name":"wp","href":"https:\/\/api.w.org\/{rel}","templated":true}]}}