{"id":616762,"date":"2025-12-22T23:30:57","date_gmt":"2025-12-22T23:30:57","guid":{"rendered":"https:\/\/www.europesays.com\/fr\/616762\/"},"modified":"2025-12-22T23:30:57","modified_gmt":"2025-12-22T23:30:57","slug":"pourquoi-aller-a-la-criee-a-rennes-voir-lexposition-dhelene-bertin-ici-rennes-metropole-actualites","status":"publish","type":"post","link":"https:\/\/www.europesays.com\/fr\/616762\/","title":{"rendered":"Pourquoi aller \u00e0 la Cri\u00e9e \u00e0 Rennes voir l&rsquo;exposition d&rsquo;H\u00e9l\u00e8ne Bertin ? | ICI RENNES M\u00c9TROPOLE Actualit\u00e9s"},"content":{"rendered":"<p>Derri\u00e8re les halles centrales en centre-ville de Rennes, le centre d\u2019art contemporain de la Cri\u00e9e pr\u00e9sente jusqu\u2019au 18 janvier 2026 l\u2019exposition \u00ab Dansetremblenage \u00bb. En cette p\u00e9riode hivernale, rien de tel qu\u2019une petite pause pour se r\u00e9g\u00e9n\u00e9rer. Cela tombe bien, avec l\u2019exposition apaisante, lumineuse et naturelle d&rsquo;H\u00e9l\u00e8ne Bertin.\u00a0<\/p>\n<p>D\u2019apr\u00e8s Sophie Kaplan, directrice de la Cri\u00e9e et commissaire de l\u2019exposition, \u00ab Dansetremblenage \u00bb est un \u00ab art de la joie \u00bb. Dans la salle principale, douze \u0153uvres en verre, remplies d\u2019huiles v\u00e9g\u00e9tales vari\u00e9es, de glands de ch\u00eane, de plumes de perruches ou autres coquillages, captent l\u2019attention. Ces \u00e9l\u00e9ments, glan\u00e9s par l\u2019artiste lors de ses promenades quand elle s\u2019\u00e9tait expatri\u00e9e au Br\u00e9sil pour surmonter des traumatismes. De retour en France, elle a fait appel au Centre international de recherche sur le verre et les arts plastiques (Cirva) qui a reproduit ses dessins, en tubes de verre.\u00a0<\/p>\n<p>Les formes des structures font r\u00e9f\u00e9rence \u00e0 des gestes de danse qu\u2019H\u00e9l\u00e8ne Bertin a pratiqu\u00e9s sur les plages du Br\u00e9sil, alors qu\u2019elle explorait tous les moyens de gu\u00e9rir. Cette ancienne danseuse a laiss\u00e9 son corps s\u2019exprimer, puis a dessin\u00e9 sur le sol, chaque matin, les mouvements qu\u2019elle avait cr\u00e9\u00e9s. C&rsquo;est \u00e0 partir des photos qu&rsquo;elle avait prises de ces \u0153uvres \u00e9ph\u00e9m\u00e8res qu&rsquo;elle a travaill\u00e9 ensuite, avec le Cirva, pour nous pr\u00e9senter ce travail, m\u00e9lange de danse et de sculpture.<\/p>\n<p>Dans la petite salle attenante, l\u2019artiste expose \u00ab Musardetournechante \u00bb. L\u00e0, deux hamacs et des bancs attendent les visiteurs, ainsi qu\u2019une grande roue des \u00e9motions. Chacun est invit\u00e9, s\u2019il le souhaite, \u00e0 la faire tourner et \u00e0 laisser le hasard choisir un texte intime \u00e9crit par l\u2019artiste sur l&rsquo;\u00eele \u00e9olienne de Filicudi. Douze textes qui nous parlent d&rsquo;\u00e9motion. Pour notre part, nous sommes tomb\u00e9s sur le d\u00e9go\u00fbt et la s\u00e9r\u00e9nit\u00e9\u2026 Quelle sera la v\u00f4tre\u00a0?<\/p>\n<p><b>Fran\u00e7oise Rouxel-Le Nigen\u00a0<\/b><\/p>\n","protected":false},"excerpt":{"rendered":"Derri\u00e8re les halles centrales en centre-ville de Rennes, le centre d\u2019art contemporain de la Cri\u00e9e pr\u00e9sente jusqu\u2019au 18&hellip;\n","protected":false},"author":2,"featured_media":616763,"comment_status":"","ping_status":"","sticky":false,"template":"","format":"standard","meta":{"footnotes":""},"categories":[2821],"tags":[1111,11,829,1777,674,1011,27,12,584,25],"class_list":{"0":"post-616762","1":"post","2":"type-post","3":"status-publish","4":"format-standard","5":"has-post-thumbnail","7":"category-rennes","8":"tag-actu","9":"tag-actualites","10":"tag-bretagne","11":"tag-eu","12":"tag-europe","13":"tag-fr","14":"tag-france","15":"tag-news","16":"tag-rennes","17":"tag-republique-francaise"},"share_on_mastodon":{"url":"https:\/\/pubeurope.com\/@fr\/115765830172760123","error":""},"_links":{"self":[{"href":"https:\/\/www.europesays.com\/fr\/wp-json\/wp\/v2\/posts\/616762","targetHints":{"allow":["GET"]}}],"collection":[{"href":"https:\/\/www.europesays.com\/fr\/wp-json\/wp\/v2\/posts"}],"about":[{"href":"https:\/\/www.europesays.com\/fr\/wp-json\/wp\/v2\/types\/post"}],"author":[{"embeddable":true,"href":"https:\/\/www.europesays.com\/fr\/wp-json\/wp\/v2\/users\/2"}],"replies":[{"embeddable":true,"href":"https:\/\/www.europesays.com\/fr\/wp-json\/wp\/v2\/comments?post=616762"}],"version-history":[{"count":0,"href":"https:\/\/www.europesays.com\/fr\/wp-json\/wp\/v2\/posts\/616762\/revisions"}],"wp:featuredmedia":[{"embeddable":true,"href":"https:\/\/www.europesays.com\/fr\/wp-json\/wp\/v2\/media\/616763"}],"wp:attachment":[{"href":"https:\/\/www.europesays.com\/fr\/wp-json\/wp\/v2\/media?parent=616762"}],"wp:term":[{"taxonomy":"category","embeddable":true,"href":"https:\/\/www.europesays.com\/fr\/wp-json\/wp\/v2\/categories?post=616762"},{"taxonomy":"post_tag","embeddable":true,"href":"https:\/\/www.europesays.com\/fr\/wp-json\/wp\/v2\/tags?post=616762"}],"curies":[{"name":"wp","href":"https:\/\/api.w.org\/{rel}","templated":true}]}}