{"id":616764,"date":"2025-12-22T23:32:15","date_gmt":"2025-12-22T23:32:15","guid":{"rendered":"https:\/\/www.europesays.com\/fr\/616764\/"},"modified":"2025-12-22T23:32:15","modified_gmt":"2025-12-22T23:32:15","slug":"a-strasbourg-la-population-continue-de-grimper","status":"publish","type":"post","link":"https:\/\/www.europesays.com\/fr\/616764\/","title":{"rendered":"\u00e0 Strasbourg, la population continue de grimper"},"content":{"rendered":"<p><b>Le 18 d\u00e9cembre, l\u2019Insee a publi\u00e9 son dernier recensement de la population fran\u00e7aise. On y apprend que Strasbourg est une des seules grandes villes du Grand Est a encore gagner des habitant(e)s, restant la 8e ville fran\u00e7aise avec 293 771 personnes. Petite plong\u00e9e dans les chiffres pour mieux comprendre notre ville.<\/b><\/p>\n<p class=\"p1\">Ann\u00e9e apr\u00e8s ann\u00e9e, la population strasbourgeoise continue de grimper. Le 18 d\u00e9cembre dernier, <a href=\"https:\/\/www.insee.fr\/fr\/statistiques\/8682718\" target=\"_blank\" rel=\"noopener\">l\u2019Insee publiait une \u00e9tude sur le dernier recensement de la population fran\u00e7aise<\/a>. On peut y d\u00e9couvrir qu\u2019au sein du Grand Est, <b>il n\u2019y a que le Bas-Rhin qui continue de gagner des habitant(e)s entre 2017 et 2023, alors que la population de la r\u00e9gion stagne<\/b>.<\/p>\n<p class=\"p1\">Une croissance d\u00e9mographique dans le d\u00e9partement qui est soutenue et s\u2019acc\u00e9l\u00e8re dans le temps (+0,56\u00a0% par an en moyenne, contre +0,38\u00a0% au cours des cinq ann\u00e9es pr\u00e9c\u00e9dentes). Un ph\u00e9nom\u00e8ne auquel participe Strasbourg, <b>puisque<\/b> <strong>n<\/strong><b>otre ville a gagn\u00e9 environ 2 134 habitant(e)s par an sur les six derni\u00e8res ann\u00e9es, soit 0,75%\/an<\/b>. Une acc\u00e9l\u00e9ration notable, puisque depuis 1968, la croissance en termes d\u2019habitant(e)s se fait \u00e0 0,32%\/an.<\/p>\n<p>    <img width=\"800\" height=\"533\" src=\"https:\/\/www.europesays.com\/fr\/wp-content\/uploads\/2025\/12\/touristes-cathedrale-2-800x533.jpg\" class=\"attachment-image-size-L size-image-size-L\" alt=\"touristes cath\u00e9drale 2\" decoding=\"async\" loading=\"lazy\"  \/>         \u00a9 David Lev\u00eaque \/ Pokaa <\/p>\n<p>Combien d&rsquo;habitant(e)s \u00e0 Strasbourg ? <\/p>\n<p class=\"p1\">Au 1er janvier 2023, Strasbourg comptait 293 771 habitant(e)s. <b>Un nombre qui cimente la 8e place de notre ville dans le classement des communes les plus peupl\u00e9es<\/b>. Elle se classe derri\u00e8re Paris, Marseille, Lyon, Toulouse, Nice, Nantes et Montpellier, mais reste devant Bordeaux, Lille et Rennes.<\/p>\n<p class=\"p1\">Alors que des villes du Grand Est comme Reims, Nancy, Mulhouse ou Colmar perdent des habitant(e)s, <b>Strasbourg forme avec Metz et Troyes un trio de communes qui voit encore chaque ann\u00e9e de nouvelles personnes arriver <\/b>\u2013 avec une croissance de 0,75%\/an sur les six derni\u00e8res ann\u00e9es.<\/p>\n<p class=\"p1\"><b>C\u2019est plus que des villes comme Lille, Marseille, Lyon et Paris (la seule ville du top 10 \u00e0 perdre des habitant(e)s). <\/b>La population strasbourgeoise cro\u00eet n\u00e9anmoins moins vite que celle de Nantes, Toulouse, Montpellier, Nice, mais aussi Rennes et Bordeaux, ses plus proches poursuivantes.<\/p>\n<p>    <img width=\"800\" height=\"533\" src=\"https:\/\/www.europesays.com\/fr\/wp-content\/uploads\/2025\/06\/rue-quartier-gare-800x533.jpg\" class=\"attachment-image-size-L size-image-size-L\" alt=\"Rue Quartier Gare\" decoding=\"async\" loading=\"lazy\"  \/>         \u00a9 David Lev\u00eaque \/ Pokaa <\/p>\n<p>Comment la ville de Strasbourg gagne-t-elle des habitant(e)s ?<\/p>\n<p class=\"p1\"><b>Strasbourg gagne des habitant(e)s par le solde naturel, soit la diff\u00e9rence entre les naissances et les d\u00e9c\u00e8s, qui repr\u00e9sente un gain de population de 0,6%\/an<\/b>. \u00c0 ce sujet, toujours selon l\u2019Insee, le taux de natalit\u00e9 strasbourgeois est de 13,3 naissances pour 1 000 habitant(e)s, au-dessus de la moyenne nationale \u00e0 11,1. De son c\u00f4t\u00e9, le taux de mortalit\u00e9 s\u2019\u00e9tablit \u00e0 7,5 pour 1 000 habitant(e)s, en dessous de la moyenne nationale \u00e0 9,5.<\/p>\n<p class=\"p1\">Ce solde naturel est ensuite compl\u00e9t\u00e9 par le solde migratoire, <b>soit la diff\u00e9rence entre les personnes qui viennent sur le territoire et celles qui en sortent, qui s\u2019\u00e9tablit \u00e0 0,1%\/an<\/b>.<\/p>\n<p>    <img width=\"800\" height=\"533\" src=\"https:\/\/www.europesays.com\/fr\/wp-content\/uploads\/2025\/12\/gutenberg-carousel-2-800x533.jpg\" class=\"attachment-image-size-L size-image-size-L\" alt=\"Gutenberg Carousel 2\" decoding=\"async\" loading=\"lazy\"  \/>         \u00a9 David Lev\u00eaque \/ Pokaa <\/p>\n<p>Comment se r\u00e9partissent les Strasbourgeois(es) en termes d\u2019\u00e2ge ?<\/p>\n<p class=\"p1\">Pour terminer, en plus d\u2019\u00eatre une ville dynamique en termes d\u2019habitant(e)s, Strasbourg est \u00e9galement une ville jeune. Selon l\u2019Insee, 16,7% des Strasbourgeois(es) ont moins de 15 ans, tandis que 19,7% ont entre 16 et 24 ans. <strong>O<\/strong><b>n a donc 36,4% de personnes entre 0 et 24 ans, un taux largement sup\u00e9rieur \u00e0 celui du Bas-Rhin, qui est de 28,3%<\/b>.<\/p>\n<p class=\"p1\">Ensuite, <b>la part de Strasbourgeois(es) ayant entre 25 et 64 ans s\u2019\u00e9tablit \u00e0 48,9%, repr\u00e9sentant ainsi la quasi-majorit\u00e9 des personnes install\u00e9es \u00e0 Strasbourg<\/b>. Enfin, la part des + de 65 ans s\u2019arr\u00eate \u00e0 14,6%, repr\u00e9sentant le plus petit pourcentage d\u2019habitant(e)s de la ville. En somme, Strasbourg reste une ville jeune et dynamique.<\/p>\n","protected":false},"excerpt":{"rendered":"Le 18 d\u00e9cembre, l\u2019Insee a publi\u00e9 son dernier recensement de la population fran\u00e7aise. On y apprend que Strasbourg&hellip;\n","protected":false},"author":2,"featured_media":616765,"comment_status":"","ping_status":"","sticky":false,"template":"","format":"standard","meta":{"footnotes":""},"categories":[2820],"tags":[1111,917,11,6969,1777,674,1011,27,775,4021,198,12,25,640],"class_list":{"0":"post-616764","1":"post","2":"type-post","3":"status-publish","4":"format-standard","5":"has-post-thumbnail","7":"category-strasbourg","8":"tag-actu","9":"tag-actu-locale","10":"tag-actualites","11":"tag-demographie","12":"tag-eu","13":"tag-europe","14":"tag-fr","15":"tag-france","16":"tag-grand-est","17":"tag-habitants","18":"tag-naissance","19":"tag-news","20":"tag-republique-francaise","21":"tag-strasbourg"},"share_on_mastodon":{"url":"https:\/\/pubeurope.com\/@fr\/115765835894245752","error":""},"_links":{"self":[{"href":"https:\/\/www.europesays.com\/fr\/wp-json\/wp\/v2\/posts\/616764","targetHints":{"allow":["GET"]}}],"collection":[{"href":"https:\/\/www.europesays.com\/fr\/wp-json\/wp\/v2\/posts"}],"about":[{"href":"https:\/\/www.europesays.com\/fr\/wp-json\/wp\/v2\/types\/post"}],"author":[{"embeddable":true,"href":"https:\/\/www.europesays.com\/fr\/wp-json\/wp\/v2\/users\/2"}],"replies":[{"embeddable":true,"href":"https:\/\/www.europesays.com\/fr\/wp-json\/wp\/v2\/comments?post=616764"}],"version-history":[{"count":0,"href":"https:\/\/www.europesays.com\/fr\/wp-json\/wp\/v2\/posts\/616764\/revisions"}],"wp:featuredmedia":[{"embeddable":true,"href":"https:\/\/www.europesays.com\/fr\/wp-json\/wp\/v2\/media\/616765"}],"wp:attachment":[{"href":"https:\/\/www.europesays.com\/fr\/wp-json\/wp\/v2\/media?parent=616764"}],"wp:term":[{"taxonomy":"category","embeddable":true,"href":"https:\/\/www.europesays.com\/fr\/wp-json\/wp\/v2\/categories?post=616764"},{"taxonomy":"post_tag","embeddable":true,"href":"https:\/\/www.europesays.com\/fr\/wp-json\/wp\/v2\/tags?post=616764"}],"curies":[{"name":"wp","href":"https:\/\/api.w.org\/{rel}","templated":true}]}}