{"id":616768,"date":"2025-12-22T23:34:33","date_gmt":"2025-12-22T23:34:33","guid":{"rendered":"https:\/\/www.europesays.com\/fr\/616768\/"},"modified":"2025-12-22T23:34:33","modified_gmt":"2025-12-22T23:34:33","slug":"emploi-immobilier-comment-expliquer-son-classement-mitige-dans-le-top-des-villes-ou-sinstaller-en-2026","status":"publish","type":"post","link":"https:\/\/www.europesays.com\/fr\/616768\/","title":{"rendered":"emploi, immobilier&#8230; Comment expliquer son classement mitig\u00e9 dans le \u00ab\u00a0top des villes o\u00f9 s&rsquo;installer en 2026\u00a0\u00bb ?"},"content":{"rendered":"<p><strong>Comme en 2024, Nice n\u2019est pas tr\u00e8s bien class\u00e9e dans le dernier barom\u00e8tre relatif \u00e0\u00a0l\u2019immobilier et \u00e0\u00a0l\u2019emploi propos\u00e9 par les experts de Meilleurtaux et M\u00e9t\u00e9ojob. La faute \u00e0\u00a0des prix \u00e9lev\u00e9s et \u00e0\u00a0un manque de CDI. Malgr\u00e9 tout, selon l\u2019Insee, la cit\u00e9 a\u00a0attir\u00e9 du monde ces derni\u00e8res ann\u00e9es.\u00a0<\/strong><\/p>\n<p>Les salari\u00e9s <a href=\"https:\/\/nicepresse.com\/emplois-nice-resiste-aux-envies-dailleurs-pourquoi-tant-dactifs-preferent-rester-sur-la-cote-dazur-malgre-une-forte-tendance-nationale\/\" data-wpel-link=\"internal\" target=\"_blank\" rel=\"noopener\">appr\u00e9cient \u00e9norm\u00e9ment le cadre de vie<\/a> ni\u00e7ois. Pour autant, la capitale maralpine est-elle une destination recommand\u00e9e pour d\u00e9m\u00e9nager en 2026\u00a0? R\u00e9ponse plut\u00f4t timide selon la 7e \u00e9dition du <a href=\"https:\/\/www.meilleurtaux.com\/espace-presse\/communiques-de-presse\/barometre-emploi-et-logement-2026.html\" target=\"_blank\" rel=\"noopener external noreferrer\" data-wpel-link=\"external\" class=\"wpel-icon-right\">\u00ab\u00a0Barom\u00e8tre emploi &amp;\u00a0logement\u00a0\u00bb<\/a> publi\u00e9 par les sp\u00e9cialistes de M\u00e9t\u00e9ojob et Meilleurtaux. Une \u00e9tude qui s\u2019int\u00e9resse plus particuli\u00e8rement \u00e0\u00a0la situation professionnelle et aux montants de la pierre dans les grandes villes fran\u00e7aises.<\/p>\n<p>Deux crit\u00e8res qui lui permettent de d\u00e9signer les communes de l\u2019Hexagone qui ont tout pour plaire. Comme souvent, ce sont les localit\u00e9s dites interm\u00e9diaires qui tirent leur \u00e9pingle du jeu. N\u00e9anmoins, le rapport souligne \u00ab\u00a0une\u00a0am\u00e9lioration des conditions d\u2019installation\u00a0\u00bb dans notre pays. Une affirmation particuli\u00e8rement valable pour Mulhouse, Saint-\u00c9tienne et Rouen, tout en haut de la hi\u00e9rarchie, dans cet\u00a0ordre.<\/p>\n<p><a href=\"https:\/\/espacelympia.departement06.fr\/agenda\/brigitte-mylene-et-michele-les-petites-cheries-de-la-cote-dazur\" data-wpel-link=\"external\" target=\"_blank\" rel=\"external noopener noreferrer\"><img loading=\"lazy\" decoding=\"async\" width=\"300\" height=\"300\" src=\"https:\/\/www.europesays.com\/fr\/wp-content\/uploads\/2025\/12\/APWeb_LPC_300x300_YB_300-x-300.jpg\" alt=\"\" class=\"wp-image-262664\"\/><\/a><\/p>\n<p>Nice manque de\u00a0CDI\u2026<\/p>\n<p>C\u2019est plus compliqu\u00e9 en revanche pour les aires urbaines les plus vastes. Strasbourg, entre autres, perd sept positions. \u00c0\u00a0Lyon, Lille et Toulouse, la chute est de quatre \u00ab\u00a0\u00e9tages\u00a0\u00bb. Bordeaux \u00e9tant le contre-exemple parfait (+7 rangs). Les r\u00e9sultats sont donc tr\u00e8s disparates, en d\u00e9faveur g\u00e9n\u00e9ralement des m\u00e9tropoles les plus peupl\u00e9es. \u00c0\u00a0l\u2019image de Nice, qui stagne en bas du classement.<\/p>\n<p>La Baie des Anges est avant-derni\u00e8re, devan\u00e7ant Paris, qui ferme la marche. Concernant <a href=\"https:\/\/nicepresse.com\/nice-region-le-chomage-repart-dans-les-alpes-maritimes-signe-dun-marche-de-lemploi-azureen-plus-vulnerable-quil-ny-parait\/\" data-wpel-link=\"internal\" target=\"_blank\" rel=\"noopener\">le travail<\/a>, seules 35% des 35.353 propositions recens\u00e9es sur M\u00e9t\u00e9ojob sont en CDI. Aucune municipalit\u00e9 n\u2019a un taux aussi bas. Idem avec les trois contrats \u00e0\u00a0dur\u00e9e ind\u00e9termin\u00e9e relev\u00e9s pour 1.000 habitants, un chiffre inf\u00e9rieur au reste des cit\u00e9s hexagonales.<\/p>\n<p>\u2026et propose des prix presque inaccessibles pour l\u2019immobilier<\/p>\n<p>\u00c0 propos de l\u2019immobilier, <a href=\"https:\/\/nicepresse.com\/nice-attire-plus-que-jamais-cette-etude-sur-un-marche-immobilier-en-pleine-effervescence-ce-chiffre-pourrait-crever-le-plafond-des-2026\/\" data-wpel-link=\"internal\" target=\"_blank\" rel=\"noopener\">la capitale maralpine<\/a> serait \u00e9galement moins \u00ab\u00a0accueillante\u00a0\u00bb, en partie \u00e0\u00a0cause <a href=\"https:\/\/nicepresse.com\/immobilier-nice-grimpe-dans-un-classement-mondial-peu-enviable-cest-cet-indicateur-precis-qui-change-toute-la-lecture\/\" data-wpel-link=\"internal\" target=\"_blank\" rel=\"noopener\">de ses prix tr\u00e8s \u00e9lev\u00e9s<\/a>. Avec un m\u00e8tre carr\u00e9 \u00e9tabli \u00e0\u00a05.200 euros, elle est la troisi\u00e8me destination la plus on\u00e9reuse en France.\u00a0<\/p>\n<p>En partant du salaire m\u00e9dian net de 2.513\u00a0euros, qui est la moyenne ni\u00e7oise, vous pouvez esp\u00e9rer acqu\u00e9rir une r\u00e9sidence de 28 m\u00e8tres carr\u00e9s. Seules Paris (17 m\u00e8tres carr\u00e9s) et Aix-en-Provence (24 m\u00e8tres carr\u00e9s) offrent un plus faible pouvoir d\u2019achat.<\/p>\n<blockquote class=\"twitter-tweet\">\n<p lang=\"fr\" dir=\"ltr\">357 737 raisons d\u2019aimer Nice. <br \/>Le dernier recensement de l\u2019INSEE montre que notre ville continue de grandir. <br \/>Si Nice attire, c\u2019est d\u2019abord gr\u00e2ce \u00e0\u00a0celles et ceux qui y\u00a0vivent depuis toujours, qui la font vivre, la transmettent et l\u2019aiment.<br \/>Cette confiance nous engage\u00a0: mieux\u2026 <a href=\"https:\/\/t.co\/K97gtNW7X9\" data-wpel-link=\"external\" target=\"_blank\" rel=\"external noopener noreferrer\" class=\"wpel-icon-right\">pic.twitter.com\/K97gtNW7X9<\/a><\/p>\n<p>\u2014 Christian Estrosi (@cestrosi) <a href=\"https:\/\/twitter.com\/cestrosi\/status\/2003068110308245527?ref_src=twsrc%5Etfw\" target=\"_blank\" rel=\"noopener external noreferrer\" data-wpel-link=\"external\" class=\"wpel-icon-right\">December 22,\u00a02025<\/a><\/p><\/blockquote>\n<p>Comme en 2024 donc, Nice termine 30e, sur les 31 villes observ\u00e9es. Un r\u00e9sultat \u00e0\u00a0nuancer\u00a0! Selon la derni\u00e8re \u00e9tude de l\u2019Insee, elle a\u00a0tout de m\u00eame gagn\u00e9 environ 17.000 habitants en six ans, quand d\u2019autres communes ont encha\u00een\u00e9 les d\u00e9parts.<\/p>\n<p><a href=\"https:\/\/www.nice.fr\/noel-a-nice\/\" data-wpel-link=\"external\" target=\"_blank\" rel=\"external noopener noreferrer\"><img loading=\"lazy\" decoding=\"async\" width=\"300\" height=\"300\" src=\"https:\/\/www.europesays.com\/fr\/wp-content\/uploads\/2025\/11\/NoelNice_Coeur-Article-NicePresse-300x300-2.png\" alt=\"\" class=\"wp-image-260426\"\/><\/a><\/p>\n<p>Quant \u00e0\u00a0ses voisines de Provence-Alpes-C\u00f4te d\u2019Azur, elles ne sont pas beaucoup mieux loties. Marseille est 29e, Toulon est 26e et Aix-en-Provence 22e. Pour les deux premi\u00e8res, l\u2019absence de CDI en grande quantit\u00e9 est pr\u00e9judiciable. La derni\u00e8re, elle, est p\u00e9nalis\u00e9e par des tarifs prohibitifs concernant le logement.<\/p>\n<p>\t<script async src=\"https:\/\/platform.twitter.com\/widgets.js\" charset=\"utf-8\"><\/script><\/p>\n","protected":false},"excerpt":{"rendered":"Comme en 2024, Nice n\u2019est pas tr\u00e8s bien class\u00e9e dans le dernier barom\u00e8tre relatif \u00e0\u00a0l\u2019immobilier et \u00e0\u00a0l\u2019emploi propos\u00e9&hellip;\n","protected":false},"author":2,"featured_media":616769,"comment_status":"","ping_status":"","sticky":false,"template":"","format":"standard","meta":{"footnotes":""},"categories":[2819],"tags":[1111,11,1777,674,1011,27,12,2401,882,25],"class_list":{"0":"post-616768","1":"post","2":"type-post","3":"status-publish","4":"format-standard","5":"has-post-thumbnail","7":"category-nice","8":"tag-actu","9":"tag-actualites","10":"tag-eu","11":"tag-europe","12":"tag-fr","13":"tag-france","14":"tag-news","15":"tag-nice","16":"tag-provence-alpes-cote-dazur","17":"tag-republique-francaise"},"share_on_mastodon":{"url":"https:\/\/pubeurope.com\/@fr\/115765843319371647","error":""},"_links":{"self":[{"href":"https:\/\/www.europesays.com\/fr\/wp-json\/wp\/v2\/posts\/616768","targetHints":{"allow":["GET"]}}],"collection":[{"href":"https:\/\/www.europesays.com\/fr\/wp-json\/wp\/v2\/posts"}],"about":[{"href":"https:\/\/www.europesays.com\/fr\/wp-json\/wp\/v2\/types\/post"}],"author":[{"embeddable":true,"href":"https:\/\/www.europesays.com\/fr\/wp-json\/wp\/v2\/users\/2"}],"replies":[{"embeddable":true,"href":"https:\/\/www.europesays.com\/fr\/wp-json\/wp\/v2\/comments?post=616768"}],"version-history":[{"count":0,"href":"https:\/\/www.europesays.com\/fr\/wp-json\/wp\/v2\/posts\/616768\/revisions"}],"wp:featuredmedia":[{"embeddable":true,"href":"https:\/\/www.europesays.com\/fr\/wp-json\/wp\/v2\/media\/616769"}],"wp:attachment":[{"href":"https:\/\/www.europesays.com\/fr\/wp-json\/wp\/v2\/media?parent=616768"}],"wp:term":[{"taxonomy":"category","embeddable":true,"href":"https:\/\/www.europesays.com\/fr\/wp-json\/wp\/v2\/categories?post=616768"},{"taxonomy":"post_tag","embeddable":true,"href":"https:\/\/www.europesays.com\/fr\/wp-json\/wp\/v2\/tags?post=616768"}],"curies":[{"name":"wp","href":"https:\/\/api.w.org\/{rel}","templated":true}]}}