{"id":616770,"date":"2025-12-22T23:35:11","date_gmt":"2025-12-22T23:35:11","guid":{"rendered":"https:\/\/www.europesays.com\/fr\/616770\/"},"modified":"2025-12-22T23:35:11","modified_gmt":"2025-12-22T23:35:11","slug":"logc-nice-sactive-sur-un-international-marocain-a-65-me","status":"publish","type":"post","link":"https:\/\/www.europesays.com\/fr\/616770\/","title":{"rendered":"L&rsquo;OGC Nice s&rsquo;active sur un international marocain \u00e0 6,5 M\u20ac"},"content":{"rendered":"<p>L\u2019OGC Nice a fait une approche pour recruter un international marocain.<\/p>\n<p>Dans une situation sportive tr\u00e8s critique, l\u2019OGC Nice va devoir se battre pour son maintien lors de la seconde partie de saison. Pour mener \u00e0 bien cette mission, les Aiglons sont en train de s\u2019activer sur le mercato.<\/p>\n<p>En plus de la piste Elye Wahi en attaque, le club azur\u00e9en a fait une approche pour Amir Richardson, selon Fabrizio Romano. Le milieu de la Fiorentina figure sur la short-list de Nice pour le mercato d\u2019hiver. Les Aiglons ont ainsi d\u00e9j\u00e0 manifest\u00e9 leur int\u00e9r\u00eat pour l\u2019international marocain, qui a \u00e9t\u00e9 form\u00e9 au GYM.<\/p>\n","protected":false},"excerpt":{"rendered":"L\u2019OGC Nice a fait une approche pour recruter un international marocain. Dans une situation sportive tr\u00e8s critique, l\u2019OGC&hellip;\n","protected":false},"author":2,"featured_media":616771,"comment_status":"","ping_status":"","sticky":false,"template":"","format":"standard","meta":{"footnotes":""},"categories":[2819],"tags":[1111,11,1777,674,1011,27,12,2401,882,25],"class_list":{"0":"post-616770","1":"post","2":"type-post","3":"status-publish","4":"format-standard","5":"has-post-thumbnail","7":"category-nice","8":"tag-actu","9":"tag-actualites","10":"tag-eu","11":"tag-europe","12":"tag-fr","13":"tag-france","14":"tag-news","15":"tag-nice","16":"tag-provence-alpes-cote-dazur","17":"tag-republique-francaise"},"share_on_mastodon":{"url":"https:\/\/pubeurope.com\/@fr\/115765845973254469","error":""},"_links":{"self":[{"href":"https:\/\/www.europesays.com\/fr\/wp-json\/wp\/v2\/posts\/616770","targetHints":{"allow":["GET"]}}],"collection":[{"href":"https:\/\/www.europesays.com\/fr\/wp-json\/wp\/v2\/posts"}],"about":[{"href":"https:\/\/www.europesays.com\/fr\/wp-json\/wp\/v2\/types\/post"}],"author":[{"embeddable":true,"href":"https:\/\/www.europesays.com\/fr\/wp-json\/wp\/v2\/users\/2"}],"replies":[{"embeddable":true,"href":"https:\/\/www.europesays.com\/fr\/wp-json\/wp\/v2\/comments?post=616770"}],"version-history":[{"count":0,"href":"https:\/\/www.europesays.com\/fr\/wp-json\/wp\/v2\/posts\/616770\/revisions"}],"wp:featuredmedia":[{"embeddable":true,"href":"https:\/\/www.europesays.com\/fr\/wp-json\/wp\/v2\/media\/616771"}],"wp:attachment":[{"href":"https:\/\/www.europesays.com\/fr\/wp-json\/wp\/v2\/media?parent=616770"}],"wp:term":[{"taxonomy":"category","embeddable":true,"href":"https:\/\/www.europesays.com\/fr\/wp-json\/wp\/v2\/categories?post=616770"},{"taxonomy":"post_tag","embeddable":true,"href":"https:\/\/www.europesays.com\/fr\/wp-json\/wp\/v2\/tags?post=616770"}],"curies":[{"name":"wp","href":"https:\/\/api.w.org\/{rel}","templated":true}]}}