{"id":616781,"date":"2025-12-22T23:42:12","date_gmt":"2025-12-22T23:42:12","guid":{"rendered":"https:\/\/www.europesays.com\/fr\/616781\/"},"modified":"2025-12-22T23:42:12","modified_gmt":"2025-12-22T23:42:12","slug":"un-bebe-retrouve-mort-dans-un-sac-a-dos-ramene-au-chu-de-toulouse-par-une-jeune-femme","status":"publish","type":"post","link":"https:\/\/www.europesays.com\/fr\/616781\/","title":{"rendered":"Un b\u00e9b\u00e9 retrouv\u00e9 mort dans un sac \u00e0 dos, ramen\u00e9 au CHU de Toulouse par une jeune femme"},"content":{"rendered":"<p>                    Par<br \/>\n        <strong><br \/>\n            <a href=\"https:\/\/actu.fr\/auteur\/anaelle-montagne\" title=\"Consulter tous les articles de Anaelle Montagne\" target=\"_blank\" rel=\"noopener\">Anaelle Montagne<\/a><br \/>\n                    <\/strong><\/p>\n<p>        Publi\u00e9 le<\/p>\n<p>            22 d\u00e9c. 2025 \u00e0 18h51<br \/>\n        ; mis \u00e0 jour le 22 d\u00e9c. 2025 \u00e0 18h52    <\/p>\n<p>Les soignants de <a href=\"https:\/\/actu.fr\/tag\/chu-de-toulouse\" target=\"_blank\" rel=\"noopener\">l\u2019h\u00f4pital Pierre-Paul Riquet<\/a>, \u00e0 Toulouse, ont fait <strong>une macabre d\u00e9couverte<\/strong> au coeur des f\u00eates de fin d\u2019ann\u00e9e. Ce lundi 22 d\u00e9cembre, en fin de matin\u00e9e, une jeune femme \u00e2g\u00e9e de 23 ans leur a apport\u00e9 un sac \u00e0 dos qui contenait<strong> le corps sans vie d\u2019un nourrisson<\/strong>, selon une information r\u00e9v\u00e9l\u00e9e par <a href=\"https:\/\/www.ladepeche.fr\/2025\/12\/22\/cette-femme-de-23-ans-entre-a-lhopital-des-enfants-avec-un-sac-a-dos-le-contenu-glace-les-medecins-13125839.php\" target=\"_blank\" rel=\"noopener\">La D\u00e9p\u00eache<\/a> qu\u2019<a href=\"https:\/\/actu.fr\/toulouse\/\" target=\"_blank\" rel=\"noopener\">Actu Toulouse<\/a> est en mesure de confirmer.\u00a0<\/p>\n<p>La d\u00e9couverte du nourrisson<\/p>\n<p class=\" wall-content\">Il \u00e9tait environ 11 heures quand la femme s\u2019est pr\u00e9sent\u00e9e \u00e0 l\u2019accueil de l\u2019h\u00f4pital Pierre Paul Riquet, situ\u00e9 au sein du site de Purpan. \u00ab\u00a0Elle a dit qu\u2019une amie lui avait donn\u00e9 le sac en lui demandant de <strong>s\u2019en d\u00e9barrasser<\/strong>, et qu\u2019en voyant ce qu\u2019il y avait \u00e0 l\u2019int\u00e9rieur, elle avait d\u00e9cid\u00e9 de l\u2019apporter \u00e0 l\u2019h\u00f4pital\u00a0\u00bb, indique une source polici\u00e8re d\u2019<a href=\"https:\/\/actu.fr\/toulouse\/\" target=\"_blank\" rel=\"noopener\">Actu Toulouse<\/a>.<\/p>\n<p class=\" wall-content\">Son discours est confus, elle semble perturb\u00e9e. Les soignants d\u00e9cident tout de m\u00eame d\u2019ouvrir le sac\u2026 et <strong>d\u00e9couvrent l\u2019indiscible<\/strong> : un minuscule nouveau-n\u00e9, d\u00e9c\u00e9d\u00e9.\u00a0<\/p>\n<p>Elle soutient qu\u2019une amie lui a confi\u00e9 l\u2019enfant<\/p>\n<p class=\" wall-content\">Rapidement, l\u2019infirmi\u00e8re cadre des urgences appelle la police et retient la jeune femme sur place. Elle soutient que ce b\u00e9b\u00e9 n\u2019est pas le sien et<strong> qu\u2019une amie le lui a confi\u00e9<\/strong>.<\/p>\n<p class=\" wall-content\">Interpell\u00e9e, la jeune femme a rapidement \u00e9t\u00e9 plac\u00e9e en <strong>garde \u00e0 vue<\/strong>, o\u00f9 elle se trouvait toujours ce lundi 22 d\u00e9cembre en fin de journ\u00e9e.<\/p>\n<p>Vid\u00e9os : en ce moment sur ActuExamen m\u00e9dical et autopsie<\/p>\n<p class=\" wall-content\">Une enqu\u00eate a \u00e9t\u00e9 ouverte, pour <strong>meurtre sur mineur de moins de quinze ans<\/strong>. Un examen m\u00e9dical devrait ensuite \u00eatre diligent\u00e9, pour v\u00e9rifier si la jeune femme est la m\u00e8re du nouveau-n\u00e9. <strong>L\u2019autopsie<\/strong> du b\u00e9b\u00e9 devrait aussi \u00e9clairer les enqu\u00eateurs ; elle doit \u00eatre r\u00e9alis\u00e9e ce mardi 23 d\u00e9cembre.<\/p>\n<p class=\" wall-content\">Plus d\u2019informations \u00e0 venir.\u00a0<\/p>\n<p class=\" wall-content\">Personnalisez votre actualit\u00e9 en ajoutant vos villes et m\u00e9dias en favori avec <a href=\"https:\/\/moncompte.actu.fr\" title=\"D\u00e9couvez Mon Actu\" rel=\"nofollow noopener\" data-trk=\"{&quot;cta&quot;:{&quot;action&quot;:&quot;https:\\\/\\\/moncompte.actu.fr&quot;,&quot;category&quot;:&quot;mon compte&quot;,&quot;from&quot;:&quot;article footer&quot;,&quot;name&quot;:&quot;Mon actu&quot;,&quot;type&quot;:&quot;cta&quot;}}\" target=\"_blank\">Mon Actu<\/a>.<\/p>\n","protected":false},"excerpt":{"rendered":"Par Anaelle Montagne Publi\u00e9 le 22 d\u00e9c. 2025 \u00e0 18h51 ; mis \u00e0 jour le 22 d\u00e9c. 2025&hellip;\n","protected":false},"author":2,"featured_media":616782,"comment_status":"","ping_status":"","sticky":false,"template":"","format":"standard","meta":{"footnotes":""},"categories":[2816],"tags":[1111,11,2630,1777,674,118,1011,27,12,2680,25,2312],"class_list":{"0":"post-616781","1":"post","2":"type-post","3":"status-publish","4":"format-standard","5":"has-post-thumbnail","7":"category-toulouse","8":"tag-actu","9":"tag-actualites","10":"tag-chu-de-toulouse","11":"tag-eu","12":"tag-europe","13":"tag-faits-divers","14":"tag-fr","15":"tag-france","16":"tag-news","17":"tag-occitanie","18":"tag-republique-francaise","19":"tag-toulouse"},"share_on_mastodon":{"url":"","error":""},"_links":{"self":[{"href":"https:\/\/www.europesays.com\/fr\/wp-json\/wp\/v2\/posts\/616781","targetHints":{"allow":["GET"]}}],"collection":[{"href":"https:\/\/www.europesays.com\/fr\/wp-json\/wp\/v2\/posts"}],"about":[{"href":"https:\/\/www.europesays.com\/fr\/wp-json\/wp\/v2\/types\/post"}],"author":[{"embeddable":true,"href":"https:\/\/www.europesays.com\/fr\/wp-json\/wp\/v2\/users\/2"}],"replies":[{"embeddable":true,"href":"https:\/\/www.europesays.com\/fr\/wp-json\/wp\/v2\/comments?post=616781"}],"version-history":[{"count":0,"href":"https:\/\/www.europesays.com\/fr\/wp-json\/wp\/v2\/posts\/616781\/revisions"}],"wp:featuredmedia":[{"embeddable":true,"href":"https:\/\/www.europesays.com\/fr\/wp-json\/wp\/v2\/media\/616782"}],"wp:attachment":[{"href":"https:\/\/www.europesays.com\/fr\/wp-json\/wp\/v2\/media?parent=616781"}],"wp:term":[{"taxonomy":"category","embeddable":true,"href":"https:\/\/www.europesays.com\/fr\/wp-json\/wp\/v2\/categories?post=616781"},{"taxonomy":"post_tag","embeddable":true,"href":"https:\/\/www.europesays.com\/fr\/wp-json\/wp\/v2\/tags?post=616781"}],"curies":[{"name":"wp","href":"https:\/\/api.w.org\/{rel}","templated":true}]}}