{"id":616785,"date":"2025-12-22T23:45:22","date_gmt":"2025-12-22T23:45:22","guid":{"rendered":"https:\/\/www.europesays.com\/fr\/616785\/"},"modified":"2025-12-22T23:45:22","modified_gmt":"2025-12-22T23:45:22","slug":"au-dernier-moment-on-est-plus-efficace-mais-moins-inventif","status":"publish","type":"post","link":"https:\/\/www.europesays.com\/fr\/616785\/","title":{"rendered":"Au dernier moment, on est plus efficace mais moins inventif"},"content":{"rendered":"<p>Du monde partout, des paquets cadeaux aussi mais du temps et de la patience nulle part. Ce lundi matin, le 22\u00a0d\u00e9cembre, <a href=\"https:\/\/www.laprovence.com\/article\/region\/6559765345998114\/je-me-retrouve-toujours-dans-la-meme-galere-ces-marseillais-dans-la-course-aux-cadeaux-de-derniere-minute\" target=\"_blank\" rel=\"noopener\">le compte \u00e0 rebours avant le r\u00e9veillon de No\u00ebl<\/a> s\u2019\u00e9gr\u00e8ne \u00e0 grande vitesse sous les yeux de ceux qui n\u2019ont pas \u00e9t\u00e9 pr\u00e9voyants cette ann\u00e9e pour assurer des pr\u00e9sents au <a href=\"https:\/\/www.laprovence.com\/article\/sortie-loisirs\/81221222737119\/noel-commence-dans-les-quartiers-marseillais\" target=\"_blank\" rel=\"noopener\">pied du sapin<\/a>. La procrastination peut marcher un temps, mais Maryse a bien d\u00fb se rendre \u00e0 l\u2019\u00e9vidence, <a href=\"https:\/\/www.laprovence.com\/article\/societe\/12258588176180\/pere-noel-a-marseille-costume-etouffant-moqueries-provocations-les-coulisses-dun-metier-pas-si-feerique\" target=\"_blank\" rel=\"noopener\">les cadeaux<\/a> pour ses petits-enfants, sa fille et son beau-fils ne vont pas se faire tout seul.<\/p>\n<p>Premi\u00e8re escale pour cette chic et sportive retrait\u00e9e, Nature &amp; d\u00e9couvertes, au <a href=\"https:\/\/www.laprovence.com\/article\/politique\/8936071785905914\/galeries-lafayette-du-centre-bourse-a-marseille-payan-veut-un-pole-culturel-scientifique-et-de-loisirs\" target=\"_blank\" rel=\"noopener\">Centre Bourse<\/a>. Depuis la <a href=\"https:\/\/www.laprovence.com\/article\/region\/4428836735238614\/fermeture-des-galeries-lafayette-a-marseille-la-ville-rachete-les-locaux-du-centre-bourse\" target=\"_blank\" rel=\"noopener\">fermeture, en novembre, des Galeries Lafayette<\/a>, il faut bien dire que l\u2019affluence est moindre et qu\u2019on ne se bouscule pas dans les magasins. \u00ab\u00a0C\u2019est tant mieux, comme \u00e7a, on peut un peu fl\u00e2ner et ne pas paniquer. Car quand on s\u2019y prend au dernier moment, on est plus efficace mais moins inventif\u00a0\u00bb, avoue Maryse.<\/p>\n<p>Elle en profite pour rep\u00e9rer des livres avec des conseils de randonn\u00e9es pour elle et son mari, et pourquoi pas toute la petite famille. \u00ab\u00a0L\u2019id\u00e9e cette ann\u00e9e, c\u2019est, au-del\u00e0 du mat\u00e9riel, d\u2019offrir des choses qui donnent envie de passer du temps ensemble\u00a0\u00bb, d\u00e9crit la septuag\u00e9naire.<\/p>\n<p>Mais <a href=\"https:\/\/www.laprovence.com\/article\/societe\/6240016896449914\/cadeaux-de-noel-chat-chien-lapin-pourquoi-ce-nest-pas-forcement-une-bonne-idee-doffrir-un-animal-de-compagnie\" target=\"_blank\" rel=\"noopener\">des id\u00e9es<\/a>, encore faut-il en avoir. Au rayon des jeux d\u2019\u00e9veil et des jouets pour enfants, des clients sont suspendus \u00e0 leur t\u00e9l\u00e9phone, le ton anxieux\u00a0: \u00ab\u00a0Mais tu crois que c\u2019est adapt\u00e9 pour son \u00e2ge, un puzzle\u00a0?\u00a0\u00bb, se demande Thierry, un cadre press\u00e9. En ces temps de stress, o\u00f9 il faut tout anticiper, <a href=\"https:\/\/www.laprovence.com\/article\/sante\/1235081179886515\/repas-de-noel-cest-la-dose-qui-fait-le-poison-pourquoi-la-culpabilite-na-plus-sa-place-a-table-durant-les-fetes\" target=\"_blank\" rel=\"noopener\">du plan de table au menu<\/a> et aux jeux de soci\u00e9t\u00e9 qu\u2019il faudra sortir pour occuper la famille avant le dessert, un petit tour par l\u2019espace relaxation ne peut pas faire de mal.<\/p>\n<p>Pour passer un No\u00ebl le plus au calme possible, L\u00e9a, trentenaire, en profite d\u2019ailleurs pour s\u2019offrir un diffuseur et un applicateur d\u2019huiles essentielles, afin d\u2019apaiser de futurs maux de ventre et de t\u00eate.<strong\/><\/p>\n<p>Livres politiques et L\u00e9na Situations<\/p>\n<p>Les vertiges de l\u2019Avent ne manquent pas non plus de saisir les clients de la Fnac voisine, autre enseigne survivante du Centre Bourse qui draine du monde. Les <a href=\"https:\/\/www.laprovence.com\/article\/culture-loisirs\/5194684938667514\/les-livres-a-glisser-dans-sa-valise-d-apres-la-librairie-le-petit-pantagruel-a-marseille\" target=\"_blank\" rel=\"noopener\">libraires courent<\/a> partout entre les rayons pour prodiguer leurs conseils. Cette ann\u00e9e, comme toutes les autres, les prix litt\u00e9raires ont la cote, tout comme la s\u00e9lection d\u2019ouvrages conseill\u00e9s dans l\u2019\u00e9mission pr\u00e9sent\u00e9e par <a href=\"https:\/\/www.laprovence.com\/article\/culture-loisirs\/40790000247442\/la-grande-librairie-au-mucem-je-crois-que-les-ecrivains-peuvent-changer-le-monde-pour-augustin-trapenard\" target=\"_blank\" rel=\"noopener\">Augustin Trapenard, La Grande librairie<\/a>.<\/p>\n<p><a href=\"https:\/\/www.laprovence.com\/elections\/municipales\" target=\"_blank\" rel=\"noopener\">\u00c9lections municipales<\/a> imminentes, et campagne pr\u00e9sidentielle pour\u00a02027 qui pointe le bout de son nez obligent, les livres sur la politique fran\u00e7aise et ceux \u00e9crits par des personnages de la Ve\u00a0R\u00e9publique marchent bien\u00a0: comme <a href=\"https:\/\/www.laprovence.com\/article\/politique\/81364636669409\/foule-pour-nicolas-sarkozy-en-dedicace-a-marseille-vous-etes-un-grand-homme-je-peux-prendre-un-selfie\" target=\"_blank\" rel=\"noopener\">Journal d\u2019un prisonnier de Nicolas Sarkozy<\/a>, ou Histoire des id\u00e9es re\u00e7ues de l\u2019histoire de France de Yann Bouvier. Les best-sellers jeunesses s\u2019ach\u00e8tent aussi \u00e0 tour de bras, comme la <a href=\"https:\/\/www.laprovence.com\/actu\/en-direct\/7455593246102315\/video-aix-lheroine-de-bande-dessinee-mortelle-adele-deplace-les-foules\" target=\"_blank\" rel=\"noopener\">saga Mortelle Ad\u00e8le<\/a> ou le nouveau livre de <a href=\"https:\/\/www.laprovence.com\/article\/faits-divers-justice\/84376870198490\/insultes-menaces-de-mort-l-influenceuse-lena-situations-cyberharcelee-depuis-son-passage-dans-popcorn\" target=\"_blank\" rel=\"noopener\">l\u2019influenceuse L\u00e9na Situations<\/a>.<\/p>\n<p>Pour les amateurs de sensations fortes &#8211; escalators bond\u00e9s et file d\u2019attente en caisse &#8211; les <a href=\"https:\/\/www.laprovence.com\/article\/economie\/12916106154244\/centre-commercial-des-terrasses-du-port-a-marseille-les-10-ans-d-un-pari-reussi\" target=\"_blank\" rel=\"noopener\">Terrasses du port<\/a> ces jours-ci sont une bonne adresse. Sur le mois de d\u00e9cembre, la direction du centre commercial face \u00e0 la mer compte plus d\u2019un million de visiteurs, dont 75\u00a0000 rien que le week-end qui vient de s\u2019\u00e9couler.<\/p>\n<p><img alt=\"Les cadeaux de derni\u00e8re minute occasionnent parfois du stress pour les retardataires.\" loading=\"lazy\" decoding=\"async\" data-nimg=\"fill\" class=\" TwicCore_img__i9TC1 undefined  undefined\" style=\"position:absolute;height:100%;width:100%;left:0;top:0;right:0;bottom:0;color:transparent;background-size:cover;background-position:50% 50%;background-repeat:no-repeat;background-image:url(&quot;data:image\/svg+xml;charset=utf-8,%3Csvg xmlns='http:\/\/www.w3.org\/2000\/svg' %3E%3Cfilter id='b' color-interpolation-filters='sRGB'%3E%3CfeGaussianBlur stdDeviation='20'\/%3E%3CfeColorMatrix values='1 0 0 0 0 0 1 0 0 0 0 0 1 0 0 0 0 0 100 -1' result='s'\/%3E%3CfeFlood x='0' y='0' width='100%25' height='100%25'\/%3E%3CfeComposite operator='out' in='s'\/%3E%3CfeComposite in2='SourceGraphic'\/%3E%3CfeGaussianBlur stdDeviation='20'\/%3E%3C\/filter%3E%3Cimage width='100%25' height='100%25' x='0' y='0' preserveAspectRatio='none' style='filter: url(%23b);' href='https:\/\/pictures.laprovence.com\/cdn-cgi\/image\/blur=250\/media\/melody\/2025\/12\/22\/fetes-de-noel-illustration-sur-les-achats-de-cadeaux-de-derniere-minute-ici-dans-le-centre-commercia-1766423292_27781ed7794968b781ed779497f781v_.jpg'\/%3E%3C\/svg%3E&quot;)\"   src=\"https:\/\/www.europesays.com\/fr\/wp-content\/uploads\/2025\/12\/fetes-de-noel-illustration-sur-les-achats-de-cadeaux-de-derniere-minute-ici-dans-le-centre-commercia.jpeg\"\/>Les cadeaux de derni\u00e8re minute occasionnent parfois du stress pour les retardataires. \/ Photo Fr\u00e9d\u00e9ric Speich<\/p>\n<p>L\u2019affluence ne devrait se tarir que mercredi, le jour du R\u00e9veillon, mais ce lundi et mardi 23 d\u00e9cembre, 40 000 clients devraient visiter les enseignes. Afin d\u2019\u00e9viter ces vir\u00e9es shopping qui peuvent tourner \u00e0 la migraine, de nombreux magasins, des ateliers d\u2019artistes locaux ou des restaurants proposent aussi des cadeaux d\u00e9mat\u00e9rialis\u00e9s, \u00e0 se procurer en ligne jusqu\u2019au dernier moment.<\/p>\n","protected":false},"excerpt":{"rendered":"Du monde partout, des paquets cadeaux aussi mais du temps et de la patience nulle part. Ce lundi&hellip;\n","protected":false},"author":2,"featured_media":616786,"comment_status":"","ping_status":"","sticky":false,"template":"","format":"standard","meta":{"footnotes":""},"categories":[2814],"tags":[17,1111,11,3031,18807,4431,9424,1777,674,1011,27,884,8253,9862,12,15830,882,16,25],"class_list":{"0":"post-616785","1":"post","2":"type-post","3":"status-publish","4":"format-standard","5":"has-post-thumbnail","7":"category-marseille","8":"tag-17","9":"tag-actu","10":"tag-actualites","11":"tag-au","12":"tag-cadeaux","13":"tag-dernier","14":"tag-derniere","15":"tag-eu","16":"tag-europe","17":"tag-fr","18":"tag-france","19":"tag-marseille","20":"tag-minute","21":"tag-moment","22":"tag-news","23":"tag-noel","24":"tag-provence-alpes-cote-dazur","25":"tag-region","26":"tag-republique-francaise"},"share_on_mastodon":{"url":"https:\/\/pubeurope.com\/@fr\/115765886012185765","error":""},"_links":{"self":[{"href":"https:\/\/www.europesays.com\/fr\/wp-json\/wp\/v2\/posts\/616785","targetHints":{"allow":["GET"]}}],"collection":[{"href":"https:\/\/www.europesays.com\/fr\/wp-json\/wp\/v2\/posts"}],"about":[{"href":"https:\/\/www.europesays.com\/fr\/wp-json\/wp\/v2\/types\/post"}],"author":[{"embeddable":true,"href":"https:\/\/www.europesays.com\/fr\/wp-json\/wp\/v2\/users\/2"}],"replies":[{"embeddable":true,"href":"https:\/\/www.europesays.com\/fr\/wp-json\/wp\/v2\/comments?post=616785"}],"version-history":[{"count":0,"href":"https:\/\/www.europesays.com\/fr\/wp-json\/wp\/v2\/posts\/616785\/revisions"}],"wp:featuredmedia":[{"embeddable":true,"href":"https:\/\/www.europesays.com\/fr\/wp-json\/wp\/v2\/media\/616786"}],"wp:attachment":[{"href":"https:\/\/www.europesays.com\/fr\/wp-json\/wp\/v2\/media?parent=616785"}],"wp:term":[{"taxonomy":"category","embeddable":true,"href":"https:\/\/www.europesays.com\/fr\/wp-json\/wp\/v2\/categories?post=616785"},{"taxonomy":"post_tag","embeddable":true,"href":"https:\/\/www.europesays.com\/fr\/wp-json\/wp\/v2\/tags?post=616785"}],"curies":[{"name":"wp","href":"https:\/\/api.w.org\/{rel}","templated":true}]}}