{"id":616795,"date":"2025-12-22T23:51:13","date_gmt":"2025-12-22T23:51:13","guid":{"rendered":"https:\/\/www.europesays.com\/fr\/616795\/"},"modified":"2025-12-22T23:51:13","modified_gmt":"2025-12-22T23:51:13","slug":"sarah-knafo-est-prete-a-y-aller-et-veut-que-la-gauche-perde-la-ville","status":"publish","type":"post","link":"https:\/\/www.europesays.com\/fr\/616795\/","title":{"rendered":"Sarah Knafo est \u00ab\u00a0pr\u00eate \u00e0 y aller\u00a0\u00bb et veut que \u00ab\u00a0la gauche perde la ville\u00a0\u00bb"},"content":{"rendered":"<p>                    Par<br \/>\n        <strong><br \/>\n            <a href=\"https:\/\/actu.fr\/auteur\/glenn-gillet\" title=\"Consulter tous les articles de Glenn Gillet\" target=\"_blank\" rel=\"noopener\">Glenn Gillet<\/a><br \/>\n                    <\/strong><\/p>\n<p>        Publi\u00e9 le<\/p>\n<p>            22 d\u00e9c. 2025 \u00e0 15h45        <\/p>\n<p>Briguera-t-elle la mairie de Paris\u2009? <a href=\"https:\/\/actu.fr\/tag\/sarah-knafo\" target=\"_blank\" rel=\"noopener\">Sarah Knafo<\/a> assure que \u00ab\u2009non\u2009\u00bb, sa d\u00e9cision n\u2019est pas encore prise, mais qu\u2019elle <strong>\u00ab\u2009r\u00e9fl\u00e9chit\u2009\u00bb<\/strong> s\u00e9rieusement \u00e0 se pr\u00e9senter aux <a href=\"https:\/\/actu.fr\/ile-de-france\/paris_75056\/quelque-chose-d-historique-la-gauche-presentera-une-liste-commune-pour-les-municipales-de-2026-a-paris_63587303.html\" target=\"_blank\" rel=\"noopener\">\u00e9lections municipales<\/a>. \u00ab\u2009Je regarde, j\u2019\u00e9tudie cela et je verrai si je consid\u00e8re que les Parisiens ont d\u00e9j\u00e0 <strong>le candidat qu\u2019ils m\u00e9ritent\u2009<\/strong>\u00bb, a notamment assur\u00e9 la d\u00e9put\u00e9e europ\u00e9enne <a href=\"https:\/\/actu.fr\/tag\/reconquete\" target=\"_blank\" rel=\"noopener\">Reconqu\u00eate<\/a> dimanche 21\u00a0d\u00e9cembre 2025.<\/p>\n<p>\u00ab\u2009Je ne serai jamais l\u00e0 pour faire perdre la droite\u2009\u00bb<\/p>\n<p class=\" wall-content\">Actuellement, \u00ab\u2009je r\u00e9fl\u00e9chis, j\u2019\u00e9tudie [\u2026] les programmes des diff\u00e9rents candidats. Je m\u2019int\u00e9resse tout particuli\u00e8rement \u00e0 ce qui se passe dans la capitale de mon pays\u2009\u00bb, explique la responsable politique d\u2019extr\u00eame droite. Elle se dit \u00ab\u2009<strong>pr\u00eate \u00e0 y aller,<\/strong> <strong>forc\u00e9ment\u2009<\/strong>\u00bb mais l\u2019assure\u2009: \u00ab\u2009Je donnerai ma r\u00e9ponse quand j\u2019aurai ma r\u00e9ponse\u2009\u00bb.<\/p>\n<p class=\" wall-content\">Car l\u2019enjeu est sensible\u2009: sa candidature serait susceptible de faire perdre des voix au premier tour \u00e0 Thierry Mariani (Rassemblement national), cr\u00e9dit\u00e9 d\u2019environ<strong> 7\u2009%<\/strong>, autant qu\u2019elle, selon le dernier sondage Ipsos-BVA pour Le Parisien, mais surtout \u00e0 la personnalit\u00e9 la plus en vue \u00e0 droite, <a href=\"https:\/\/actu.fr\/ile-de-france\/paris_75056\/municipales-a-paris-la-fille-de-bruno-gaccio-ironise-sur-sa-candidature-lfi-face-a-rachida-dati_63605350.html\" target=\"_blank\" rel=\"noopener\">Rachida Dati<\/a>, qui r\u00e9unit environ <strong>27\u2009%<\/strong> des intentions de vote au premier tour dans ce m\u00eame sondage.<\/p>\n<p class=\" wall-content\">\u00ab\u2009Je ne serai jamais l\u00e0 pour faire perdre la droite\u2009\u00bb assure Sarah Knafo, tout en soulignant qu\u2019elle \u00ab\u2009n\u2019appelle absolument pas Rachida Dati \u00e0 une <strong>alliance<\/strong>\u2009\u00bb mais qu\u2019elle veut \u00eatre \u00ab\u2009responsable\u2009\u00bb.<\/p>\n<p class=\" wall-content\">\n<p class=\" wall-content\">\u00ab\u2009Quand on est de droite et favorable \u00e0 l\u2019union, on est toujours tr\u00e8s jaloux de voir la gauche qui arrive toujours \u00e0 s\u2019allier, qui arrive toujours \u00e0 comprendre que l\u2019int\u00e9r\u00eat, notamment des \u00e9lecteurs, c\u2019est d\u2019avoir des partis qui se retrouvent\u2009\u00bb, d\u00e9veloppe-t-elle, en r\u00e9f\u00e9rence \u00e0 <a href=\"https:\/\/actu.fr\/ile-de-france\/paris_75056\/municipales-a-paris-l-union-historique-de-la-gauche-au-premier-tour-largement-approuvee-par-les-militants_63592962.html\" target=\"_blank\" rel=\"noopener\">l\u2019alliance historique scell\u00e9e entre le PS, les \u00c9cologistes et le PCF<\/a> pour le premier tour avec Emmanuel Gr\u00e9goire en t\u00eate de liste.<\/p>\n<p>\u00ab\u2009Il faut enfin que la gauche, apr\u00e8s 24\u00a0ans de socialisme, perde la ville de Paris\u2009\u00bb<\/p>\n<p class=\" wall-content\">Face \u00e0 la faible chance d\u2019un ou d\u2019une candidate Reconqu\u00eate d\u2019arriver au second tour et de la gagner, du moins sans une alliance avec le reste de la droite, Sarah Knafo se veut claire\u2009: \u00ab\u2009mon objectif, si j\u2019y allais et m\u00eame si je n\u2019y allais pas, c\u2019est que la gauche perde la ville. Il faut enfin que la gauche, apr\u00e8s<strong> 24\u00a0ans de socialisme<\/strong>, perde la ville de Paris. Je ferai tout pour \u00e7a si j\u2019y allais\u2009\u00bb.<\/p>\n<p class=\" wall-content\">\u00c9toile montante de l\u2019extr\u00eame droite, Sarah Knafo, 32\u00a0ans, en vient \u00e0 \u00e9clipser la notori\u00e9t\u00e9 du chef et fondateur de Reconqu\u00eate \u00c9ric Zemmour, dont elle est par ailleurs la campagne. Certains lui pr\u00eatent d\u2019ailleurs des <strong>ambitions pour l\u2019\u00e9lection pr\u00e9sidentielle 2027<\/strong>, notamment dans la perspective d\u2019une large primaire de la droite. Un sc\u00e9nario qui reste \u00e0 ce stade tr\u00e8s hypoth\u00e9tique.<\/p>\n<p class=\" wall-content\">Personnalisez votre actualit\u00e9 en ajoutant vos villes et m\u00e9dias en favori avec <a href=\"https:\/\/moncompte.actu.fr\" title=\"D\u00e9couvez Mon Actu\" rel=\"nofollow noopener\" data-trk=\"{&quot;cta&quot;:{&quot;action&quot;:&quot;https:\\\/\\\/moncompte.actu.fr&quot;,&quot;category&quot;:&quot;mon compte&quot;,&quot;from&quot;:&quot;article footer&quot;,&quot;name&quot;:&quot;Mon actu&quot;,&quot;type&quot;:&quot;cta&quot;}}\" target=\"_blank\">Mon Actu<\/a>.<\/p>\n","protected":false},"excerpt":{"rendered":"Par Glenn Gillet Publi\u00e9 le 22 d\u00e9c. 2025 \u00e0 15h45 Briguera-t-elle la mairie de Paris\u2009? Sarah Knafo assure&hellip;\n","protected":false},"author":2,"featured_media":616796,"comment_status":"","ping_status":"","sticky":false,"template":"","format":"standard","meta":{"footnotes":""},"categories":[1888],"tags":[1111,1928,11,1927,4188,1777,674,1011,27,2381,3434,12,1926,626,1925,316,25,15232],"class_list":{"0":"post-616795","1":"post","2":"type-post","3":"status-publish","4":"format-standard","5":"has-post-thumbnail","7":"category-paris","8":"tag-actu","9":"tag-actu-paris","10":"tag-actualites","11":"tag-actualites-paris","12":"tag-elections-municipales","13":"tag-eu","14":"tag-europe","15":"tag-fr","16":"tag-france","17":"tag-mairie-de-paris","18":"tag-municipales-2026","19":"tag-news","20":"tag-news-paris","21":"tag-paris","22":"tag-paris-news","23":"tag-politique","24":"tag-republique-francaise","25":"tag-sarah-knafo"},"share_on_mastodon":{"url":"https:\/\/pubeurope.com\/@fr\/115765908907635529","error":""},"_links":{"self":[{"href":"https:\/\/www.europesays.com\/fr\/wp-json\/wp\/v2\/posts\/616795","targetHints":{"allow":["GET"]}}],"collection":[{"href":"https:\/\/www.europesays.com\/fr\/wp-json\/wp\/v2\/posts"}],"about":[{"href":"https:\/\/www.europesays.com\/fr\/wp-json\/wp\/v2\/types\/post"}],"author":[{"embeddable":true,"href":"https:\/\/www.europesays.com\/fr\/wp-json\/wp\/v2\/users\/2"}],"replies":[{"embeddable":true,"href":"https:\/\/www.europesays.com\/fr\/wp-json\/wp\/v2\/comments?post=616795"}],"version-history":[{"count":0,"href":"https:\/\/www.europesays.com\/fr\/wp-json\/wp\/v2\/posts\/616795\/revisions"}],"wp:featuredmedia":[{"embeddable":true,"href":"https:\/\/www.europesays.com\/fr\/wp-json\/wp\/v2\/media\/616796"}],"wp:attachment":[{"href":"https:\/\/www.europesays.com\/fr\/wp-json\/wp\/v2\/media?parent=616795"}],"wp:term":[{"taxonomy":"category","embeddable":true,"href":"https:\/\/www.europesays.com\/fr\/wp-json\/wp\/v2\/categories?post=616795"},{"taxonomy":"post_tag","embeddable":true,"href":"https:\/\/www.europesays.com\/fr\/wp-json\/wp\/v2\/tags?post=616795"}],"curies":[{"name":"wp","href":"https:\/\/api.w.org\/{rel}","templated":true}]}}