{"id":616797,"date":"2025-12-22T23:52:12","date_gmt":"2025-12-22T23:52:12","guid":{"rendered":"https:\/\/www.europesays.com\/fr\/616797\/"},"modified":"2025-12-22T23:52:12","modified_gmt":"2025-12-22T23:52:12","slug":"injustice-manifeste-trois-defaites-sur-tapis-vert-pourquoi-le-psg-feminin-a-ete-frappe-dune-tres-lourde-sanction","status":"publish","type":"post","link":"https:\/\/www.europesays.com\/fr\/616797\/","title":{"rendered":"\u00ab\u00a0Injustice manifeste\u00a0!\u00a0\u00bb Trois d\u00e9faites sur tapis vert, pourquoi le PSG f\u00e9minin a \u00e9t\u00e9 frapp\u00e9 d\u2019une tr\u00e8s lourde sanction"},"content":{"rendered":"<p>\n                                                                    l&rsquo;essentiel<br \/>\n                                                                L\u2019\u00e9quipe f\u00e9minine du Paris Saint-Germain a \u00e9t\u00e9 sanctionn\u00e9e de trois d\u00e9faites sur tapis vert ce lundi 22\u00a0d\u00e9cembre, en raison d\u2019un probl\u00e8me administratif. Un retrait de 9 points, qui fait d\u00e9gringoler les Parisiennes en championnat.\n                            <\/p>\n<p>C\u2019est une punition lourde de cons\u00e9quences. Une sanction de trois d\u00e9faites sur tapis vert a \u00e9t\u00e9 inflig\u00e9e \u00e0 l\u2019\u00e9quipe f\u00e9minine du Paris Saint-Germain ce lundi 22\u00a0d\u00e9cembre, \u00e0 cause d\u2019un probl\u00e8me administratif concernant une de ses joueuses.<\/p>\n<p>Le 8\u00a0novembre, le club de Fleury avait d\u00e9pos\u00e9 une plainte suite \u00e0 sa d\u00e9faite 4-0 face au PSG, relevant\u00a0une irr\u00e9gularit\u00e9 sur la licence de la\u00a0franco-canadienne Florianne Jourde, arriv\u00e9e au club cet \u00e9t\u00e9.<\/p>\n<p class=\"std-elt__inline\">\n        <strong>\u00c0 lire aussi :<\/strong><br \/>\n        <a href=\"https:\/\/www.ladepeche.fr\/2025\/07\/11\/football-on-est-decues-pourquoi-le-match-de-lequipe-de-france-feminine-a-leuro-ne-sera-pas-diffuse-sur-tf1-a-cause-du-psg-12820039.php\" target=\"_blank\" rel=\"noopener\">Football\u00a0: \u00ab\u00a0On est d\u00e9\u00e7ues\u2026\u00a0\u00bb Pourquoi le match de l\u2019\u00e9quipe de France f\u00e9minine \u00e0 l\u2019Euro ne sera pas diffus\u00e9 sur TF1 \u00e0 cause du PSG<\/a>\n    <\/p>\n<p>Selon <a href=\"https:\/\/www.lequipe.fr\/Football\/Actualites\/Le-psg-perd-3-matches-sur-tapis-vert-en-raison-d-irregularites-sur-la-licence-de-florianne-jourde\/1628836\" target=\"_blank\" rel=\"noopener\">L\u2019\u00c9quipe<\/a>, un certificat international de transfert aurait d\u00fb \u00eatre adoss\u00e9 \u00e0 la licence de la jeune joueuse de 21 ans, ce qui n\u2019a pas \u00e9t\u00e9 fait par l\u2019administration \u00e0 l\u2019\u00e9poque, mais la situation a \u00e9t\u00e9 r\u00e9gularis\u00e9e depuis.<\/p>\n<p>Cependant, la commission f\u00e9d\u00e9rale des r\u00e8glements et contentieux a pris la d\u00e9cision de faire perdre ce match au club de la capitale, ainsi que ceux face \u00e0 Strasbourg et Le\u00a0Havre.<\/p>\n<p class=\"std-elt__inline\">\n        <strong>\u00c0 lire aussi :<\/strong><br \/>\n        <a href=\"https:\/\/www.ladepeche.fr\/2024\/05\/12\/psg-paris-fc-feminin-probleme-de-var-sonorisation-qui-ne-marche-pas-larbitrage-pas-au-niveau-selon-lentraineur-du-psg-11945677.php\" target=\"_blank\" rel=\"noopener\">PSG-Paris FC f\u00e9minin\u00a0: probl\u00e8me de VAR, sonorisation qui ne fonctionne pas\u2026 L\u2019arbitrage \u00ab\u00a0pas au niveau\u00a0\u00bb selon l\u2019entra\u00eeneur du PSG<\/a>\n    <\/p>\n<p>Ces deux rencontres ont \u00e9t\u00e9 remport\u00e9es par le PSG (1-0 et 2-0) mais Florianne Jourde y a pris part\u00a0avant la r\u00e9gularisation de sa licence. Les trois matchs ont donc \u00e9t\u00e9 d\u00e9clar\u00e9s comme des d\u00e9faites sur tapis vert, faisant perdre 9 points aux Parisiennes.<\/p>\n<p>Une situation catastrophique pour Paris, actuellement 2e avec 26 points, qui va se retrouver 5e avec 17 points, en s\u2019\u00e9loignant cruellement de l\u2019Olympique Lyonnais, en t\u00eate du classement avec 33 points.<\/p>\n<p class=\"std-elt__inline\">\n        <strong>\u00c0 lire aussi :<\/strong><br \/>\n        <a href=\"https:\/\/www.ladepeche.fr\/2025\/12\/04\/aron-donnum-joueur-du-tfc-annonce-quil-va-devenir-papa-sa-femme-star-du-football-feminin-va-mettre-sa-carriere-sur-pause-13091357.php\" target=\"_blank\" rel=\"noopener\">Aron D\u00f6nnum, joueur du TFC, annonce qu\u2019il va devenir papa\u00a0: sa femme, star du football f\u00e9minin, va mettre sa carri\u00e8re sur pause<\/a>\n    <\/p>\n<p>Le championnat \u00e9tait m\u00eame devenu la priorit\u00e9 des joueuses du Paris Saint-Germain, \u00e9tant donn\u00e9 qu\u2019elles ont \u00e9t\u00e9 \u00e9limin\u00e9es en Ligue des champions, avant m\u00eame de disputer les phases finales. Pour le moment cette saison 2025-2026 s\u2019annonce tr\u00e8s difficile.<\/p>\n<p>N\u00e9anmoins le PSG a annonc\u00e9 faire appel de cette d\u00e9cision dans un communiqu\u00e9.<\/p>\n<p class=\"std-elt__inline\">\n        <strong>\u00c0 lire aussi :<\/strong><br \/>\n        <a href=\"https:\/\/www.ladepeche.fr\/2025\/12\/20\/kylian-mbappe-apres-sa-condamnation-a-61-millions-deuros-le-psg-souhaite-tout-de-meme-un-joyeux-anniversaire-au-joueur-star-13122934.php\" target=\"_blank\" rel=\"noopener\">Kylian Mbapp\u00e9\u00a0: apr\u00e8s sa condamnation \u00e0 61\u00a0millions d\u2019euros, le PSG souhaite (tout de m\u00eame) un joyeux anniversaire au joueur star<\/a>\n    <\/p>\n<p>\u00ab\u00a0Le club conteste le caract\u00e8re totalement disproportionn\u00e9 de cette sanction. L\u2019\u00e9quipe est lourdement sanctionn\u00e9e sur le terrain sportif pour une simple situation administrative qui a \u00e9t\u00e9 r\u00e9gularis\u00e9e sans difficult\u00e9 par la FIFA depuis\u00a0: cela rel\u00e8ve d\u2019une injustice manifeste\u00a0\u00bb<\/p>\n<p>\u00ab\u00a0La FFF vient sanctionner une situation administrative qu\u2019elle avait pourtant elle-m\u00eame valid\u00e9e en d\u00e9livrant \u00e0 Florianne Jourde une licence en bonne et due forme. La joueuse \u00e9tait d\u00fbment qualifi\u00e9e et d\u00e9tentrice d\u2019une licence lors des 3 matches qu\u2019elle a jou\u00e9s\u00a0\u00bb, a d\u00e9clar\u00e9 le club parisien.<\/p>\n","protected":false},"excerpt":{"rendered":"l&rsquo;essentiel L\u2019\u00e9quipe f\u00e9minine du Paris Saint-Germain a \u00e9t\u00e9 sanctionn\u00e9e de trois d\u00e9faites sur tapis vert ce lundi 22\u00a0d\u00e9cembre,&hellip;\n","protected":false},"author":2,"featured_media":616798,"comment_status":"","ping_status":"","sticky":false,"template":"","format":"standard","meta":{"footnotes":""},"categories":[1888],"tags":[1111,1928,11,1927,1777,674,63,1011,27,12,1926,626,1925,25,517],"class_list":{"0":"post-616797","1":"post","2":"type-post","3":"status-publish","4":"format-standard","5":"has-post-thumbnail","7":"category-paris","8":"tag-actu","9":"tag-actu-paris","10":"tag-actualites","11":"tag-actualites-paris","12":"tag-eu","13":"tag-europe","14":"tag-football","15":"tag-fr","16":"tag-france","17":"tag-news","18":"tag-news-paris","19":"tag-paris","20":"tag-paris-news","21":"tag-republique-francaise","22":"tag-sport"},"share_on_mastodon":{"url":"https:\/\/pubeurope.com\/@fr\/115765913207009119","error":""},"_links":{"self":[{"href":"https:\/\/www.europesays.com\/fr\/wp-json\/wp\/v2\/posts\/616797","targetHints":{"allow":["GET"]}}],"collection":[{"href":"https:\/\/www.europesays.com\/fr\/wp-json\/wp\/v2\/posts"}],"about":[{"href":"https:\/\/www.europesays.com\/fr\/wp-json\/wp\/v2\/types\/post"}],"author":[{"embeddable":true,"href":"https:\/\/www.europesays.com\/fr\/wp-json\/wp\/v2\/users\/2"}],"replies":[{"embeddable":true,"href":"https:\/\/www.europesays.com\/fr\/wp-json\/wp\/v2\/comments?post=616797"}],"version-history":[{"count":0,"href":"https:\/\/www.europesays.com\/fr\/wp-json\/wp\/v2\/posts\/616797\/revisions"}],"wp:featuredmedia":[{"embeddable":true,"href":"https:\/\/www.europesays.com\/fr\/wp-json\/wp\/v2\/media\/616798"}],"wp:attachment":[{"href":"https:\/\/www.europesays.com\/fr\/wp-json\/wp\/v2\/media?parent=616797"}],"wp:term":[{"taxonomy":"category","embeddable":true,"href":"https:\/\/www.europesays.com\/fr\/wp-json\/wp\/v2\/categories?post=616797"},{"taxonomy":"post_tag","embeddable":true,"href":"https:\/\/www.europesays.com\/fr\/wp-json\/wp\/v2\/tags?post=616797"}],"curies":[{"name":"wp","href":"https:\/\/api.w.org\/{rel}","templated":true}]}}