{"id":616807,"date":"2025-12-22T23:57:22","date_gmt":"2025-12-22T23:57:22","guid":{"rendered":"https:\/\/www.europesays.com\/fr\/616807\/"},"modified":"2025-12-22T23:57:22","modified_gmt":"2025-12-22T23:57:22","slug":"donald-trump-annonce-une-nouvelle-classe-de-navires-de-guerre-portant-son-nom","status":"publish","type":"post","link":"https:\/\/www.europesays.com\/fr\/616807\/","title":{"rendered":"Donald Trump annonce une nouvelle classe de navires de guerre portant son nom"},"content":{"rendered":"<p>                                                                                                                                                                                                                                                            <a href=\"https:\/\/video.lefigaro.fr\/figaro\/international\/etats-unis-donald-trump-reagit-a-la-fusillade-a-l-universite-brown-20251214\" class=\"fig-ranking-profile-link\" data-fig-domain=\"LEFIGARO\" target=\"_blank\" rel=\"noopener\"><\/p>\n<p>        \u00c9tats-Unis: Donald Trump r\u00e9agit \u00e0 la fusillade \u00e0 l&rsquo;universit\u00e9 Brown<\/p>\n<p>                                                <\/a><\/p>\n<p>        <img   class=\"fig-img fig-ranking-profile-media-small-picture__photo\" alt=\"\u00c9tats-Unis: Donald Trump r\u00e9agit \u00e0 la fusillade \u00e0 l'universit\u00e9 Brown\" height=\"1080\" width=\"1920\"\/><\/p>\n<p class=\"fig-ranking-profile-standfirst\">\n    Le pr\u00e9sident am\u00e9ricain Donald Trump a d\u00e9clar\u00e9 avoir \u00e9t\u00e9 inform\u00e9 de la fusillade \u00e0 l&rsquo;universit\u00e9 Brown qui a fait deux morts et huit bless\u00e9s dans un \u00e9tat critique, selon un dernier bilan provisoire, alors que les autorit\u00e9s continuent de rechercher le tireur toujours en fuite. \u00abQuelle chose terrible\u00bb, a d\u00e9clar\u00e9 M. Trump aux journalistes. \u00abTout ce que nous pouvons faire pour le moment, c&rsquo;est prier pour les victimes\u00bb.\n<\/p>\n<p>                                                                                                                                                                                                                                                            <a href=\"https:\/\/www.lefigaro.fr\/flash-eco\/le-venezuela-assure-que-ses-exportations-de-petrole-se-poursuivent-normalement-en-depit-du-blocus-impose-par-trump-20251217\" class=\"fig-ranking-profile-link\" aria-label=\"Au Venezuela, la r\u00e9silience face au \u00abblocus\u00bb impos\u00e9 par Trump (article Premium)\" title=\"Au Venezuela, la r\u00e9silience face au \u00abblocus\u00bb impos\u00e9 par Trump (article Premium)\" data-fig-domain=\"LEFIGARO\" target=\"_blank\" rel=\"noopener\"><\/p>\n<p>        Au Venezuela, la r\u00e9silience face au \u00abblocus\u00bb impos\u00e9 par Trump<\/p>\n<p>                                                <\/a><\/p>\n<p>        <img   class=\"fig-img fig-ranking-profile-media-small-picture__photo\" alt=\"Au Venezuela, la r\u00e9silience face au \u00abblocus\u00bb impos\u00e9 par Trump\" height=\"1687\" width=\"3000\"\/><\/p>\n<p class=\"fig-ranking-profile-standfirst\">\n    <strong>D\u00c9CRYPTAGE<\/strong> &#8211; Le pr\u00e9sident am\u00e9ricain augmente ainsi la pression sur le pays carib\u00e9en. Malgr\u00e9 la menace constante depuis un mois, les habitants tentent de ne pas c\u00e9der \u00e0 la panique.\n<\/p>\n<p>                                                                                                                                                                                                                                                            <a href=\"https:\/\/www.lefigaro.fr\/conjoncture\/au-fait-c-est-quoi-le-mercosur-20241118\" class=\"fig-ranking-profile-link\" data-fig-domain=\"LEFIGARO\" target=\"_blank\" rel=\"noopener\"><\/p>\n<p>        Au fait, c\u2019est quoi le Mercosur?<\/p>\n<p>                                                <\/a><\/p>\n<p>        <img   class=\"fig-img fig-ranking-profile-media-small-picture__photo\" alt=\"Au fait, c\u2019est quoi le Mercosur?\" height=\"2000\" width=\"3000\"\/><\/p>\n<p class=\"fig-ranking-profile-standfirst\">\n    <strong>INFOGRAPHIE<\/strong> &#8211; L\u2019Union europ\u00e9enne et les pays du Mercosur se sont entendus en 2019 sur un vaste trait\u00e9 de libre-\u00e9change, n\u00e9goci\u00e9 depuis 20 ans. L\u2019accord, toujours pas appliqu\u00e9, suscite de vives inqui\u00e9tudes, notamment chez les \u00e9leveurs europ\u00e9ens.<\/p>\n","protected":false},"excerpt":{"rendered":"\u00c9tats-Unis: Donald Trump r\u00e9agit \u00e0 la fusillade \u00e0 l&rsquo;universit\u00e9 Brown Le pr\u00e9sident am\u00e9ricain Donald Trump a d\u00e9clar\u00e9 avoir&hellip;\n","protected":false},"author":2,"featured_media":616808,"comment_status":"","ping_status":"","sticky":false,"template":"","format":"standard","meta":{"footnotes":""},"categories":[1589],"tags":[11,75,73,1866,1146,31067,12,1864,1865,1863,308],"class_list":{"0":"post-616807","1":"post","2":"type-post","3":"status-publish","4":"format-standard","5":"has-post-thumbnail","7":"category-etats-unis","8":"tag-actualites","9":"tag-donald-trump","10":"tag-etats-unis","11":"tag-etats-unis-damerique","12":"tag-guerre","13":"tag-navires","14":"tag-news","15":"tag-united-states","16":"tag-united-states-of-america","17":"tag-us","18":"tag-usa"},"share_on_mastodon":{"url":"https:\/\/pubeurope.com\/@fr\/115765933075461142","error":""},"_links":{"self":[{"href":"https:\/\/www.europesays.com\/fr\/wp-json\/wp\/v2\/posts\/616807","targetHints":{"allow":["GET"]}}],"collection":[{"href":"https:\/\/www.europesays.com\/fr\/wp-json\/wp\/v2\/posts"}],"about":[{"href":"https:\/\/www.europesays.com\/fr\/wp-json\/wp\/v2\/types\/post"}],"author":[{"embeddable":true,"href":"https:\/\/www.europesays.com\/fr\/wp-json\/wp\/v2\/users\/2"}],"replies":[{"embeddable":true,"href":"https:\/\/www.europesays.com\/fr\/wp-json\/wp\/v2\/comments?post=616807"}],"version-history":[{"count":0,"href":"https:\/\/www.europesays.com\/fr\/wp-json\/wp\/v2\/posts\/616807\/revisions"}],"wp:featuredmedia":[{"embeddable":true,"href":"https:\/\/www.europesays.com\/fr\/wp-json\/wp\/v2\/media\/616808"}],"wp:attachment":[{"href":"https:\/\/www.europesays.com\/fr\/wp-json\/wp\/v2\/media?parent=616807"}],"wp:term":[{"taxonomy":"category","embeddable":true,"href":"https:\/\/www.europesays.com\/fr\/wp-json\/wp\/v2\/categories?post=616807"},{"taxonomy":"post_tag","embeddable":true,"href":"https:\/\/www.europesays.com\/fr\/wp-json\/wp\/v2\/tags?post=616807"}],"curies":[{"name":"wp","href":"https:\/\/api.w.org\/{rel}","templated":true}]}}