{"id":616821,"date":"2025-12-23T00:05:12","date_gmt":"2025-12-23T00:05:12","guid":{"rendered":"https:\/\/www.europesays.com\/fr\/616821\/"},"modified":"2025-12-23T00:05:12","modified_gmt":"2025-12-23T00:05:12","slug":"coupe-de-france-pour-les-deux-equipes-gramatoises","status":"publish","type":"post","link":"https:\/\/www.europesays.com\/fr\/616821\/","title":{"rendered":"Coupe de France pour les deux \u00e9quipes gramatoises"},"content":{"rendered":"<p>C\u2019\u00e9tait un week-end de coupe de France pour les deux \u00e9quipes du club de handball gramatois.<\/p>\n<p>Un troisi\u00e8me tour sous la forme d\u2019un tournoi avec, pour d\u00e9buter, les gar\u00e7ons de l\u2019entente Gramat Souillac qui avaient rendez-vous samedi soir \u00e0 Fumel avec trois autres \u00e9quipes. La premi\u00e8re rencontre a vu les Gramatois \u00eatre oppos\u00e9s \u00e0 l\u2019\u00e9quipe de Brax. Match serr\u00e9 avec un score qui ne s\u2019est jamais emball\u00e9 de part et d\u2019autre ; jamais une \u00e9quipe n\u2019a eu plus de deux unit\u00e9s d\u2019avance. Le vainqueur a \u00e9t\u00e9 d\u00e9sign\u00e9 aux tirs au but. Exercice difficile et deux premiers tirs rat\u00e9s, c\u00f4t\u00e9 entente, mais cette s\u00e9ance devait \u00eatre celle de Pierre Bourges (sept arr\u00eats) qui avec trois arr\u00eats suppl\u00e9mentaires dans cette s\u00e9ance, a \u00e9c\u0153ur\u00e9 les Hauts Garonnais. Julien Vazzoleretto a marqu\u00e9 le penalty de la victoire, place \u00e0 la finale.<\/p>\n<p>Une finale qui a oppos\u00e9 les \u00ab\u00a0marine et rouge\u00a0\u00bb aux locaux de l\u2019\u00e9tape. Mais la coupure a finalement \u00e9t\u00e9 fatale aux Gramatois car, face \u00e0 une \u00e9quipe bien en rythme, les \u00ab\u00a0marine et rouge\u00a0\u00bb ont certes bien d\u00e9but\u00e9 mais ont, rapidement, connu un passage \u00e0 vide en milieu de premi\u00e8re mi-temps. Ce retard a \u00e9t\u00e9 r\u00e9dhibitoire sur un format court et jamais les co\u00e9quipiers de Thomas Lobgeois n\u2019ont refait leur retard alors m\u00eame qu\u2019ils ont fait jeu \u00e9gal avec les Lot-et-Garonnais le reste de la partie. R\u00e9sultat : une belle qualification pour les Fum\u00e9lois.<\/p>\n<p>Pour les seniors filles, deux rencontres \u00e9taient au programme et la meilleure des trois \u00e9quipes \u00e9tait qualifi\u00e9e pour le quatri\u00e8me tour de la Coupe de France. Un premier match a oppos\u00e9 les Gramatoises \u00e0 l\u2019\u00e9quipe du HBC Casteljaloux. Et ce match, les filles d\u2019Abel Contenssou et de C\u00e9line Nickert vont sans doute le ressasser un bon moment tant il \u00e9tait \u00e0 leur port\u00e9e. Malheureusement, trop de pertes de balles et de scories devant les buts adverses ont permis aux Casteljalousaines de faire la course en t\u00eate tout au long du match. Marion Laplaze et ses co\u00e9quipi\u00e8res ont donc encha\u00een\u00e9 dans la foul\u00e9e avec la deuxi\u00e8me rencontre contre les locales de l\u2019\u00e9tape, l\u2019\u00e9quipe de Goudourville. Un match que les \u00ab\u00a0marine et rouge\u00a0\u00bb ont domin\u00e9 et ma\u00eetris\u00e9 de bout en bout. Les Gramatoises avaient retrouv\u00e9 leur jeu, mais elles \u00e9taient d\u00e9sormais tributaires du r\u00e9sultat du dernier match entre Casteljaloux et Goudourville. Et il n\u2019y a pas eu de miracle dans la derni\u00e8re rencontre o\u00f9 Casteljaloux s\u2019impose logiquement et se qualifie pour le tour suivant.<\/p>\n","protected":false},"excerpt":{"rendered":"C\u2019\u00e9tait un week-end de coupe de France pour les deux \u00e9quipes du club de handball gramatois. Un troisi\u00e8me&hellip;\n","protected":false},"author":2,"featured_media":616822,"comment_status":"","ping_status":"","sticky":false,"template":"","format":"standard","meta":{"footnotes":""},"categories":[4],"tags":[11,1011,27,72730,1792,20064,12,25,517],"class_list":{"0":"post-616821","1":"post","2":"type-post","3":"status-publish","4":"format-standard","5":"has-post-thumbnail","7":"category-france","8":"tag-actualites","9":"tag-fr","10":"tag-france","11":"tag-gramat","12":"tag-handball","13":"tag-lot","14":"tag-news","15":"tag-republique-francaise","16":"tag-sport"},"share_on_mastodon":{"url":"https:\/\/pubeurope.com\/@fr\/115765963833016494","error":""},"_links":{"self":[{"href":"https:\/\/www.europesays.com\/fr\/wp-json\/wp\/v2\/posts\/616821","targetHints":{"allow":["GET"]}}],"collection":[{"href":"https:\/\/www.europesays.com\/fr\/wp-json\/wp\/v2\/posts"}],"about":[{"href":"https:\/\/www.europesays.com\/fr\/wp-json\/wp\/v2\/types\/post"}],"author":[{"embeddable":true,"href":"https:\/\/www.europesays.com\/fr\/wp-json\/wp\/v2\/users\/2"}],"replies":[{"embeddable":true,"href":"https:\/\/www.europesays.com\/fr\/wp-json\/wp\/v2\/comments?post=616821"}],"version-history":[{"count":0,"href":"https:\/\/www.europesays.com\/fr\/wp-json\/wp\/v2\/posts\/616821\/revisions"}],"wp:featuredmedia":[{"embeddable":true,"href":"https:\/\/www.europesays.com\/fr\/wp-json\/wp\/v2\/media\/616822"}],"wp:attachment":[{"href":"https:\/\/www.europesays.com\/fr\/wp-json\/wp\/v2\/media?parent=616821"}],"wp:term":[{"taxonomy":"category","embeddable":true,"href":"https:\/\/www.europesays.com\/fr\/wp-json\/wp\/v2\/categories?post=616821"},{"taxonomy":"post_tag","embeddable":true,"href":"https:\/\/www.europesays.com\/fr\/wp-json\/wp\/v2\/tags?post=616821"}],"curies":[{"name":"wp","href":"https:\/\/api.w.org\/{rel}","templated":true}]}}