{"id":616823,"date":"2025-12-23T00:07:32","date_gmt":"2025-12-23T00:07:32","guid":{"rendered":"https:\/\/www.europesays.com\/fr\/616823\/"},"modified":"2025-12-23T00:07:32","modified_gmt":"2025-12-23T00:07:32","slug":"volleyball-le-triple-pour-lesperance-mosaique-fm","status":"publish","type":"post","link":"https:\/\/www.europesays.com\/fr\/616823\/","title":{"rendered":"Volleyball: Le tripl\u00e9 pour l&#039;Esp\u00e9rance&#8230; &#8211; Mosaique FM"},"content":{"rendered":"<ol>\n<li><a href=\"https:\/\/news.google.com\/rss\/articles\/CBMijwFBVV95cUxQeHpRUURGOXZKT3JRbEt3T0ZDS0hqYV9tWTlFSE1maE9xdXlDTjhpU0gyQmNrekRDY3B1QUM3WkZMcGszaU1qQmFiV3M0dkxOSDRkbDQ0UXJXNzFZZGJlQ0t6eWhoLWpZWjJLelRFWEo3WmFtNWVWMk91LUtXZm1ldjY3TklSQ181WDBDUnR2OA?oc=5\" target=\"_blank\" rel=\"noopener\">Volleyball: Le tripl\u00e9 pour l&rsquo;Esp\u00e9rance&#8230;<\/a>&nbsp;&nbsp;Mosaique FM<\/li>\n<li><a href=\"https:\/\/news.google.com\/rss\/articles\/CBMiugFBVV95cUxPTGtTZTl0VF9EOWwyOE9BRk1TY3NDZ3ROMWwxM0ZvXzVZdWdSUlpjV1E4aVdTUDYwNDVVb0taNUQyNWtRMjJDdVlVVmIwVjA0SjBvN1dWSnRpMWY3dDFvMjhSNlZwVkpYU3haa3JNTFBkR2w5dEY1VjctWWJEb0FXNmNrS3I1UmRseUt6ZjRqU0o3VlF4UC0wS1lNZ09XVm1KM2ExWS02YlNOTkVXY0EwZzVQQjhWd0hCVHc?oc=5\" target=\"_blank\" rel=\"noopener\">Volley-ball : Le Club F\u00e9minin de Carthage remporte la Super Coupe de Tunisie<\/a>&nbsp;&nbsp;Tunisie-Tribune<\/li>\n<li><a href=\"https:\/\/news.google.com\/rss\/articles\/CBMiowFBVV95cUxQWUE0QTczUU0tSy14WkR5U0F4Qnl0a2ZweTd1YWxkQ2V0NTBJbmxpUlZ2ellQUnZZRmlvTlp3VmxLbnpHZE1uYVZSTjk3U3d5MXFhRzNEWDR3bXZWRGNyVzhRc08yNzlUellncno3SzNvbnN0MVZqZXRpa203VjBfWkZKLVlDdGR6aUlvRjRJRy1DWEhKWnhNTWFpdU1QQVZSM1Rr?oc=5\" target=\"_blank\" rel=\"noopener\">Supercoupe de Tunisie (messieurs) : L\u2019Esp\u00e9rance de Tunis remporte son 9e titre<\/a>&nbsp;&nbsp;African Manager<\/li>\n<li><a href=\"https:\/\/news.google.com\/rss\/articles\/CBMitwFBVV95cUxPNlM3ZmVCMEJycklSYlE4bzZsMS14dkN6ckRQTjJOVW9ReGdrTTZPdmNSclRuRkJaN3BEWFE3bnE5aFZmZlJ4c2lZYUJWQ3pMNm5BMWg3ZGV3OW5EY1R5MVpUeDZDUnJCeWVpSmY2UFlfU2N4T1IxYTNIZ3FUV1VLVjlHRl9aVU8yd2p0MDlfdjBrVlhWdmUxTnJrVFJMWmxSTmpnS2FXVWxIM2kwNkdCRUdGZ19nTFXSAbwBQVVfeXFMTnZoYVhxMF9iZDJCQ2hLQTJWWWMxLXR6V3VPUkJqTXFZVElLeGk2SUVQQ2pqaVV2WTFxdDItN29ndG1ucFM2eTllOVpuN25yNzRaTm5BZkR4Wi1YbGxOMmV5cWtWVGkyVldsOVNWcWdoMVNzLUZ3Rnl1TXpDMXRzRnpBM1dBN2NlMFNpRzlISHItU2RoOTZfb0NFZ2RmcW96dHFadFdiSW9ONVVYTnJOQ2E3T1IwQTYtek1iUkY?oc=5\" target=\"_blank\" rel=\"noopener\">Championnat, Coupe et Supercoupe : l\u2019Esp\u00e9rance signe le tripl\u00e9 de Volleyball<\/a>&nbsp;&nbsp;nessma.tv<\/li>\n<li><a href=\"https:\/\/news.google.com\/rss\/articles\/CBMigwFBVV95cUxNa1I3U3RycmpIYTNJQXZUNG0yMnN5Yk8wQ0tlaXJ3QTNjYW5CTDZaaDVjSXR2RnRtMFJ3WXNOaHNXVXZDa1Zra05JcUhZVDBfSVhBSEdzZlFlcTZxZHAxLTVDUDNZSElZT25VU3ZQWHlHZHNpai1IeUtHUzlpMjN2MnlaUQ?oc=5\" target=\"_blank\" rel=\"noopener\">Volley : Les matchs de la Supercoupe auront lieu dimanche<\/a>&nbsp;&nbsp;Gnet news<\/li>\n<\/ol>\n","protected":false},"excerpt":{"rendered":"Volleyball: Le tripl\u00e9 pour l&rsquo;Esp\u00e9rance&#8230;&nbsp;&nbsp;Mosaique FM Volley-ball : Le Club F\u00e9minin de Carthage remporte la Super Coupe de&hellip;\n","protected":false},"author":2,"featured_media":616824,"comment_status":"","ping_status":"","sticky":false,"template":"","format":"standard","meta":{"footnotes":""},"categories":[1417],"tags":[1011,27,60,1470,1469],"class_list":{"0":"post-616823","1":"post","2":"type-post","3":"status-publish","4":"format-standard","5":"has-post-thumbnail","7":"category-volley","8":"tag-fr","9":"tag-france","10":"tag-sports","11":"tag-volley","12":"tag-volleyball"},"share_on_mastodon":{"url":"https:\/\/pubeurope.com\/@fr\/115765971828347809","error":""},"_links":{"self":[{"href":"https:\/\/www.europesays.com\/fr\/wp-json\/wp\/v2\/posts\/616823","targetHints":{"allow":["GET"]}}],"collection":[{"href":"https:\/\/www.europesays.com\/fr\/wp-json\/wp\/v2\/posts"}],"about":[{"href":"https:\/\/www.europesays.com\/fr\/wp-json\/wp\/v2\/types\/post"}],"author":[{"embeddable":true,"href":"https:\/\/www.europesays.com\/fr\/wp-json\/wp\/v2\/users\/2"}],"replies":[{"embeddable":true,"href":"https:\/\/www.europesays.com\/fr\/wp-json\/wp\/v2\/comments?post=616823"}],"version-history":[{"count":0,"href":"https:\/\/www.europesays.com\/fr\/wp-json\/wp\/v2\/posts\/616823\/revisions"}],"wp:featuredmedia":[{"embeddable":true,"href":"https:\/\/www.europesays.com\/fr\/wp-json\/wp\/v2\/media\/616824"}],"wp:attachment":[{"href":"https:\/\/www.europesays.com\/fr\/wp-json\/wp\/v2\/media?parent=616823"}],"wp:term":[{"taxonomy":"category","embeddable":true,"href":"https:\/\/www.europesays.com\/fr\/wp-json\/wp\/v2\/categories?post=616823"},{"taxonomy":"post_tag","embeddable":true,"href":"https:\/\/www.europesays.com\/fr\/wp-json\/wp\/v2\/tags?post=616823"}],"curies":[{"name":"wp","href":"https:\/\/api.w.org\/{rel}","templated":true}]}}