{"id":616831,"date":"2025-12-23T00:14:10","date_gmt":"2025-12-23T00:14:10","guid":{"rendered":"https:\/\/www.europesays.com\/fr\/616831\/"},"modified":"2025-12-23T00:14:10","modified_gmt":"2025-12-23T00:14:10","slug":"wirtz-ne-partira-pas-a-moins-que-xabi-ne-lappelle","status":"publish","type":"post","link":"https:\/\/www.europesays.com\/fr\/616831\/","title":{"rendered":"\u00ab Wirtz ne partira pas \u00e0 moins que Xabi ne l\u2019appelle \u00bb"},"content":{"rendered":"<p>Auteur de sa premi\u00e8re passe d\u00e9cisive avec <a href=\"https:\/\/www.footmercato.net\/club\/liverpool\/\" target=\"_blank\" rel=\"noopener\">Liverpool<\/a> ce week-end, <a href=\"https:\/\/www.footmercato.net\/joueur\/florian-wirtz\/\" target=\"_blank\" rel=\"noopener\">Florian Wirtz<\/a> peine, malgr\u00e9 tout, \u00e0 convaincre depuis son arriv\u00e9e outre-Manche. Interrog\u00e9 sur les performances de l\u2019ancien joueur du Bayer Leverkusen, Didi Hamann, ex-joueur de Liverpool ou encore du Bayern Munich, a d\u2019ailleurs formul\u00e9 une projection pessimiste au sujet de l\u2019international allemand. Pour lui, la seule issue possible est un d\u00e9part au <a href=\"https:\/\/www.footmercato.net\/club\/real-madrid\/\" target=\"_blank\" rel=\"noopener\">Real Madrid<\/a>.<\/p>\n<p>            La suite apr\u00e8s cette publicit\u00e9<\/p>\n<p>\u00ab C\u2019est No\u00ebl et il n\u2019a pas encore marqu\u00e9 de but. J\u2019ai regard\u00e9 presque tous leurs matchs. Ses meilleures performances ont \u00e9t\u00e9 en Ligue des champions, o\u00f9 le football est un peu diff\u00e9rent. Ce n\u2019est pas aussi fr\u00e9n\u00e9tique, rapide ou physique. Combien de temps veux-tu attendre ? Le club le prot\u00e8ge. Il faut qu\u2019il se passe quelque chose. Si les choses continuent ainsi jusqu\u2019en f\u00e9vrier ou mars, il faudra alors d\u00e9cider quoi faire cet \u00e9t\u00e9. On ne peut pas garder un joueur qui a co\u00fbt\u00e9 140 millions pendant un an, qui a \u00e9t\u00e9 sign\u00e9, m\u00eame jeune, attendre que la situation change. Il ne l\u2019a pas fait. Il ne peut rien faire. Il ne partira pas en hiver, \u00e0 moins que Xabi Alonso ne dise qu\u2019il l\u2019aime \u00bb, a ainsi avou\u00e9 Didi Hamann.<\/p>\n<p>\n    Pub. le 22\/12\/2025 23:35<br \/>\n            &#8211; MAJ le 23\/12\/2025 01:09\n    <\/p>\n","protected":false},"excerpt":{"rendered":"Auteur de sa premi\u00e8re passe d\u00e9cisive avec Liverpool ce week-end, Florian Wirtz peine, malgr\u00e9 tout, \u00e0 convaincre depuis&hellip;\n","protected":false},"author":2,"featured_media":616832,"comment_status":"","ping_status":"","sticky":false,"template":"","format":"standard","meta":{"footnotes":""},"categories":[1410],"tags":[63,1011,27,60],"class_list":{"0":"post-616831","1":"post","2":"type-post","3":"status-publish","4":"format-standard","5":"has-post-thumbnail","7":"category-football","8":"tag-football","9":"tag-fr","10":"tag-france","11":"tag-sports"},"share_on_mastodon":{"url":"https:\/\/pubeurope.com\/@fr\/115765999589084075","error":""},"_links":{"self":[{"href":"https:\/\/www.europesays.com\/fr\/wp-json\/wp\/v2\/posts\/616831","targetHints":{"allow":["GET"]}}],"collection":[{"href":"https:\/\/www.europesays.com\/fr\/wp-json\/wp\/v2\/posts"}],"about":[{"href":"https:\/\/www.europesays.com\/fr\/wp-json\/wp\/v2\/types\/post"}],"author":[{"embeddable":true,"href":"https:\/\/www.europesays.com\/fr\/wp-json\/wp\/v2\/users\/2"}],"replies":[{"embeddable":true,"href":"https:\/\/www.europesays.com\/fr\/wp-json\/wp\/v2\/comments?post=616831"}],"version-history":[{"count":0,"href":"https:\/\/www.europesays.com\/fr\/wp-json\/wp\/v2\/posts\/616831\/revisions"}],"wp:featuredmedia":[{"embeddable":true,"href":"https:\/\/www.europesays.com\/fr\/wp-json\/wp\/v2\/media\/616832"}],"wp:attachment":[{"href":"https:\/\/www.europesays.com\/fr\/wp-json\/wp\/v2\/media?parent=616831"}],"wp:term":[{"taxonomy":"category","embeddable":true,"href":"https:\/\/www.europesays.com\/fr\/wp-json\/wp\/v2\/categories?post=616831"},{"taxonomy":"post_tag","embeddable":true,"href":"https:\/\/www.europesays.com\/fr\/wp-json\/wp\/v2\/tags?post=616831"}],"curies":[{"name":"wp","href":"https:\/\/api.w.org\/{rel}","templated":true}]}}