{"id":616835,"date":"2025-12-23T00:16:13","date_gmt":"2025-12-23T00:16:13","guid":{"rendered":"https:\/\/www.europesays.com\/fr\/616835\/"},"modified":"2025-12-23T00:16:13","modified_gmt":"2025-12-23T00:16:13","slug":"a-londres-banksy-devoile-une-nouvelle-oeuvre-qui-invite-a-regarder-le-ciel","status":"publish","type":"post","link":"https:\/\/www.europesays.com\/fr\/616835\/","title":{"rendered":"\u00c0 Londres, Banksy d\u00e9voile une nouvelle \u0153uvre qui invite \u00e0 regarder le ciel"},"content":{"rendered":"<p>        <img decoding=\"async\" loading=\"lazy\" src=\"https:\/\/www.europesays.com\/fr\/wp-content\/uploads\/2025\/12\/30e5094_upload-1-r1d93ekj2iq9-afp-20251222-88ux6kq-v1-highres-britainartbanksy.jpg\"  width=\"728\" height=\"409\" alt=\"Pochoir r\u00e9alis\u00e9 par l\u2019artiste Banksy, \u00e0 Bayswater, dans l\u2019ouest de Londres, le 22\u00a0d\u00e9cembre 2025.\"\/>  <\/p>\n<p>CARLOS JASSO \/ AFP<\/p>\n<p>Pochoir r\u00e9alis\u00e9 par l\u2019artiste Banksy, \u00e0 Bayswater, dans l\u2019ouest de Londres, le 22\u00a0d\u00e9cembre 2025.<\/p>\n<p class=\"asset asset-text\">\u00c0 premi\u00e8re vue, on pourrait croire qu\u2019il nous invite \u00e0 regarder les \u00e9toiles. Juste avant No\u00ebl, l\u2019artiste britannique <a href=\"https:\/\/www.google.com\/search?q=banksy+le+huffpost&amp;rlz=1C1GCEA_enFR1144FR1144&amp;oq=Banksy+le+huffpost&amp;gs_lcrp=EgZjaHJvbWUqBggAEEUYOzIGCAAQRRg7MgcIARAuGIAEMgcIAhAAGIAEMgcIAxAAGIAEMgcIBBAAGIAEMgYIBRBFGDwyBggGEEUYPDIGCAcQRRg80gEIMjAwMWowajeoAgCwAgA&amp;sourceid=chrome&amp;ie=UTF-8\" target=\"_blank\" rel=\"noopener\" title=\"Nouvelle fen\u00eatre\">Banksy<\/a> a revendiqu\u00e9 ce lundi 22\u00a0d\u00e9cembre un nouveau pochoir apparu dans les rues de<a href=\"https:\/\/www.huffingtonpost.fr\/culture\/article\/banksy-peint-a-londres-la-violence-du-systeme-judiciaire-sur-le-mur-de-ce-batiment-tres-symbolique_254562.html\" target=\"_blank\" rel=\"noopener\" title=\"Nouvelle fen\u00eatre\"> Londres<\/a>. Un graffiti identique a \u00e9t\u00e9 aussi vu dans un autre quartier de la capitale.<\/p>\n<p class=\"asset asset-text\">Sa nouvelle \u0153uvre a \u00e9t\u00e9 r\u00e9alis\u00e9e sur le mur lat\u00e9ral d\u2019un vieil immeuble dans le quartier de Bayswater dans le centre de la capitale britannique.<\/p>\n<p class=\"asset asset-text\">Il repr\u00e9sente deux personnes, ressemblant \u00e0 des enfants, allong\u00e9es sur le dos et chaudement v\u00eatues de manteaux, bonnets et bottes. Toutes les deux regardent vers le ciel et l\u2019une d\u2019elle dresse son bras et montre quelque chose du doigt.<\/p>\n<p>    Connus pour ses messages politiques    <\/p>\n<p class=\"asset asset-text\">L\u2019artiste, dont l\u2019identit\u00e9 est toujours myst\u00e9rieuse, en a revendiqu\u00e9 la paternit\u00e9 en milieu d\u2019apr\u00e8s-midi en postant une photo sur son compte Instagram.<\/p>\n<p> La lecture de ce contenu est susceptible d\u2019entra\u00eener un d\u00e9p\u00f4t de cookies de la part de l\u2019op\u00e9rateur tiers qui l\u2019h\u00e9berge. Compte-tenu des choix que vous avez exprim\u00e9s en mati\u00e8re de d\u00e9p\u00f4t de cookies, nous avons bloqu\u00e9 l\u2019affichage de ce contenu. Si vous souhaitez y acc\u00e9der, vous devez accepter la cat\u00e9gorie de cookies \u201cContenus tiers\u201d en cliquant sur le bouton ci-dessous. <\/p>\n<p> Lire la Vid\u00e9o            <\/p>\n<p class=\"asset asset-text\">Il n\u2019a en revanche pas post\u00e9 de photo d\u2019un pochoir identique apparu quelques kilom\u00e8tres plus loin \u00e0 Tottenham Court Road, dans l\u2019hyper centre de la capitale.<\/p>\n<p class=\"asset asset-text\">Originaire de Bristol, Banksy est l\u2019un des artistes vivants les plus c\u00e9l\u00e8bres au monde, particuli\u00e8rement pour ses pochoirs aux messages politiques et provocateurs qu\u2019il r\u00e9pand aux quatre coins de la plan\u00e8te.<\/p>\n<p class=\"asset asset-text\">En septembre, il avait ainsi dessin\u00e9 sur l\u2019une des fa\u00e7ades ext\u00e9rieures de la Royal Courts of Justice de Londres un juge brandissant un marteau sur un manifestant allong\u00e9 au sol avec une pancarte macul\u00e9e de sang.<\/p>\n<p class=\"asset asset-text\">Deux jours plus t\u00f4t, pr\u00e8s de 900 personnes avaient \u00e9t\u00e9 arr\u00eat\u00e9es dans la capitale lors d\u2019un rassemblement de soutien \u00e0 l\u2019organisation interdite Palestine Action, \u00e9maill\u00e9 de tensions entre police et manifestants. Cette organisation a \u00e9t\u00e9 class\u00e9e \u00ab\u00a0terroriste\u00a0\u00bb par le gouvernement apr\u00e8s des d\u00e9gradations commises sur une base de l\u2019arm\u00e9e de l\u2019air. L\u2019\u0153uvre avait \u00e9t\u00e9 rapidement dissimul\u00e9e derri\u00e8re une b\u00e2che en plastique puis effac\u00e9e.<\/p>\n","protected":false},"excerpt":{"rendered":"CARLOS JASSO \/ AFP Pochoir r\u00e9alis\u00e9 par l\u2019artiste Banksy, \u00e0 Bayswater, dans l\u2019ouest de Londres, le 22\u00a0d\u00e9cembre 2025.&hellip;\n","protected":false},"author":2,"featured_media":616836,"comment_status":"","ping_status":"","sticky":false,"template":"","format":"standard","meta":{"footnotes":""},"categories":[1358],"tags":[3734,1348,1384,1385,7190,251,1386,58,59,1011,27,4534],"class_list":{"0":"post-616835","1":"post","2":"type-post","3":"status-publish","4":"format-standard","5":"has-post-thumbnail","7":"category-arts-et-design","8":"tag-art","9":"tag-arts","10":"tag-arts-and-design","11":"tag-arts-et-design","12":"tag-banksy","13":"tag-culture","14":"tag-design","15":"tag-divertissement","16":"tag-entertainment","17":"tag-fr","18":"tag-france","19":"tag-londres"},"share_on_mastodon":{"url":"https:\/\/pubeurope.com\/@fr\/115766007830414293","error":""},"_links":{"self":[{"href":"https:\/\/www.europesays.com\/fr\/wp-json\/wp\/v2\/posts\/616835","targetHints":{"allow":["GET"]}}],"collection":[{"href":"https:\/\/www.europesays.com\/fr\/wp-json\/wp\/v2\/posts"}],"about":[{"href":"https:\/\/www.europesays.com\/fr\/wp-json\/wp\/v2\/types\/post"}],"author":[{"embeddable":true,"href":"https:\/\/www.europesays.com\/fr\/wp-json\/wp\/v2\/users\/2"}],"replies":[{"embeddable":true,"href":"https:\/\/www.europesays.com\/fr\/wp-json\/wp\/v2\/comments?post=616835"}],"version-history":[{"count":0,"href":"https:\/\/www.europesays.com\/fr\/wp-json\/wp\/v2\/posts\/616835\/revisions"}],"wp:featuredmedia":[{"embeddable":true,"href":"https:\/\/www.europesays.com\/fr\/wp-json\/wp\/v2\/media\/616836"}],"wp:attachment":[{"href":"https:\/\/www.europesays.com\/fr\/wp-json\/wp\/v2\/media?parent=616835"}],"wp:term":[{"taxonomy":"category","embeddable":true,"href":"https:\/\/www.europesays.com\/fr\/wp-json\/wp\/v2\/categories?post=616835"},{"taxonomy":"post_tag","embeddable":true,"href":"https:\/\/www.europesays.com\/fr\/wp-json\/wp\/v2\/tags?post=616835"}],"curies":[{"name":"wp","href":"https:\/\/api.w.org\/{rel}","templated":true}]}}