{"id":616837,"date":"2025-12-23T00:18:10","date_gmt":"2025-12-23T00:18:10","guid":{"rendered":"https:\/\/www.europesays.com\/fr\/616837\/"},"modified":"2025-12-23T00:18:10","modified_gmt":"2025-12-23T00:18:10","slug":"netflix-devoile-les-premieres-images-de-sa-serie-a-succes-sombre-avant-la-saison-4","status":"publish","type":"post","link":"https:\/\/www.europesays.com\/fr\/616837\/","title":{"rendered":"Netflix d\u00e9voile les premi\u00e8res images de sa s\u00e9rie \u00e0 succ\u00e8s sombre avant la saison 4"},"content":{"rendered":"<p class=\"chapo\">Netflix d\u00e9voile les premi\u00e8res images de la s\u00e9rie \u00e0 succ\u00e8s Dark, alors que la plateforme pr\u00e9pare le lancement de la quatri\u00e8me saison tr\u00e8s attendue. Les fans d\u00e9couvrent ainsi un avant-go\u00fbt de l\u2019ambiance myst\u00e9rieuse qui marquera les prochains \u00e9pisodes.<\/p>\n<p>Tl;dr<\/p>\n<ul>\n<li>Sarah Paulson incarne Aileen Wuornos dans la s\u00e9rie Monster.<\/li>\n<li>Ryan Murphy m\u00eale Lizzie Borden et Wuornos dans la saison 4.<\/li>\n<li>La s\u00e9rie divise, mais reste un succ\u00e8s d\u2019audience Netflix.<\/li>\n<\/ul>\n<p>Une saison inattendue pour Monster : deux tueuses en s\u00e9rie r\u00e9unies<\/p>\n<p>La nouvelle saison de la s\u00e9rie anthologique <a href=\"https:\/\/www.begeek.fr\/les-raisons-derriere-les-libertes-prises-par-monster-de-netflix-sur-lhistoire-vraie-ded-gein-422403\" target=\"_blank\" rel=\"noopener\"><strong>Monster<\/strong><\/a>, orchestr\u00e9e par le prolifique cr\u00e9ateur Ryan Murphy, promet une rencontre surprenante entre deux figures embl\u00e9matiques du crime. Cette fois, l\u2019histoire se concentre sur deux c\u00e9l\u00e8bres tueuses en s\u00e9rie, et c\u2019est l\u2019actrice Sarah Paulson qui endossera le r\u00f4le troublant de <strong>Aileen Wuornos<\/strong>. Difficile de passer \u00e0 c\u00f4t\u00e9 de cette criminelle au parcours particuli\u00e8rement sombre : plusieurs documentaires lui ont d\u00e9j\u00e0 \u00e9t\u00e9 consacr\u00e9s, sans oublier le film de 2003 o\u00f9 Charlize Theron lui pr\u00eatait ses traits. Il n\u2019est donc pas \u00e9tonnant que Murphy veuille apporter sa propre lecture \u00e0 ce destin tragique.<\/p>\n<p>Rep\u00e9r\u00e9e r\u00e9cemment par les paparazzis \u00e0 Los Angeles, en plein tournage, Sarah Paulson a impressionn\u00e9 par sa transformation physique saisissante. Jogging d\u00e9contract\u00e9, robe bordeaux, perruque ch\u00e2tain clair et sourcils blonds : l\u2019illusion est frappante. Interrog\u00e9e par Variety, elle confiait : \u00ab\u00a0Je viens pour accomplir quelque chose de pr\u00e9cis dont je ne peux pas parler. Mais je m\u2019int\u00e9resserai toujours aux raisons qui poussent \u00e0 certains comportements humains. Si je peux observer la r\u00e9alit\u00e9 d\u2019un personnage \u00e0 travers mon propre prisme, c\u2019est un d\u00e9fi que j\u2019accepte volontiers. Ryan le sait tr\u00e8s bien.\u00a0\u00bb L\u2019actrice a aussi \u00e9voqu\u00e9 sa m\u00e9thode d\u2019immersion : \u00ab\u00a0Avoir des faits irr\u00e9futables sur un personnage me donne paradoxalement plus de libert\u00e9 d\u2019interpr\u00e9tation. Cela me permet de plonger pleinement dans la r\u00e9alit\u00e9 d\u2019une autre vie.\u00a0\u00bb<\/p>\n<\/p>\n<p>L\u2019intrigante r\u00e9union Wuornos\u2013Borden\u2026 et quelques interrogations<\/p>\n<p>Pourquoi croiser les destins de <strong>Aileen Wuornos<\/strong> et de <a href=\"https:\/\/www.begeek.fr\/la-nouvelle-serie-documentaire-de-netflix-devoile-lhistoire-du-tueur-a-lorigine-de-trois-films-cultes-420886\" target=\"_blank\" rel=\"noopener\"><strong>Lizzie Borden<\/strong><\/a>, figure du XIXe si\u00e8cle ? L\u2019association intrigue autant qu\u2019elle d\u00e9sar\u00e7onne \u2013 personne ne sait vraiment ce qui motive ce choix sc\u00e9naristique audacieux. Reste que cette prise de risque s\u2019inscrit dans la continuit\u00e9 d\u2019une saga qui aime bousculer les codes.<\/p>\n<p>R\u00e9ussite publique malgr\u00e9 les critiques persistantes<\/p>\n<p>Certes, la pr\u00e9c\u00e9dente saison d\u00e9di\u00e9e \u00e0 Ed Gein avait r\u00e9colt\u00e9 une note s\u00e9v\u00e8re (22%) sur Rotten Tomatoes et soulev\u00e9 des critiques autour des libert\u00e9s prises avec l\u2019histoire r\u00e9elle. Mais force est de constater que le public continue d\u2019affluer : ce segment demeure parmi les programmes les plus visionn\u00e9s sur <strong>Netflix<\/strong>. Alors, si certains doutent encore que Murphy puisse rendre justice \u00e0 une personnalit\u00e9 aussi complexe qu\u2019Aileen Wuornos, une chose est s\u00fbre : le look est ma\u00eetris\u00e9 \u2013 et la curiosit\u00e9 du public reste intacte.<\/p>\n","protected":false},"excerpt":{"rendered":"Netflix d\u00e9voile les premi\u00e8res images de la s\u00e9rie \u00e0 succ\u00e8s Dark, alors que la plateforme pr\u00e9pare le lancement&hellip;\n","protected":false},"author":2,"featured_media":616838,"comment_status":"","ping_status":"","sticky":false,"template":"","format":"standard","meta":{"footnotes":""},"categories":[1356],"tags":[58,59,1011,27,252,1364],"class_list":{"0":"post-616837","1":"post","2":"type-post","3":"status-publish","4":"format-standard","5":"has-post-thumbnail","7":"category-television","8":"tag-divertissement","9":"tag-entertainment","10":"tag-fr","11":"tag-france","12":"tag-television","13":"tag-tv"},"share_on_mastodon":{"url":"","error":""},"_links":{"self":[{"href":"https:\/\/www.europesays.com\/fr\/wp-json\/wp\/v2\/posts\/616837","targetHints":{"allow":["GET"]}}],"collection":[{"href":"https:\/\/www.europesays.com\/fr\/wp-json\/wp\/v2\/posts"}],"about":[{"href":"https:\/\/www.europesays.com\/fr\/wp-json\/wp\/v2\/types\/post"}],"author":[{"embeddable":true,"href":"https:\/\/www.europesays.com\/fr\/wp-json\/wp\/v2\/users\/2"}],"replies":[{"embeddable":true,"href":"https:\/\/www.europesays.com\/fr\/wp-json\/wp\/v2\/comments?post=616837"}],"version-history":[{"count":0,"href":"https:\/\/www.europesays.com\/fr\/wp-json\/wp\/v2\/posts\/616837\/revisions"}],"wp:featuredmedia":[{"embeddable":true,"href":"https:\/\/www.europesays.com\/fr\/wp-json\/wp\/v2\/media\/616838"}],"wp:attachment":[{"href":"https:\/\/www.europesays.com\/fr\/wp-json\/wp\/v2\/media?parent=616837"}],"wp:term":[{"taxonomy":"category","embeddable":true,"href":"https:\/\/www.europesays.com\/fr\/wp-json\/wp\/v2\/categories?post=616837"},{"taxonomy":"post_tag","embeddable":true,"href":"https:\/\/www.europesays.com\/fr\/wp-json\/wp\/v2\/tags?post=616837"}],"curies":[{"name":"wp","href":"https:\/\/api.w.org\/{rel}","templated":true}]}}