{"id":616839,"date":"2025-12-23T00:19:13","date_gmt":"2025-12-23T00:19:13","guid":{"rendered":"https:\/\/www.europesays.com\/fr\/616839\/"},"modified":"2025-12-23T00:19:13","modified_gmt":"2025-12-23T00:19:13","slug":"je-nai-jamais-eu-droit-a-un-coup-de","status":"publish","type":"post","link":"https:\/\/www.europesays.com\/fr\/616839\/","title":{"rendered":"Je n&rsquo;ai jamais eu droit \u00e0 un coup de&#8230;"},"content":{"rendered":"<p>Les ann\u00e9es 80 ont vu \u00e9clore des couples mythiques dans le<br \/>\npaysage musical fran\u00e7ais. Parmi eux, <strong>Vanessa<br \/>\nParadis<\/strong> et <strong>Florent Pagny<\/strong> ont incarn\u00e9 une<br \/>\nromance sulfureuse qui d\u00e9frayait la chronique. Leur diff\u00e9rence<br \/>\nd\u00a0\u00bb\u00e2ge a aliment\u00e9 les pol\u00e9miques pendant trois ann\u00e9es \u00e0 la fois<br \/>\ntumultueuses et passionn\u00e9es.<\/p>\n<p>Aujourd&rsquo;hui, alors que la chanteuse conna\u00eet un retour triomphal,<br \/>\nPagny d\u00e9voile ses blessures. Dans son autobiographie, il exprime<br \/>\nune frustration longtemps gard\u00e9e secr\u00e8te concernant leur<br \/>\n<strong>s\u00e9paration<\/strong> brutale. Par cons\u00e9quent, les<br \/>\nr\u00e9v\u00e9lations de l&rsquo;artiste jettent une lumi\u00e8re crue sur cette<br \/>\nhistoire d&rsquo;amour pass\u00e9e.<\/p>\n<p>Un comeback remarqu\u00e9 apr\u00e8s des ann\u00e9es d&rsquo;absence<\/p>\n<p>Il y a quelque temps, <strong>Vanessa Paradis<\/strong> a fait<br \/>\nson grand retour sur le devant de la sc\u00e8ne m\u00e9diatique. L&rsquo;artiste a<br \/>\nsorti, le 10 octobre dernier, un nouvel album intitul\u00e9 Le<br \/>\nretour des beaux jours. De plus, elle est apparue dans deux<br \/>\nlongs-m\u00e9trages dont la com\u00e9die T&rsquo;as pas chang\u00e9 de J\u00e9r\u00f4me<br \/>\nCommandeur.<\/p>\n<p>Lors de son passage dans le JT de TF1, <a href=\"https:\/\/www.melty.fr\/people\/a-50-ans-passes-vanessa-paradis-brutalement-honnete-sur-sa-vie-intime-je-dis-pas-que-jadore-mais-2271621.html\" target=\"_blank\" rel=\"noopener\"><br \/>\nla chanteuse a \u00e9voqu\u00e9 une relation nostalgique<\/a>. \u00ab On est<br \/>\ntr\u00e8s nostalgiques, tous les deux \u00bb, a d\u00e9clar\u00e9<br \/>\n<strong>Vanessa<\/strong>, parlant de sa relation avec J\u00e9r\u00f4me.<br \/>\nN\u00e9anmoins, elle a ajout\u00e9 qu&rsquo;elle n&rsquo;a pas peur de vieillir,<br \/>\naffirmant que ce processus naturel ne constitue pas une angoisse<br \/>\npour elle. Une s\u00e9r\u00e9nit\u00e9 qui t\u00e9moigne ainsi d&rsquo;une maturit\u00e9<br \/>\nartistique et personnelle assum\u00e9e apr\u00e8s des d\u00e9cennies de<br \/>\ncarri\u00e8re.<\/p>\n<p>Des souvenirs poignants \u00e9voqu\u00e9s tout r\u00e9cemment<\/p>\n<p>Tout r\u00e9cemment, des archives ont ressurgi, notamment <a href=\"https:\/\/www.melty.fr\/people\/tres-franche-vanessa-paradis-se-confie-sur-sa-vie-intime-il-faut-bien-que-ca-sarrete-2284401.html\" target=\"_blank\" rel=\"noopener\"><br \/>\nson passage m\u00e9morable chez Thierry Ardisson en 2001<\/a>. \u00c0<br \/>\nl&rsquo;\u00e9poque, elle faisait la promotion de son album Bliss<br \/>\ndans l&rsquo;\u00e9mission culte Tout le monde en parle. L&rsquo;animateur<br \/>\nlui avait alors pos\u00e9 une question d\u00e9stabilisante comme s&rsquo;il \u00e9tait<br \/>\nsa fille Lily-Rose, demandant pourquoi on meurt.<\/p>\n<p>\u00ab Dans l&rsquo;histoire, il y a un d\u00e9but, un milieu et une fin<br \/>\n\u00bb, avait r\u00e9pondu <strong>Vanessa Paradis<\/strong> avec<br \/>\nphilosophie. La jeune femme avait poursuivi en affirmant qu&rsquo;apr\u00e8s<br \/>\nla mort, il y a forc\u00e9ment autre chose qui nous attend. Une<br \/>\nr\u00e9flexion profonde qui t\u00e9moignait d\u00e9j\u00e0 de sa capacit\u00e9 \u00e0 aborder les<br \/>\nsujets existentiels avec sagesse. D&rsquo;ailleurs, <strong>Vanessa<br \/>\nParadis<\/strong> a toujours su naviguer entre succ\u00e8s fulgurants et<br \/>\np\u00e9riodes de retrait m\u00e9diatique avec une \u00e9l\u00e9gance bien \u00e0 elle.<\/p>\n<p>Florent Pagny brise le silence sur sa<br \/>\nrupture orageuse avec Vanessa Paradis<\/p>\n<p><strong>Florent Pagny<\/strong>, aujourd&rsquo;hui \u00e2g\u00e9 de 63 ans,<br \/>\nconserve une certaine amertume concernant sa relation avec<br \/>\n<strong>Vanessa Paradis<\/strong>. Dans son autobiographie Pagny<br \/>\npar Florent, il r\u00e9v\u00e8le une frustration profonde li\u00e9e \u00e0 leur<br \/>\n<strong>s\u00e9paration<\/strong> abrupte. \u00ab Lorsqu&rsquo;on s&rsquo;est s\u00e9par\u00e9s,<br \/>\nj&rsquo;ai d\u00e9gag\u00e9 de la photo. Direct ! \u00bb, d\u00e9clare-t-il sans d\u00e9tour<br \/>\nni ambigu\u00eft\u00e9 possible.<\/p>\n<p>Le chanteur poursuit avec davantage d&rsquo;\u00e9motion en affirmant qu&rsquo;il<br \/>\na \u00e9norm\u00e9ment \u0153uvr\u00e9 pour elle. \u00ab J&rsquo;ai tellement \u00e9t\u00e9 l\u00e0 pour<br \/>\nelle, j&rsquo;ai tellement \u0153uvr\u00e9 pour arranger tout ce qui \u00e9tait foireux<br \/>\n\u00bb, confie Pagny. En outre, il regrette am\u00e8rement que personne<br \/>\nn&rsquo;ait reconnu son r\u00f4le dans le succ\u00e8s de <strong>Vanessa<br \/>\nParadis<\/strong> par la suite. \u00ab Je n&rsquo;ai jamais eu droit \u00e0 un<br \/>\ncoup de main lorsque j&rsquo;\u00e9tais dans le fond du trou ! \u00bb,<br \/>\nconclut-il avec une pointe de ressentiment toujours pr\u00e9sente apr\u00e8s<br \/>\ntrois d\u00e9cennies \u00e9coul\u00e9es depuis leur histoire commune.<\/p>\n","protected":false},"excerpt":{"rendered":"Les ann\u00e9es 80 ont vu \u00e9clore des couples mythiques dans le paysage musical fran\u00e7ais. Parmi eux, Vanessa Paradis&hellip;\n","protected":false},"author":2,"featured_media":616840,"comment_status":"","ping_status":"","sticky":false,"template":"","format":"standard","meta":{"footnotes":""},"categories":[1355],"tags":[58,59,1011,27,1361,873,65861],"class_list":{"0":"post-616839","1":"post","2":"type-post","3":"status-publish","4":"format-standard","5":"has-post-thumbnail","7":"category-musique","8":"tag-divertissement","9":"tag-entertainment","10":"tag-fr","11":"tag-france","12":"tag-music","13":"tag-musique","14":"tag-trend"},"share_on_mastodon":{"url":"https:\/\/pubeurope.com\/@fr\/115766019096128990","error":""},"_links":{"self":[{"href":"https:\/\/www.europesays.com\/fr\/wp-json\/wp\/v2\/posts\/616839","targetHints":{"allow":["GET"]}}],"collection":[{"href":"https:\/\/www.europesays.com\/fr\/wp-json\/wp\/v2\/posts"}],"about":[{"href":"https:\/\/www.europesays.com\/fr\/wp-json\/wp\/v2\/types\/post"}],"author":[{"embeddable":true,"href":"https:\/\/www.europesays.com\/fr\/wp-json\/wp\/v2\/users\/2"}],"replies":[{"embeddable":true,"href":"https:\/\/www.europesays.com\/fr\/wp-json\/wp\/v2\/comments?post=616839"}],"version-history":[{"count":0,"href":"https:\/\/www.europesays.com\/fr\/wp-json\/wp\/v2\/posts\/616839\/revisions"}],"wp:featuredmedia":[{"embeddable":true,"href":"https:\/\/www.europesays.com\/fr\/wp-json\/wp\/v2\/media\/616840"}],"wp:attachment":[{"href":"https:\/\/www.europesays.com\/fr\/wp-json\/wp\/v2\/media?parent=616839"}],"wp:term":[{"taxonomy":"category","embeddable":true,"href":"https:\/\/www.europesays.com\/fr\/wp-json\/wp\/v2\/categories?post=616839"},{"taxonomy":"post_tag","embeddable":true,"href":"https:\/\/www.europesays.com\/fr\/wp-json\/wp\/v2\/tags?post=616839"}],"curies":[{"name":"wp","href":"https:\/\/api.w.org\/{rel}","templated":true}]}}