{"id":616851,"date":"2025-12-23T00:25:11","date_gmt":"2025-12-23T00:25:11","guid":{"rendered":"https:\/\/www.europesays.com\/fr\/616851\/"},"modified":"2025-12-23T00:25:11","modified_gmt":"2025-12-23T00:25:11","slug":"xenogreffe-fusee-reutilisable-implants-pour-retrouver-la-vue-les-dix-avancees-scientifiques-qui-ont-marque-2025","status":"publish","type":"post","link":"https:\/\/www.europesays.com\/fr\/616851\/","title":{"rendered":"X\u00e9nogreffe, fus\u00e9e r\u00e9utilisable, implants pour retrouver la vue&#8230; Les dix avanc\u00e9es scientifiques qui ont marqu\u00e9 2025"},"content":{"rendered":"<p>\n    Le service sciences et m\u00e9decine du Figaro a s\u00e9lectionn\u00e9 les dix \u00e9v\u00e9nements marquants de l\u2019ann\u00e9e, en sciences et en m\u00e9decine.<\/p>\n<p>                                    Progression des \u00e9nergies renouvelables sans pr\u00e9c\u00e9dent dans le monde<\/p>\n<p class=\"fig-paragraph\">Elles sont un levier indispensable pour lutter contre<a href=\"http:\/\/www.lefigaro.fr\/sciences\/rechauffement-climatique-l-extinction-des-glaciers-atteindra-un-pic-au-milieu-du-siecle-20251215\" data-fig-type=\"Article\" data-gtm-custom-categorie=\"navigation\" data-gtm-custom-action=\"crossclick\" data-gtm-custom-label=\"Contextuel\" data-gtm-event=\"customEventSPE\" data-fig-domain=\"LEFIGARO\" target=\"_blank\" rel=\"noopener\">\u00a0le r\u00e9chauffement de la plan\u00e8te<\/a>. La croissance des<a href=\"http:\/\/www.lefigaro.fr\/conjoncture\/le-gouvernement-annonce-une-mission-d-evaluation-sur-le-soutien-public-aux-energies-renouvelables-20251203\" data-fig-type=\"NewsFlash\" data-gtm-custom-categorie=\"navigation\" data-gtm-custom-action=\"crossclick\" data-gtm-custom-label=\"Contextuel\" data-gtm-event=\"customEventSPE\" data-fig-domain=\"LEFIGARO\" target=\"_blank\" rel=\"noopener\">\u00a0\u00e9nergies renouvelables\u00a0<\/a>est consid\u00e9r\u00e9e par la revue Science comme une \u00ab\u00a0perc\u00e9e de l\u2019ann\u00e9e 2025\u00a0\u00bb. Provenant du soleil, du vent ou de l\u2019eau, elles \u00ab\u00a0ont d\u00e9pass\u00e9 les \u00e9nergies conventionnelles sur plusieurs fronts\u00a0\u00bb, estime la revue am\u00e9ricaine\u00a0: \u00ab\u00a0En 2004, il fallait une ann\u00e9e enti\u00e8re pour installer 1\u00a0gigawatt de capacit\u00e9 solaire dans le monde. Aujourd\u2019hui, c\u2019est le double qui est mis en service chaque jour.\u00a0\u00bb<\/p>\n<p class=\"fig-paragraph\">Plusieurs rapports ont montr\u00e9 cette ann\u00e9e comment les renouvelables chamboulent le march\u00e9 de l\u2019\u00e9nergie\u00a0: selon<a href=\"https:\/\/ember-energy.org\/latest-insights\/global-electricity-mid-year-insights-2025\/?utm_source=hs_email&amp;utm_medium=email&amp;utm_content=124275669\" target=\"_blank\" rel=\"sponsored noopener\" data-gtm-custom-categorie=\"navigation\" data-gtm-custom-action=\"crossclick\" data-gtm-custom-label=\"Contextuel\" data-gtm-event=\"customEventSPE\">\u00a0le groupe de r\u00e9flexion Ember<\/a>, la croissance des \u00e9nergies solaire et \u00e9olienne &#8211;\u00a0devenues moins ch\u00e8res que les \u00e9nergies fossiles dans la plupart des r\u00e9gions du monde\u00a0&#8211; a d\u00e9pass\u00e9 celle de la demande mondiale en \u00e9lectricit\u00e9 au cours du premier semestre 2025. L\u2019\u00e9nergie solaire a \u00e0 elle seule couvert 83\u00a0% de cette augmentation. Sur cette m\u00eame p\u00e9riode, les\u2026<\/p>\n<p class=\"fig-premium-paywall__infos\">\n        Cet article est r\u00e9serv\u00e9 aux abonn\u00e9s.        Il vous reste 94% \u00e0 d\u00e9couvrir.\n    <\/p>\n<p>                <img  data- alt=\"Le Figaro\" class=\"fig-img--complete fig-img\"\/><\/p>\n<p class=\"fig-premium-paywall__title\">Vous avez envie de lire la suite ?<\/p>\n<p class=\"fig-premium-paywall__subtitle\">D\u00e9bloquez tous les articles imm\u00e9diatement.<\/p>\n<p class=\"fig-premium-paywall__connect\">\n                D\u00e9j\u00e0 abonn\u00e9\u00a0?                <a class=\"fig-premium-paywall__connect-link\" href=\"https:\/\/connect.lefigaro.fr\/login?client=horizon_web&amp;type=main&amp;redirect_uri=https%3A%2F%2Fwww.lefigaro.fr%2Fsciences%2Fxenogreffe-fusee-reutilisable-implants-pour-retrouver-la-vue-les-dix-avancees-scientifiques-qui-ont-marque-2025-20251222\" data-js-gtm=\"{&quot;customCategorie&quot;: &quot;conversion&quot;, &quot;customAction&quot;: &quot;before_Landing_Connexion_paywall_auto&quot;, &quot;customLabel&quot;: &quot;bGVmaWdhcm8uZnJfXzFmMGRjZTY5LWJmZjAtNjM5Mi1hNmMwLTYzYzM3ZjA1OWE2MV9fQXJ0aWNsZQ==_X\u00e9nogreffe, fus\u00e9e r\u00e9utilisable, implants pour retrouver la vue... Les dix avanc\u00e9es scientifiques qui ont marqu\u00e9 2025_467&quot;, &quot;customIDSPE&quot;: &quot;bGVmaWdhcm8uZnJfXzFmMGRjZTY5LWJmZjAtNjM5Mi1hNmMwLTYzYzM3ZjA1OWE2MV9fQXJ0aWNsZQ==&quot;, &quot;event&quot;: &quot;customEventSPE&quot;}\" target=\"_blank\" rel=\"noopener\"><br \/>\n                    Connectez-vous<br \/>\n                <\/a>\n            <\/p>\n","protected":false},"excerpt":{"rendered":"Le service sciences et m\u00e9decine du Figaro a s\u00e9lectionn\u00e9 les dix \u00e9v\u00e9nements marquants de l\u2019ann\u00e9e, en sciences et&hellip;\n","protected":false},"author":2,"featured_media":616852,"comment_status":"","ping_status":"","sticky":false,"template":"","format":"standard","meta":{"footnotes":""},"categories":[6],"tags":[730,48,35,33,34,2830,386,1011,27,22747,12687,71],"class_list":{"0":"post-616851","1":"post","2":"type-post","3":"status-publish","4":"format-standard","5":"has-post-thumbnail","7":"category-economie","8":"tag-archeologie","9":"tag-astronomie","10":"tag-business","11":"tag-economie","12":"tag-economy","13":"tag-energies-renouvelables","14":"tag-espace","15":"tag-fr","16":"tag-france","17":"tag-genetique","18":"tag-oceans","19":"tag-sante"},"share_on_mastodon":{"url":"https:\/\/pubeurope.com\/@fr\/115766042608192218","error":""},"_links":{"self":[{"href":"https:\/\/www.europesays.com\/fr\/wp-json\/wp\/v2\/posts\/616851","targetHints":{"allow":["GET"]}}],"collection":[{"href":"https:\/\/www.europesays.com\/fr\/wp-json\/wp\/v2\/posts"}],"about":[{"href":"https:\/\/www.europesays.com\/fr\/wp-json\/wp\/v2\/types\/post"}],"author":[{"embeddable":true,"href":"https:\/\/www.europesays.com\/fr\/wp-json\/wp\/v2\/users\/2"}],"replies":[{"embeddable":true,"href":"https:\/\/www.europesays.com\/fr\/wp-json\/wp\/v2\/comments?post=616851"}],"version-history":[{"count":0,"href":"https:\/\/www.europesays.com\/fr\/wp-json\/wp\/v2\/posts\/616851\/revisions"}],"wp:featuredmedia":[{"embeddable":true,"href":"https:\/\/www.europesays.com\/fr\/wp-json\/wp\/v2\/media\/616852"}],"wp:attachment":[{"href":"https:\/\/www.europesays.com\/fr\/wp-json\/wp\/v2\/media?parent=616851"}],"wp:term":[{"taxonomy":"category","embeddable":true,"href":"https:\/\/www.europesays.com\/fr\/wp-json\/wp\/v2\/categories?post=616851"},{"taxonomy":"post_tag","embeddable":true,"href":"https:\/\/www.europesays.com\/fr\/wp-json\/wp\/v2\/tags?post=616851"}],"curies":[{"name":"wp","href":"https:\/\/api.w.org\/{rel}","templated":true}]}}