{"id":616855,"date":"2025-12-23T00:27:13","date_gmt":"2025-12-23T00:27:13","guid":{"rendered":"https:\/\/www.europesays.com\/fr\/616855\/"},"modified":"2025-12-23T00:27:13","modified_gmt":"2025-12-23T00:27:13","slug":"la-meteo-promet-un-noel-jamais-vu-depuis-15-ans-dans-lhexagone","status":"publish","type":"post","link":"https:\/\/www.europesays.com\/fr\/616855\/","title":{"rendered":"La m\u00e9t\u00e9o promet un No\u00ebl jamais-vu depuis 15\u00a0ans dans l\u2019Hexagone"},"content":{"rendered":"<p>        <img decoding=\"async\" loading=\"lazy\" src=\"https:\/\/www.europesays.com\/fr\/wp-content\/uploads\/2025\/12\/b026cda_upload-1-kz8fmbmqnfwa-afp-20251123-chobeaux-notitle251123-npnnl-v1-highres-snowfallinparis.j.jpeg\"  width=\"728\" height=\"409\" alt=\"Photo d\u2019illustration de quelques centim\u00e8tres de neige dans le centre de Paris, le 23\u00a0novembre 2025.\"\/>  <\/p>\n<p>JEROME GILLES \/ NurPhoto via AFP<\/p>\n<p>Photo d\u2019illustration de quelques centim\u00e8tres de neige dans le centre de Paris, le 23\u00a0novembre 2025.<\/p>\n<p class=\"asset asset-text\">Enfin un vrai <a href=\"https:\/\/www.huffingtonpost.fr\/sante\/article\/la-grippe-s-invite-a-noel-tout-ce-que-vous-pouvez-faire-pour-eviter-et-gerer-ce-trouble-fete_258384.html\" target=\"_blank\" rel=\"noopener\">No\u00ebl<\/a>, o\u00f9 le froid saisit les chairs et o\u00f9 l\u2019on porte un pull sans transpirer\u00a0? C\u2019est ce qui nous attend d\u2019apr\u00e8s les projections de <a href=\"https:\/\/www.huffingtonpost.fr\/france\/article\/vigilance-orange-six-departements-sous-surveillance-pour-les-pluies-et-les-risques-de-crue-clx1_258461.html\" target=\"_blank\" rel=\"noopener\">M\u00e9t\u00e9o France<\/a>. No\u00ebl 2025\u00a0pourrait en effet \u00eatre le plus froid en France depuis 2010, une fra\u00eecheur qui n\u2019aura toutefois rien d\u2019exceptionnelle pour la saison.<\/p>\n<p class=\"asset asset-text\">\u00ab\u00a0Avec une temp\u00e9rature moyenne nationale pr\u00e9vue de 3\u00a0\u00b0C, ce 25\u00a0d\u00e9cembre\u00a02025 devrait \u00eatre le No\u00ebl le plus froid depuis 2010 o\u00f9 la moyenne nationale \u00e9tait nettement plus basse et voisine de 0\u00a0\u00b0C\u00a0\u00bb, indique le pr\u00e9visionniste national sur son site internet.<\/p>\n<p class=\"asset asset-text\">Sur l\u2019ensemble du pays, le mercure devrait \u00eatre 3\u00a0\u00b0C sous les normales mesur\u00e9es en moyenne sur la p\u00e9riode 1991-2020, r\u00e9f\u00e9rentiel d\u00e9j\u00e0 rehauss\u00e9 sous l\u2019effet du r\u00e9chauffement climatique induit par les activit\u00e9s humaines et notamment la combustion des \u00e9nergies fossiles.<\/p>\n<p>    Une \u00ab\u00a0goutte froide\u00a0\u00bb    <\/p>\n<p class=\"asset asset-text\">Cette arriv\u00e9e de la fra\u00eecheur hivernale sur l\u2019Hexagone r\u00e9sulte d\u2019une \u00ab\u00a0goutte froide\u00a0\u00bb (poche d\u2019air froid en altitude) qui va traverser le pays, de la fronti\u00e8re allemande aux c\u00f4tes atlantiques, entre le mercredi\u00a024 et le jeudi 25\u00a0d\u00e9cembre.<\/p>\n<p class=\"asset asset-text\">M\u00eame si la sensation de froid sera r\u00e9elle, notamment sous l\u2019effet de la bise qui pourra donner un ressenti de 5\u00a0\u00b0C inf\u00e9rieur aux temp\u00e9ratures r\u00e9elles, \u00ab\u00a0on ne peut pas dire que cette fra\u00eecheur hivernale sera pour autant un \u00e9v\u00e8nement, il ne fera pas aussi froid qu\u2019en 2010 et on sera 10\u00a0\u00b0C au-dessus du No\u00ebl 1962 qui avait \u00e9t\u00e9, lui, particuli\u00e8rement froid\u00a0\u00bb, souligne aupr\u00e8s de l\u2019AFP Patrick Galois, pr\u00e9visionniste chez M\u00e9t\u00e9o-France.<\/p>\n<p class=\"asset asset-text\">Pour ce No\u00ebl, il est \u00ab\u00a0absolument exclu qu\u2019on batte des records de froid, \u00e7a restera un froid mod\u00e9r\u00e9\u00a0\u00bb pour l\u2019hiver, a-t-il d\u00e9clar\u00e9.<\/p>\n<p>    Douceur exceptionnelle en d\u00e9cembre    <\/p>\n<p class=\"asset asset-text\">\u00ab\u00a0Ce qui est notable en revanche, c\u2019est la douceur exceptionnelle des temp\u00e9ratures sur l\u2019Hexagone depuis le 2\u00a0d\u00e9cembre\u00a0\u00bb, ajoute Patrick Galois. On a parfois \u00e9t\u00e9 jusqu\u2019\u00e0 10\u00a0\u00b0C au-dessus des normales, avec notamment le 8\u00a0d\u00e9cembre, un mercure parfois pas loin des 20\u00a0\u00b0C, y compris au nord de la Loire.<\/p>\n<p class=\"asset asset-text\">2025 devrait ainsi \u00eatre parmi les 3 ou 4 ann\u00e9es les plus chaudes jamais enregistr\u00e9es en France depuis le d\u00e9but des mesures en 1900. Cette ann\u00e9e, \u00ab\u00a0un jour sur deux a enregistr\u00e9 une temp\u00e9rature au-dessus de la normale de saison contre un jour sur cinq seulement sous la normale, signe de l\u2019\u00e9volution rapide de notre climat\u00a0\u00bb, soulignait M\u00e9t\u00e9o-France le 15\u00a0d\u00e9cembre.<\/p>\n<p class=\"asset asset-text\">Fin novembre, la France avait d\u00e9j\u00e0 connu des temp\u00e9ratures jusqu\u2019\u00e0 6\u00a0\u00b0C sous les normales, mais le pr\u00e9visionniste national avait d\u00e9j\u00e0 rappel\u00e9 que cela n\u2019avait \u00ab\u00a0rien d\u2019exceptionnel\u00a0\u00bb pour la saison.<\/p>\n","protected":false},"excerpt":{"rendered":"JEROME GILLES \/ NurPhoto via AFP Photo d\u2019illustration de quelques centim\u00e8tres de neige dans le centre de Paris,&hellip;\n","protected":false},"author":2,"featured_media":616856,"comment_status":"","ping_status":"","sticky":false,"template":"","format":"standard","meta":{"footnotes":""},"categories":[4],"tags":[11,1011,27,2487,2357,12,15830,25],"class_list":{"0":"post-616855","1":"post","2":"type-post","3":"status-publish","4":"format-standard","5":"has-post-thumbnail","7":"category-france","8":"tag-actualites","9":"tag-fr","10":"tag-france","11":"tag-meteo","12":"tag-meteo-france","13":"tag-news","14":"tag-noel","15":"tag-republique-francaise"},"share_on_mastodon":{"url":"https:\/\/pubeurope.com\/@fr\/115766051194738614","error":""},"_links":{"self":[{"href":"https:\/\/www.europesays.com\/fr\/wp-json\/wp\/v2\/posts\/616855","targetHints":{"allow":["GET"]}}],"collection":[{"href":"https:\/\/www.europesays.com\/fr\/wp-json\/wp\/v2\/posts"}],"about":[{"href":"https:\/\/www.europesays.com\/fr\/wp-json\/wp\/v2\/types\/post"}],"author":[{"embeddable":true,"href":"https:\/\/www.europesays.com\/fr\/wp-json\/wp\/v2\/users\/2"}],"replies":[{"embeddable":true,"href":"https:\/\/www.europesays.com\/fr\/wp-json\/wp\/v2\/comments?post=616855"}],"version-history":[{"count":0,"href":"https:\/\/www.europesays.com\/fr\/wp-json\/wp\/v2\/posts\/616855\/revisions"}],"wp:featuredmedia":[{"embeddable":true,"href":"https:\/\/www.europesays.com\/fr\/wp-json\/wp\/v2\/media\/616856"}],"wp:attachment":[{"href":"https:\/\/www.europesays.com\/fr\/wp-json\/wp\/v2\/media?parent=616855"}],"wp:term":[{"taxonomy":"category","embeddable":true,"href":"https:\/\/www.europesays.com\/fr\/wp-json\/wp\/v2\/categories?post=616855"},{"taxonomy":"post_tag","embeddable":true,"href":"https:\/\/www.europesays.com\/fr\/wp-json\/wp\/v2\/tags?post=616855"}],"curies":[{"name":"wp","href":"https:\/\/api.w.org\/{rel}","templated":true}]}}