{"id":616859,"date":"2025-12-23T00:29:30","date_gmt":"2025-12-23T00:29:30","guid":{"rendered":"https:\/\/www.europesays.com\/fr\/616859\/"},"modified":"2025-12-23T00:29:30","modified_gmt":"2025-12-23T00:29:30","slug":"saint-etienne-bientot-un-eco-hameau-au-puits-couriot","status":"publish","type":"post","link":"https:\/\/www.europesays.com\/fr\/616859\/","title":{"rendered":"Saint-Etienne\u00a0: bient\u00f4t un \u00e9co hameau au Puits Couriot"},"content":{"rendered":"<p class=\"is-style-chapo\">Apr\u00e8s la Condition des soies, puis la maison Hatier, le groupe Cr\u00e9quy livrera tr\u00e8s prochainement un chantier d\u2019ampleur \u00e0 Saint-Etienne. L\u2019\u00e9co hameau Couriot est un ensemble de trois b\u00e2timents, rue Calixte Plotton, au pied des crassiers, qui comprendra quatorze logements au total, tous r\u00e9habilit\u00e9s de fa\u00e7on \u00e9co-responsable.<\/p>\n<p><img fetchpriority=\"high\" decoding=\"async\" width=\"1024\" height=\"576\" src=\"https:\/\/www.europesays.com\/fr\/wp-content\/uploads\/2025\/12\/se_eco_hameau_couriot_003_1800x1350-1024x576.jpg\" alt=\"Couriot\" class=\"wp-image-81454\"  \/>Sur 14 logements, 13 ont d\u00e9j\u00e0 trouv\u00e9 preneur. \u00a9Groupe Cr\u00e9quy<\/p>\n<p>\u00ab\u00a0Il y a cinq ou six ans, la Ville a lanc\u00e9 un appel d\u2019offres pour ce site, se souvient Henry-Pierre Marsal, directeur artistique et architecte d\u2019int\u00e9rieur du <a href=\"https:\/\/www.groupecrequy.fr\/fr\/leco-hameau-couriot-899.html\" target=\"_blank\" rel=\"noreferrer noopener\">groupe Cr\u00e9quy<\/a>. Nous avions d\u00e9j\u00e0 r\u00e9habilit\u00e9 la Condition des soies et la <a href=\"https:\/\/www.if-saint-etienne.fr\/economie\/immobilier\/maison-hatier-le-reveil-de-la-belle-endormie\" target=\"_blank\" rel=\"noreferrer noopener\">maison Hatier<\/a>, donc nous avons \u00e9t\u00e9 d\u00e9sign\u00e9s\u00a0\u00bb. Seulement ici, le groupe doit quasiment partir d\u2019une feuille blanche. Les trois b\u00e2timents, inhabit\u00e9s depuis des d\u00e9cennies, \u00e9taient quasiment en ruine, et extr\u00eamement d\u00e9grad\u00e9s.<\/p>\n<p>Cet ensemble, situ\u00e9 au pied des crassiers du Puits Couriot, comprend une ancienne rubanerie, la maison du ma\u00eetre carrier, puisqu\u2019avant le charbon, le site fut autrefois une carri\u00e8re de pierres, et enfin une ancienne \u00e9table. Un total de quatorze logements, dont treize ont d\u00e9j\u00e0 trouv\u00e9 preneur, pour des surfaces entre 30 et 110 m\u00e8tres carr\u00e9s\u2026<\/p>\n<p>1,5 million d\u2019euros d\u2019investissement<\/p>\n<p>Le lieu se veut donc pens\u00e9 comme un \u00e9co village, \u00e0 deux pas du centre-ville. Comme \u00e0 son habitude, le groupe a veill\u00e9 \u00e0 ce que le chantier soit le plus neutre possible en carbone. Pour cela, une isolation chaux-chanvre a \u00e9t\u00e9 r\u00e9alis\u00e9e, associ\u00e9e \u00e0 un chauffage central \u00e9cologique. La part belle a \u00e9t\u00e9 faite aux espaces paysag\u00e9s avec plus de 1 200 v\u00e9g\u00e9taux plant\u00e9s, et un potager commun dot\u00e9 d\u2019herbes aromatiques. <\/p>\n<p>Les logements, quant \u00e0 eux, proposent des prestations de qualit\u00e9, avec des salles de bain en travertin, des terrasses privatives pour certains et de grandes ouvertures pour des espaces lumineux. Au total, cela repr\u00e9sente un investissement de plus d\u20191,5 million d\u2019euros pour cet ensemble situ\u00e9 dans un secteur class\u00e9 Monument historique, et qui permet ainsi une forte d\u00e9fiscalisation sur le montant des travaux, pouvant atteindre les 50 %.<\/p>\n<p>Inauguration en mars<\/p>\n<p>Ainsi, les acqu\u00e9reurs sont donc des investisseurs, s\u00e9duits par le projet et sensibles \u00e0 sa dimension \u00e9cologique. Les entreprises qui travaillent sur le chantier r\u00e9utilisent au maximum les mat\u00e9riaux. Pour exemple, d\u2019anciennes pierres de la carri\u00e8re ont \u00e9t\u00e9 trouv\u00e9es sous terre et ont \u00e9t\u00e9 r\u00e9employ\u00e9es pour cr\u00e9er un chemin vers les 3 000 m\u00e8tres carr\u00e9s de jardins partag\u00e9s. Il reste d\u00e9sormais trois mois de travaux avec certains appartements habit\u00e9s d\u00e8s f\u00e9vrier et une inauguration de l\u2019ensemble pr\u00e9vue en mars. <\/p>\n<p>\u00ab\u00a0L\u2019id\u00e9e est vraiment que les locataires qui habiteront ici se sentent bien dans leur environnement, dans des habitations de qualit\u00e9 et n\u2019aient pas envie d\u2019en changer tout de suite\u00a0\u00bb. Et le c\u00f4t\u00e9 campagne \u00e0 la ville du site, \u00e0 seulement 15 minutes \u00e0 pied de la place Jean Jaur\u00e8s, ou la proximit\u00e9 du TER au Clapier, devrait \u00e9galement repr\u00e9senter un atout de taille.<\/p>\n<p><img loading=\"lazy\" decoding=\"async\" width=\"1024\" height=\"576\" src=\"https:\/\/www.europesays.com\/fr\/wp-content\/uploads\/2025\/12\/IMG_4823-1024x576.jpg\" alt=\"\" class=\"wp-image-81455\"  \/>\u00a9JT\/ If Saint-Etienne<\/p>\n<p><img loading=\"lazy\" decoding=\"async\" width=\"1024\" height=\"576\" src=\"https:\/\/www.europesays.com\/fr\/wp-content\/uploads\/2025\/12\/IMG_4825-1024x576.jpg\" alt=\"\" class=\"wp-image-81456\"  \/>\u00a9JT\/ If Saint-Etienne<\/p>\n<p><img loading=\"lazy\" decoding=\"async\" width=\"1024\" height=\"576\" src=\"https:\/\/www.europesays.com\/fr\/wp-content\/uploads\/2025\/12\/IMG_4821-1024x576.jpg\" alt=\"\" class=\"wp-image-81457\"  \/>\u00a9JT\/ If Saint-Etienne<\/p>\n<p><img loading=\"lazy\" decoding=\"async\" width=\"1024\" height=\"576\" src=\"https:\/\/www.europesays.com\/fr\/wp-content\/uploads\/2025\/12\/IMG_4836-1024x576.jpg\" alt=\"\" class=\"wp-image-81462\"  \/>\u00a9JT\/ If Saint-Etienne<\/p>\n<p><img loading=\"lazy\" decoding=\"async\" width=\"1024\" height=\"576\" src=\"https:\/\/www.europesays.com\/fr\/wp-content\/uploads\/2025\/12\/IMG_4830-1024x576.jpg\" alt=\"\" class=\"wp-image-81464\"  \/>\u00a9JT\/ If Saint-Etienne<\/p>\n<p><img loading=\"lazy\" decoding=\"async\" width=\"1024\" height=\"576\" src=\"https:\/\/www.europesays.com\/fr\/wp-content\/uploads\/2025\/12\/IMG_4835-1024x576.jpg\" alt=\"\" class=\"wp-image-81463\"  \/>\u00a9JT\/ If Saint-Etienne<\/p>\n<p><img loading=\"lazy\" decoding=\"async\" width=\"1024\" height=\"576\" src=\"https:\/\/www.europesays.com\/fr\/wp-content\/uploads\/2025\/12\/IMG_4831-1024x576.jpg\" alt=\"\" class=\"wp-image-81460\"  \/>\u00a9JT\/ If Saint-Etienne<\/p>\n<p><img loading=\"lazy\" decoding=\"async\" width=\"1024\" height=\"576\" src=\"https:\/\/www.europesays.com\/fr\/wp-content\/uploads\/2025\/12\/IMG_4834-1024x576.jpg\" alt=\"\" class=\"wp-image-81465\"  \/>\u00a9JT\/ If Saint-Etienne<\/p>\n<p><img loading=\"lazy\" decoding=\"async\" width=\"1024\" height=\"576\" src=\"https:\/\/www.europesays.com\/fr\/wp-content\/uploads\/2025\/12\/IMG_4820-1024x576.jpg\" alt=\"\" class=\"wp-image-81459\"  \/>\u00a9JT\/ If Saint-Etienne<\/p>\n<p><img loading=\"lazy\" decoding=\"async\" width=\"1024\" height=\"576\" src=\"https:\/\/www.europesays.com\/fr\/wp-content\/uploads\/2025\/12\/IMG_4826-1024x576.jpg\" alt=\"\" class=\"wp-image-81458\"  \/>\u00a9JT\/ If Saint-Etienne<\/p>\n<p><img loading=\"lazy\" decoding=\"async\" width=\"1024\" height=\"576\" src=\"https:\/\/www.europesays.com\/fr\/wp-content\/uploads\/2025\/12\/IMG_4829-1024x576.jpg\" alt=\"\" class=\"wp-image-81461\"  \/>\u00a9JT\/ If Saint-Etienne<\/p>\n","protected":false},"excerpt":{"rendered":"Apr\u00e8s la Condition des soies, puis la maison Hatier, le groupe Cr\u00e9quy livrera tr\u00e8s prochainement un chantier d\u2019ampleur&hellip;\n","protected":false},"author":2,"featured_media":616860,"comment_status":"","ping_status":"","sticky":false,"template":"","format":"standard","meta":{"footnotes":""},"categories":[9653],"tags":[1111,11,2430,16350,72731,1777,674,1011,27,72732,72733,72734,12,45496,25,4001],"class_list":{"0":"post-616859","1":"post","2":"type-post","3":"status-publish","4":"format-standard","5":"has-post-thumbnail","7":"category-saint-etienne","8":"tag-actu","9":"tag-actualites","10":"tag-auvergne-rhone-alpes","11":"tag-constructif","12":"tag-eco-hameau-couriot","13":"tag-eu","14":"tag-europe","15":"tag-fr","16":"tag-france","17":"tag-groupe-crequy","18":"tag-immobilier-saint-etienne","19":"tag-investissement-immobilier-saint-etienne","20":"tag-news","21":"tag-puits-couriot","22":"tag-republique-francaise","23":"tag-saint-etienne"},"share_on_mastodon":{"url":"https:\/\/pubeurope.com\/@fr\/115766059493988521","error":""},"_links":{"self":[{"href":"https:\/\/www.europesays.com\/fr\/wp-json\/wp\/v2\/posts\/616859","targetHints":{"allow":["GET"]}}],"collection":[{"href":"https:\/\/www.europesays.com\/fr\/wp-json\/wp\/v2\/posts"}],"about":[{"href":"https:\/\/www.europesays.com\/fr\/wp-json\/wp\/v2\/types\/post"}],"author":[{"embeddable":true,"href":"https:\/\/www.europesays.com\/fr\/wp-json\/wp\/v2\/users\/2"}],"replies":[{"embeddable":true,"href":"https:\/\/www.europesays.com\/fr\/wp-json\/wp\/v2\/comments?post=616859"}],"version-history":[{"count":0,"href":"https:\/\/www.europesays.com\/fr\/wp-json\/wp\/v2\/posts\/616859\/revisions"}],"wp:featuredmedia":[{"embeddable":true,"href":"https:\/\/www.europesays.com\/fr\/wp-json\/wp\/v2\/media\/616860"}],"wp:attachment":[{"href":"https:\/\/www.europesays.com\/fr\/wp-json\/wp\/v2\/media?parent=616859"}],"wp:term":[{"taxonomy":"category","embeddable":true,"href":"https:\/\/www.europesays.com\/fr\/wp-json\/wp\/v2\/categories?post=616859"},{"taxonomy":"post_tag","embeddable":true,"href":"https:\/\/www.europesays.com\/fr\/wp-json\/wp\/v2\/tags?post=616859"}],"curies":[{"name":"wp","href":"https:\/\/api.w.org\/{rel}","templated":true}]}}