{"id":616868,"date":"2025-12-23T00:41:15","date_gmt":"2025-12-23T00:41:15","guid":{"rendered":"https:\/\/www.europesays.com\/fr\/616868\/"},"modified":"2025-12-23T00:41:15","modified_gmt":"2025-12-23T00:41:15","slug":"jeanfi-janssens-au-zenith-rouen-2026","status":"publish","type":"post","link":"https:\/\/www.europesays.com\/fr\/616868\/","title":{"rendered":"Jeanfi Janssens au Z\u00e9nith Rouen 2026"},"content":{"rendered":"<p class=\"intro\">Jeanfi Janssens pr\u00e9sente son spectacle\u00a0\u00ab\u00a0Tomb\u00e9 du Ciel\u00a0\u00bb au Z\u00e9nith de Rouen le dimanche 29 novembre 2026 \u00e0 17h. L&rsquo;humoriste nordiste investit la sc\u00e8ne de Le Grand-Quevilly pour une repr\u00e9sentation de son one-man-show o\u00f9 il revient sur son parcours atypique et ses aventures dans le monde du show business. Cette tourn\u00e9e fait salle comble dans toute la France, confirmant le succ\u00e8s grandissant de l&rsquo;ancien steward devenu star de l&rsquo;humour. Les billets sont disponibles d\u00e8s maintenant pour cette soir\u00e9e prometteuse en Seine-Maritime.<\/p>\n<p>Jeanfi Janssens investit la sc\u00e8ne du Z\u00e9nith pour une soir\u00e9e d&rsquo;humour \u00e0 Rouen<\/p>\n<p>Dans <strong>\u00ab\u00a0Tomb\u00e9 du Ciel\u00a0\u00bb<\/strong>, Jeanfi Janssens livre un spectacle autobiographique o\u00f9 il \u00e9voque avec autod\u00e9rision son passage \u00e0 l&rsquo;internat chez les bonnes s\u0153urs, ses rencontres inopin\u00e9es et ses premiers d\u00e9boires m\u00e9dicaux. L&rsquo;humoriste explore le <strong>choc des milieux et de cultures<\/strong> qu&rsquo;il a v\u00e9cu en passant du monde de l&rsquo;aviation au show business, un parcours qui n&rsquo;\u00e9tait attendu ni dans les avions ni sur sc\u00e8ne.<\/p>\n<p><img decoding=\"async\" loading=\"lazy\" src=\"https:\/\/www.europesays.com\/fr\/wp-content\/uploads\/2025\/12\/jeanfi-janssens--tombe-du-ciel--paris-tickets_221051_1990903_222x222.jpg\" alt=\"Jeanfi Janssens - Tomb\u00e9 du Ciel - Tourn\u00e9e\" class=\"border\"\/><\/p>\n<p>Ce <strong>one-man-show de 1h20<\/strong>, mis en sc\u00e8ne par \u00c9ric Th\u00e9obald, garantit des rires avec les turbulences s\u00e9v\u00e8res de sa reconversion professionnelle. En Seine-Maritime, les amateurs de <a href=\"https:\/\/www.jds.fr\/rouen\/agenda\/sorties-culturelles-spectacles-expositions-cinema-470_B\" target=\"_blank\" rel=\"noopener\">spectacles d&rsquo;humour \u00e0 Rouen<\/a> pourront d\u00e9couvrir pourquoi la presse nationale salue ce <strong>\u00ab\u00a0sans-faute\u00a0\u00bb<\/strong> qui fait salle comble dans toute la France.<\/p>\n<p>Billetterie Jeanfi Janssens\u00a0\u00ab\u00a0Tomb\u00e9 du Ciel\u00a0\u00bb au Z\u00e9nith de Rouen<\/p>\n<p><a class=\"btn btn-lg shadow-lg btn-primary rounded-pill fnac_link\" data-fnac=\"in_article\" href=\"https:\/\/www.awin1.com\/pclick.php?p=43508110003&amp;a=634278&amp;m=12494&amp;clickref=in_article-A-desktop\" target=\"_blank\" rel=\"nofollow noopener\"> Acheter des billets<\/a><\/p>\n<p>Les <strong>billets<\/strong> pour cette repr\u00e9sentation unique au Z\u00e9nith de Rouen sont propos\u00e9s entre <strong>39\u00a0\u20ac et 49\u00a0\u20ac<\/strong>. Face \u00e0 la popularit\u00e9 croissante de Jeanfi Janssens et au succ\u00e8s de sa tourn\u00e9e nationale, il est recommand\u00e9 de r\u00e9server rapidement ses places pour \u00e9viter toute d\u00e9ception. Pour d\u00e9couvrir <a href=\"https:\/\/www.jds.fr\/artistes\/jeanfi-janssens-5963_N\" target=\"_blank\" rel=\"noopener\">les autres dates de Jeanfi Janssens<\/a> programm\u00e9es dans la r\u00e9gion, consultez sa page artiste.<\/p>\n<p>Le parcours atypique de Jeanfi Janssens<\/p>\n<p><strong>Jean-Philippe Janssens<\/strong>, n\u00e9 en 1973 \u00e0 Maubeuge, a exerc\u00e9 le m\u00e9tier de steward chez Air France pendant pr\u00e8s de vingt ans avant sa reconversion dans l&rsquo;humour. Cette exp\u00e9rience professionnelle atypique constitue aujourd&rsquo;hui l&rsquo;une des sources principales de son inspiration comique, lui permettant de d\u00e9velopper un style unique m\u00ealant <strong>accent ch&rsquo;ti authentique et autod\u00e9rision assum\u00e9e<\/strong>.<\/p>\n<p>Reconnu en janvier 2015 par le <strong>Prix coup de c\u0153ur du Jury<\/strong> au Festival de Valberg\u00a0\u00ab\u00a0Rire en montagne\u00a0\u00bb, il a \u00e9galement d\u00e9montr\u00e9 sa polyvalence en jouant dans\u00a0\u00ab\u00a0Un Couple Magique\u00a0\u00bb de Laurent Ruquier aux Bouffes Parisiens en 2022. <a href=\"https:\/\/www.jds.fr\/compiegne\/spectacles\/humour\/jeanfi-janssens-tombe-du-ciel-tournee-1273430_A\" target=\"_blank\" rel=\"noopener\">Jeanfi Janssens poursuit sa tourn\u00e9e<\/a> dans diff\u00e9rentes villes de France, confirmant son ascension dans le paysage humoristique fran\u00e7ais.<\/p>\n<p>Comment aller au Z\u00e9nith de Rouen\u00a0?<\/p>\n<p>Le <a href=\"https:\/\/www.jds.fr\/rouen\/le-grand-quevilly\/salle-de-concert-spectacle\/zenith-de-rouen-15867_L\" target=\"_blank\" rel=\"noopener\">Z\u00e9nith de Rouen<\/a> est facilement accessible en voiture depuis les principaux axes routiers. Depuis Paris, comptez <strong>1h15 de trajet via l&rsquo;A13<\/strong>, tandis que depuis Le Havre ou Caen, environ 1h suffit. Les automobilistes venant de Neufch\u00e2tel ou Amiens peuvent emprunter l&rsquo;A28 pour seulement 10 minutes de route. Un <strong>parking gratuit de 4 200 places<\/strong> est disponible, bien qu&rsquo;il soit recommand\u00e9 d&rsquo;anticiper en raison de travaux de fermeture partielle.<\/p>\n<p>Les <strong>transports en commun<\/strong> constituent une excellente alternative avec l&rsquo;arr\u00eat\u00a0\u00ab\u00a0Z\u00e9nith\/Parc Expo\u00a0\u00bb desservi par plusieurs lignes du r\u00e9seau Astuce. Les lignes T4 et F6 circulent fr\u00e9quemment, avec des passages toutes les 8 \u00e0 10 minutes en heure de pointe. Des <strong>navettes sp\u00e9ciales<\/strong> sont organis\u00e9es 20 minutes apr\u00e8s chaque spectacle, avec correspondance vers les lignes Noctambus pour les retours nocturnes.<\/p>\n<p class=\"mise_en_avant\">Notre conseil\u00a0: privil\u00e9giez les transports en commun pour \u00e9viter les contraintes de stationnement et profiter des navettes sp\u00e9ciales post-spectacle.<\/p>\n<p>Le Z\u00e9nith de Rouen programmera prochainement <a href=\"https:\/\/www.jds.fr\/rouen\/spectacles\/humour\/michele-laroque-et-kad-merad-l-age-bete-tournee-884699_A\" target=\"_blank\" rel=\"noopener\">Mich\u00e8le Laroque &amp; Kad Merad dans\u00a0\u00ab\u00a0L&rsquo;\u00e2ge b\u00eate\u00a0\u00bb au Z\u00e9nith de Rouen<\/a>, une autre occasion de d\u00e9couvrir cette salle embl\u00e9matique de Seine-Maritime pour les amateurs de spectacles d&rsquo;humour.<\/p>\n","protected":false},"excerpt":{"rendered":"Jeanfi Janssens pr\u00e9sente son spectacle\u00a0\u00ab\u00a0Tomb\u00e9 du Ciel\u00a0\u00bb au Z\u00e9nith de Rouen le dimanche 29 novembre 2026 \u00e0 17h.&hellip;\n","protected":false},"author":2,"featured_media":616869,"comment_status":"","ping_status":"","sticky":false,"template":"","format":"standard","meta":{"footnotes":""},"categories":[9587],"tags":[1111,11,1777,674,1011,27,12,5161,25,9590],"class_list":{"0":"post-616868","1":"post","2":"type-post","3":"status-publish","4":"format-standard","5":"has-post-thumbnail","7":"category-rouen","8":"tag-actu","9":"tag-actualites","10":"tag-eu","11":"tag-europe","12":"tag-fr","13":"tag-france","14":"tag-news","15":"tag-normandie","16":"tag-republique-francaise","17":"tag-rouen"},"share_on_mastodon":{"url":"https:\/\/pubeurope.com\/@fr\/115766106279492308","error":""},"_links":{"self":[{"href":"https:\/\/www.europesays.com\/fr\/wp-json\/wp\/v2\/posts\/616868","targetHints":{"allow":["GET"]}}],"collection":[{"href":"https:\/\/www.europesays.com\/fr\/wp-json\/wp\/v2\/posts"}],"about":[{"href":"https:\/\/www.europesays.com\/fr\/wp-json\/wp\/v2\/types\/post"}],"author":[{"embeddable":true,"href":"https:\/\/www.europesays.com\/fr\/wp-json\/wp\/v2\/users\/2"}],"replies":[{"embeddable":true,"href":"https:\/\/www.europesays.com\/fr\/wp-json\/wp\/v2\/comments?post=616868"}],"version-history":[{"count":0,"href":"https:\/\/www.europesays.com\/fr\/wp-json\/wp\/v2\/posts\/616868\/revisions"}],"wp:featuredmedia":[{"embeddable":true,"href":"https:\/\/www.europesays.com\/fr\/wp-json\/wp\/v2\/media\/616869"}],"wp:attachment":[{"href":"https:\/\/www.europesays.com\/fr\/wp-json\/wp\/v2\/media?parent=616868"}],"wp:term":[{"taxonomy":"category","embeddable":true,"href":"https:\/\/www.europesays.com\/fr\/wp-json\/wp\/v2\/categories?post=616868"},{"taxonomy":"post_tag","embeddable":true,"href":"https:\/\/www.europesays.com\/fr\/wp-json\/wp\/v2\/tags?post=616868"}],"curies":[{"name":"wp","href":"https:\/\/api.w.org\/{rel}","templated":true}]}}