{"id":616873,"date":"2025-12-23T00:47:21","date_gmt":"2025-12-23T00:47:21","guid":{"rendered":"https:\/\/www.europesays.com\/fr\/616873\/"},"modified":"2025-12-23T00:47:21","modified_gmt":"2025-12-23T00:47:21","slug":"a-rennes-la-regulation-des-urgences-prolongee-jusquau-1er-avril-2026","status":"publish","type":"post","link":"https:\/\/www.europesays.com\/fr\/616873\/","title":{"rendered":"\u00c0 Rennes, la r\u00e9gulation des urgences prolong\u00e9e jusqu\u2019au 1er\u00a0avril 2026"},"content":{"rendered":"<p>L\u2019obligation d\u2019appeler au 15 pour acc\u00e9der aux services des urgences adultes et p\u00e9diatriques, entre 18\u00a0h\u00a030 et 8\u00a0h\u00a030, est prolong\u00e9e jusqu\u2019au 1er\u00a0avril 2026 pour <a href=\"https:\/\/rennes.maville.com\/actu\/actudet_-cette-clinique-pres-de-rennes-prolonge-la-fermeture-de-ses-urgences-la-nuit-jusqu-a-fin-2025-_7-7032027_actu.Htm\" target=\"_blank\" rel=\"noopener\">le CHU de Rennes-Pontchaillou et les h\u00f4pitaux priv\u00e9s rennais de Saint-Gr\u00e9goire et Cesson-S\u00e9vign\u00e9<\/a>. La fermeture de nuit des urgences du site de Cesson-S\u00e9vign\u00e9, entre 22\u00a0h et 8\u00a0h, est \u00e9galement prolong\u00e9e jusqu\u2019au 2\u00a0mars 2026.<\/p>\n<p><strong>Lire aussi<\/strong>\u00a0:<a href=\"https:\/\/rennes.maville.com\/actu\/actudet_--seul-la-nuit-avec-30-patients-a-rennes-les-urgences-a-bout-de-souffle-cherchent-une-issue-_7-6997078_actu.Htm\" target=\"_blank\" rel=\"noopener\"> \u00ab\u00a0Seul la nuit avec 30 patients\u00a0\u00bb\u00a0: \u00e0 Rennes, les urgences \u00e0 bout de souffle cherchent une issue<\/a><\/p>\n<p>\u00a0Cette mesure de r\u00e9gulation de l\u2019acc\u00e8s aux urgences vise \u00e0 garantir des bonnes conditions d\u2019accueil aux patients n\u00e9cessitant une hospitalisation, en orientant les autres situations vers les solutions les plus adapt\u00e9es\u00a0, pr\u00e9cisent les h\u00f4pitaux, rappelant que \u00a0le recours au m\u00e9decin traitant ou \u00e0 un rendez-vous de t\u00e9l\u00e9consultation en journ\u00e9e doit rester le premier r\u00e9flexe\u00a0. La prise en charge des urgences vitales et l\u2019accueil des femmes enceintes est maintenue en continu.<\/p>\n<p>\u00a0<\/p>\n","protected":false},"excerpt":{"rendered":"L\u2019obligation d\u2019appeler au 15 pour acc\u00e9der aux services des urgences adultes et p\u00e9diatriques, entre 18\u00a0h\u00a030 et 8\u00a0h\u00a030, est&hellip;\n","protected":false},"author":2,"featured_media":616874,"comment_status":"","ping_status":"","sticky":false,"template":"","format":"standard","meta":{"footnotes":""},"categories":[2821],"tags":[5734,1111,11,3270,829,1777,674,1011,27,2867,12,20407,3086,9235,584,25,6444],"class_list":{"0":"post-616873","1":"post","2":"type-post","3":"status-publish","4":"format-standard","5":"has-post-thumbnail","7":"category-rennes","8":"tag-5734","9":"tag-actu","10":"tag-actualites","11":"tag-avril","12":"tag-bretagne","13":"tag-eu","14":"tag-europe","15":"tag-fr","16":"tag-france","17":"tag-jusqu","18":"tag-news","19":"tag-prolongee","20":"tag-redon","21":"tag-regulation","22":"tag-rennes","23":"tag-republique-francaise","24":"tag-urgences"},"share_on_mastodon":{"url":"https:\/\/pubeurope.com\/@fr\/115766129511006220","error":""},"_links":{"self":[{"href":"https:\/\/www.europesays.com\/fr\/wp-json\/wp\/v2\/posts\/616873","targetHints":{"allow":["GET"]}}],"collection":[{"href":"https:\/\/www.europesays.com\/fr\/wp-json\/wp\/v2\/posts"}],"about":[{"href":"https:\/\/www.europesays.com\/fr\/wp-json\/wp\/v2\/types\/post"}],"author":[{"embeddable":true,"href":"https:\/\/www.europesays.com\/fr\/wp-json\/wp\/v2\/users\/2"}],"replies":[{"embeddable":true,"href":"https:\/\/www.europesays.com\/fr\/wp-json\/wp\/v2\/comments?post=616873"}],"version-history":[{"count":0,"href":"https:\/\/www.europesays.com\/fr\/wp-json\/wp\/v2\/posts\/616873\/revisions"}],"wp:featuredmedia":[{"embeddable":true,"href":"https:\/\/www.europesays.com\/fr\/wp-json\/wp\/v2\/media\/616874"}],"wp:attachment":[{"href":"https:\/\/www.europesays.com\/fr\/wp-json\/wp\/v2\/media?parent=616873"}],"wp:term":[{"taxonomy":"category","embeddable":true,"href":"https:\/\/www.europesays.com\/fr\/wp-json\/wp\/v2\/categories?post=616873"},{"taxonomy":"post_tag","embeddable":true,"href":"https:\/\/www.europesays.com\/fr\/wp-json\/wp\/v2\/tags?post=616873"}],"curies":[{"name":"wp","href":"https:\/\/api.w.org\/{rel}","templated":true}]}}