{"id":616878,"date":"2025-12-23T00:50:22","date_gmt":"2025-12-23T00:50:22","guid":{"rendered":"https:\/\/www.europesays.com\/fr\/616878\/"},"modified":"2025-12-23T00:50:22","modified_gmt":"2025-12-23T00:50:22","slug":"une-senatrice-de-nice-propose-une-loi-qui-pourrait-totalement-changer-les-elections-municipales","status":"publish","type":"post","link":"https:\/\/www.europesays.com\/fr\/616878\/","title":{"rendered":"Une s\u00e9natrice de Nice propose une loi qui pourrait totalement changer les \u00e9lections municipales"},"content":{"rendered":"<p>                    Par<br \/>\n        <strong><br \/>\n            <a href=\"https:\/\/actu.fr\/auteur\/ugo-maillard\" title=\"Consulter tous les articles de Ugo Maillard\" target=\"_blank\" rel=\"noopener\">Ugo Maillard<\/a><br \/>\n                    <\/strong><\/p>\n<p>        Publi\u00e9 le<\/p>\n<p>            22 d\u00e9c. 2025 \u00e0 17h20        <\/p>\n<p>C\u2019est une proposition de loi qui pourrait rebattre les cartes du paysage politique local. <strong>Dominique Estrosi-Sassone<\/strong>, s\u00e9natrice LR des <a href=\"https:\/\/actu.fr\/provence-alpes-cote-d-azur\/alpes-maritimes_06\" target=\"_blank\" rel=\"noopener\">Alpes-Maritimes<\/a>, se lance dans un combat pour assouplir les r\u00e8gles relatives \u00e0 l\u2019inscription sur les listes \u00e9lectorales.<\/p>\n<p class=\" wall-content\">L\u2019objectif de la s\u00e9natrice, \u00e9galement pr\u00e9sente sur la liste de Christian Estrosi pour les <a href=\"https:\/\/actu.fr\/nice\/politique\/elections-municipales\" target=\"_blank\" rel=\"noopener\">municipales 2026 \u00e0 Nice<\/a>, est de permettre l\u2019inscription sur les listes \u00ab\u2009pour les \u00e9lecteurs de moins de 26\u00a0ans dans les communes o\u00f9 leurs parents disposent d\u2019une propri\u00e9t\u00e9\u2009\u00bb.<\/p>\n<p class=\" wall-content\">La figure politique explique \u00e0 <a href=\"https:\/\/actu.fr\/nice\/\" target=\"_blank\" rel=\"noopener\">actu Nice<\/a> son ambition avec ce<strong> projet de loi<\/strong>. Un projet de loi, qui, s\u2019il est adopt\u00e9 par le Parlement, pourrait avoir un impact pour les \u00e9lections municipales de 2033.<\/p>\n<p>Une mesure pour les petites communes<\/p>\n<p class=\" wall-content\">\u00ab\u2009J\u2019ai eu un certain nombre de maires de petites communes qui m\u2019ont interpell\u00e9 sur la probl\u00e9matique du renouvellement au sein des listes et des conseils municipaux\u2009\u00bb, assure Dominique Estrosi-Sassone.<\/p>\n<p class=\" wall-content\">L\u2019objectif de la s\u00e9natrice est donc de permettre \u00e0 des \u00e9tudiants ou \u00e0 de jeunes travailleurs \u00ab\u2009attach\u00e9s \u00e0 la commune dans laquelle vivent leurs parents\u2009\u00bb de s\u2019inscrire sur les listes, m\u00eame s\u2019ils ne sont pas n\u00e9s sur la commune et qu\u2019ils n\u2019y vivent pas.<\/p>\n<p>Les conditions pour \u00eatre inscrit<\/p>\n<p>il est obligatoire d\u2019\u00eatre inscrit sur la liste \u00e9lectorale de sa commune de r\u00e9sidence principale. Celle-ci correspond \u00e0 l\u2019endroit o\u00f9 l\u2019\u00e9lecteur r\u00e9side de mani\u00e8re effective et continue. Selon le Code \u00e9lectoral, l\u2019inscription sur la liste \u00e9lectorale d\u2019une commune est possible uniquement si l\u2019\u00e9lecteur y dispose d\u2019un domicile r\u00e9el ou s\u2019il y r\u00e9side depuis au moins six mois sans interruption.<\/p>\n<p class=\" wall-content\">Une<strong> modification du Code \u00e9lectoral<\/strong> serait donc n\u00e9cessaire. \u00ab\u2009Dans des communes rurales de moins de 500\u00a0habitants, il est tr\u00e8s difficile de trouver. Les maires seront plus sereins car ils ne trouvent pas toujours les forces vives qu\u2019ils souhaiteraient\u2009\u00bb, poursuit la s\u00e9natrice LR.<\/p>\n<p>Votre r\u00e9gion, votre actu !<\/p>\n<p>Recevez chaque jour les infos qui comptent pour vous.<\/p>\n<p>\t<a href=\"https:\/\/actu.fr\/newsletter\" class=\"ac-btn ac-btn--corner ac-btn--medium ac-btn--blue800\" target=\"_blank\" rel=\"noopener\">S&rsquo;incrire<\/a><\/p>\n<blockquote class=\"ac-article-quote wall-content\">\n<p>J&rsquo;ai, dans mon territoire, un maire qui doit continuer \u00e0 80\u00a0ans\u2026 Ce n&rsquo;est pas normal. Si dans chacune de ces petites communes, il y a un jeune sur une liste, ce sera d\u00e9j\u00e0 une victoire.<\/p>\n<p>    <strong>Dominique Estrosi-Sassone<\/strong>\n            <\/p><\/blockquote>\n<p>\u00ab\u2009Pas de risque de parachutage\u2009\u00bb<\/p>\n<p class=\" wall-content\">Durant les campagnes \u00e9lectorales, il n\u2019est pas rare d\u2019entendre des critiques sur le \u00ab\u2009parachutage\u2009\u00bb de candidats ou de membres d\u2019une liste en d\u00e9non\u00e7ant le manque d\u2019attache \u00e0 la commune.<\/p>\n<p class=\" wall-content\">Pour la s\u00e9natrice des Alpes-Maritimes, la question n\u2019est pas l\u00e0\u2009: \u00ab\u2009En revenant r\u00e9guli\u00e8rement dans cette commune, ils participent de fait \u00e0 la vie du village, on ne peut pas parler de parachutage.\u2009\u00bb<\/p>\n<blockquote class=\"ac-article-quote wall-content\">\n<p>L&rsquo;objectif est double puisque c&rsquo;est aussi un moyen de garder cette attache locale pour les jeunes. On peut \u00e9galement imaginer voir des jeunes rester dans le village avec un retour aux sources. Dans nos communes de montagne, il y a un potentiel d&#8217;emploi.<\/p>\n<p>    <strong>Dominique Estrosi-Sassone<\/strong><br \/>\n        S\u00e9natrice des Alpes-Maritimes    <\/p><\/blockquote>\n<p class=\" wall-content\">\u00c0 ce jour, la s\u00e9natrice a recueilli \u00ab\u2009plus d\u2019une trentaine de cosignatures\u2009\u00bb, ce qui lui permet d\u2019envisager de futurs d\u00e9bats et une potentielle application en 2033.<\/p>\n<p class=\" wall-content\">Personnalisez votre actualit\u00e9 en ajoutant vos villes et m\u00e9dias en favori avec <a href=\"https:\/\/moncompte.actu.fr\" title=\"D\u00e9couvez Mon Actu\" rel=\"nofollow noopener\" data-trk=\"{&quot;cta&quot;:{&quot;action&quot;:&quot;https:\\\/\\\/moncompte.actu.fr&quot;,&quot;category&quot;:&quot;mon compte&quot;,&quot;from&quot;:&quot;article footer&quot;,&quot;name&quot;:&quot;Mon actu&quot;,&quot;type&quot;:&quot;cta&quot;}}\" target=\"_blank\">Mon Actu<\/a>.<\/p>\n","protected":false},"excerpt":{"rendered":"Par Ugo Maillard Publi\u00e9 le 22 d\u00e9c. 2025 \u00e0 17h20 C\u2019est une proposition de loi qui pourrait rebattre&hellip;\n","protected":false},"author":2,"featured_media":616879,"comment_status":"","ping_status":"","sticky":false,"template":"","format":"standard","meta":{"footnotes":""},"categories":[2819],"tags":[1111,11,4188,1777,674,1011,27,3434,12,2401,316,882,25],"class_list":{"0":"post-616878","1":"post","2":"type-post","3":"status-publish","4":"format-standard","5":"has-post-thumbnail","7":"category-nice","8":"tag-actu","9":"tag-actualites","10":"tag-elections-municipales","11":"tag-eu","12":"tag-europe","13":"tag-fr","14":"tag-france","15":"tag-municipales-2026","16":"tag-news","17":"tag-nice","18":"tag-politique","19":"tag-provence-alpes-cote-dazur","20":"tag-republique-francaise"},"share_on_mastodon":{"url":"https:\/\/pubeurope.com\/@fr\/115766140897139390","error":""},"_links":{"self":[{"href":"https:\/\/www.europesays.com\/fr\/wp-json\/wp\/v2\/posts\/616878","targetHints":{"allow":["GET"]}}],"collection":[{"href":"https:\/\/www.europesays.com\/fr\/wp-json\/wp\/v2\/posts"}],"about":[{"href":"https:\/\/www.europesays.com\/fr\/wp-json\/wp\/v2\/types\/post"}],"author":[{"embeddable":true,"href":"https:\/\/www.europesays.com\/fr\/wp-json\/wp\/v2\/users\/2"}],"replies":[{"embeddable":true,"href":"https:\/\/www.europesays.com\/fr\/wp-json\/wp\/v2\/comments?post=616878"}],"version-history":[{"count":0,"href":"https:\/\/www.europesays.com\/fr\/wp-json\/wp\/v2\/posts\/616878\/revisions"}],"wp:featuredmedia":[{"embeddable":true,"href":"https:\/\/www.europesays.com\/fr\/wp-json\/wp\/v2\/media\/616879"}],"wp:attachment":[{"href":"https:\/\/www.europesays.com\/fr\/wp-json\/wp\/v2\/media?parent=616878"}],"wp:term":[{"taxonomy":"category","embeddable":true,"href":"https:\/\/www.europesays.com\/fr\/wp-json\/wp\/v2\/categories?post=616878"},{"taxonomy":"post_tag","embeddable":true,"href":"https:\/\/www.europesays.com\/fr\/wp-json\/wp\/v2\/tags?post=616878"}],"curies":[{"name":"wp","href":"https:\/\/api.w.org\/{rel}","templated":true}]}}