{"id":616880,"date":"2025-12-23T00:51:12","date_gmt":"2025-12-23T00:51:12","guid":{"rendered":"https:\/\/www.europesays.com\/fr\/616880\/"},"modified":"2025-12-23T00:51:12","modified_gmt":"2025-12-23T00:51:12","slug":"ogc-nice-madame-clauss-prepare-deja-lavenir-en-2026","status":"publish","type":"post","link":"https:\/\/www.europesays.com\/fr\/616880\/","title":{"rendered":"OGC Nice : Madame Clauss pr\u00e9pare d\u00e9j\u00e0 l\u2019avenir en 2026\u00a0"},"content":{"rendered":"<p><strong>Sur le d\u00e9part de l\u2019OGC Nice au mercato hivernal, Jonathan Clauss (33 ans) voit sa compagne Pauline faire une belle annonce sur son compte Instagram.<\/strong><\/p>\n<p>Ce n\u2019est pas Jonathan Clauss qui a parl\u00e9, mais le message est pass\u00e9. Alors que l\u2019avenir du piston droit de l\u2019<a href=\"https:\/\/www.butfootballclub.fr\/1636320-revue-de-presse-wahi-paye-deja-a-logc-nice-son-passe-au-rc-lens-et-a-lom-beye-tient-son-9-au-stade-rennais\/\" target=\"_blank\" rel=\"noopener\">OGC Nice<\/a> semble de plus en plus incertain \u00e0 l\u2019approche du mercato hivernal, sa compagne a pris la parole sur Instagram, laissant transpara\u00eetre une p\u00e9riode charni\u00e8re, faite de doutes, de d\u00e9cisions et de projection vers un nouveau cycle. Dans une publication sobre mais r\u00e9v\u00e9latrice, la belle et discr\u00e8te Pauline a \u00e9crit :<br \/>\u00ab 2025 : Derri\u00e8re des looks, des sourires, des stories,\u2026 il y a aussi eu des moments durs, des remises en question, des choix difficiles. Mais on retient le meilleur, on apprend, et on avance vers 2026 le c\u0153ur ouvert. \u00bb<\/p>\n<p>\u00ab\u00a0Avancer vers 2026\u00a0\u00bb\u00a0<\/p>\n<p>Un message qui r\u00e9sonne fortement dans le contexte actuel. \u00c0 Nice, <a href=\"https:\/\/www.butfootballclub.fr\/1632610-ogc-nice-clauss-au-centre-dune-nouvelle-polemique-apres-les-incidents\/\" target=\"_blank\" rel=\"noopener\">Jonathan Clauss<\/a> ne fait plus l\u2019unanimit\u00e9 et son nom circule avec insistance parmi les possibles partants de l\u2019hiver. Si rien n\u2019est encore act\u00e9 officiellement, cette publication donne le sentiment d\u2019un cycle en fin de course, autant sur le plan sportif que personnel. \u00ab\u00a0Choix difficiles\u00a0\u00bb, \u00ab\u00a0remises en question\u00a0\u00bb, \u00ab\u00a0avancer vers 2026\u00a0\u00bb : autant d\u2019indices qui laissent penser que le clan Clauss anticipe d\u00e9j\u00e0 un changement majeur. Plus qu\u2019un simple message de bilan, cette sortie publique ressemble \u00e0 une page qui se tourne, avec lucidit\u00e9 mais sans amertume.<\/p>\n<p>\u00c0 Nice, un timing pas anodin ?<\/p>\n<p>Alors que le club azur\u00e9en r\u00e9fl\u00e9chit \u00e0 ajuster son effectif, ce genre de signal renforce l\u2019id\u00e9e d\u2019un d\u00e9part possible, voire souhait\u00e9, dans les semaines \u00e0 venir. <a href=\"https:\/\/www.butfootballclub.fr\/1633675-revue-de-presse-le-stade-rennais-vise-un-buteur-bien-connu-a-l-om-clauss-pousse-a-bout-par-les-supporters-de-nice\/\" target=\"_blank\" rel=\"noopener\">Jonathan Clauss<\/a>, exp\u00e9riment\u00e9 (33 ans) et encore bankable sur le march\u00e9, pourrait incarner une opportunit\u00e9 de mouvement strat\u00e9gique. Une chose est s\u00fbre : Pendant que l\u2019OGC Nice s\u2019interroge et que le mercato approche, Madame Clauss, elle, regarde d\u00e9j\u00e0 plus loin.\u00a0<\/p>\n<blockquote class=\"instagram-media\" data-instgrm-captioned=\"\" data-instgrm-permalink=\"https:\/\/www.instagram.com\/p\/DSfdlVgDOKI\/?utm_source=ig_embed&amp;utm_campaign=loading\" data-instgrm-version=\"14\" style=\" background:#FFF; border:0; border-radius:3px; box-shadow:0 0 1px 0 rgba(0,0,0,0.5),0 1px 10px 0 rgba(0,0,0,0.15); margin: 1px; max-width:540px; min-width:326px; padding:0; width:99.375%; width:-webkit-calc(100% - 2px); width:calc(100% - 2px);\"\/><p><script async src=\"\/\/www.instagram.com\/embed.js\"><\/script><\/p>\n","protected":false},"excerpt":{"rendered":"Sur le d\u00e9part de l\u2019OGC Nice au mercato hivernal, Jonathan Clauss (33 ans) voit sa compagne Pauline faire&hellip;\n","protected":false},"author":2,"featured_media":616881,"comment_status":"","ping_status":"","sticky":false,"template":"","format":"standard","meta":{"footnotes":""},"categories":[2819],"tags":[1111,11,1777,674,1011,27,12,2401,882,25],"class_list":{"0":"post-616880","1":"post","2":"type-post","3":"status-publish","4":"format-standard","5":"has-post-thumbnail","7":"category-nice","8":"tag-actu","9":"tag-actualites","10":"tag-eu","11":"tag-europe","12":"tag-fr","13":"tag-france","14":"tag-news","15":"tag-nice","16":"tag-provence-alpes-cote-dazur","17":"tag-republique-francaise"},"share_on_mastodon":{"url":"https:\/\/pubeurope.com\/@fr\/115766144872868932","error":""},"_links":{"self":[{"href":"https:\/\/www.europesays.com\/fr\/wp-json\/wp\/v2\/posts\/616880","targetHints":{"allow":["GET"]}}],"collection":[{"href":"https:\/\/www.europesays.com\/fr\/wp-json\/wp\/v2\/posts"}],"about":[{"href":"https:\/\/www.europesays.com\/fr\/wp-json\/wp\/v2\/types\/post"}],"author":[{"embeddable":true,"href":"https:\/\/www.europesays.com\/fr\/wp-json\/wp\/v2\/users\/2"}],"replies":[{"embeddable":true,"href":"https:\/\/www.europesays.com\/fr\/wp-json\/wp\/v2\/comments?post=616880"}],"version-history":[{"count":0,"href":"https:\/\/www.europesays.com\/fr\/wp-json\/wp\/v2\/posts\/616880\/revisions"}],"wp:featuredmedia":[{"embeddable":true,"href":"https:\/\/www.europesays.com\/fr\/wp-json\/wp\/v2\/media\/616881"}],"wp:attachment":[{"href":"https:\/\/www.europesays.com\/fr\/wp-json\/wp\/v2\/media?parent=616880"}],"wp:term":[{"taxonomy":"category","embeddable":true,"href":"https:\/\/www.europesays.com\/fr\/wp-json\/wp\/v2\/categories?post=616880"},{"taxonomy":"post_tag","embeddable":true,"href":"https:\/\/www.europesays.com\/fr\/wp-json\/wp\/v2\/tags?post=616880"}],"curies":[{"name":"wp","href":"https:\/\/api.w.org\/{rel}","templated":true}]}}