{"id":616883,"date":"2025-12-23T00:54:20","date_gmt":"2025-12-23T00:54:20","guid":{"rendered":"https:\/\/www.europesays.com\/fr\/616883\/"},"modified":"2025-12-23T00:54:20","modified_gmt":"2025-12-23T00:54:20","slug":"starligue-antonsen-arrive-a-nantes","status":"publish","type":"post","link":"https:\/\/www.europesays.com\/fr\/616883\/","title":{"rendered":"Starligue: Antonsen arrive \u00e0 Nantes"},"content":{"rendered":"<p><strong>Alors qu\u2019il porte les couleurs<br \/>\nd\u2019Aalborg depuis onze ans, le pivot danois Ren\u00e9 Antonsen a donn\u00e9<br \/>\nson accord \u00e0 Nantes pour arriver l\u2019\u00e9t\u00e9 prochain sur la base d\u2019un<br \/>\ncontrat de deux ans, soit jusqu\u2019en juin 2028.<\/strong><\/p>\n<p><strong>Nantes poursuit la construction de son<br \/>\neffectif.<\/strong> Apr\u00e8s avoir annonc\u00e9 au cours des derniers mois<br \/>\nles arriv\u00e9es du gardien danois Christoffer Bonde, de l\u2019Espagnol<br \/>\nImanol Garcianda et de l\u2019Ukrainien Ihor Turchenko, <strong>le club<br \/>\nde Loire-Atlantique a mis fin au suspense concernant le poste de<br \/>\npivot<\/strong>. Alors que l\u2019avenir du Japonais Shuishi Yoshida est<br \/>\nincertain, son contrat arrivant \u00e0 \u00e9ch\u00e9ance en juin prochain,<br \/>\n<strong>le \u00ab H \u00bb s\u2019est assur\u00e9 les services de l\u2019international<br \/>\ndanois Ren\u00e9 Antonsen<\/strong>. Apr\u00e8s avoir fait toute sa carri\u00e8re<br \/>\ndans son pays, essentiellement sous le maillot d\u2019Aalborg, le joueur<br \/>\nde 33 ans va vivre sa premi\u00e8re exp\u00e9rience \u00e0 l\u2019\u00e9tranger en<br \/>\nd\u00e9couvrant la Liqui Moly StarLigue. Le natif d\u2019Aalestrup arrivera \u00e0<br \/>\nNantes d\u00e8s l\u2019\u00e9t\u00e9 prochain.<\/p>\n<p>Il a appos\u00e9 sa signature sur un contrat de deux ans, soit<br \/>\njusqu\u2019en juin 2028. Il viendra ainsi mettre en concurrence Thibaud<br \/>\nBriet, meilleur joueur du championnat de France la saison pass\u00e9e. \u00ab<br \/>\n<strong>Je suis tr\u00e8s heureux et motiv\u00e9 par ce nouveau<br \/>\nprojet<\/strong>, a d\u00e9clar\u00e9 Ren\u00e9 Antonsen dans un communique de sa<br \/>\nfuture \u00e9quipe. Le HBC Nantes est un club tr\u00e8s ambitieux, de haut<br \/>\nniveau, avec une tr\u00e8s belle exp\u00e9rience europ\u00e9enne, une forte<br \/>\nidentit\u00e9 et une salle dans laquelle il est toujours tr\u00e8s difficile<br \/>\nde jouer pour une \u00e9quipe adverse. \u00bb Admettant rechercher \u00ab un<br \/>\nnouveau challenge et un nouvel environnement \u00bb, <strong>le pivot<br \/>\ndanois assure avoir la sensation d\u2019avoir fait \u00ab le bon choix<br \/>\n\u00bb.<\/strong><\/p>\n<p>Pelletier accueille un \u00ab joueur<br \/>\ncomplet \u00bb<\/p>\n<p><strong>Il ajoute avoir trouv\u00e9 \u00ab la prochaine \u00e9tape logique dans<br \/>\n(sa) carri\u00e8re \u00bb.<\/strong> De son c\u00f4t\u00e9, le pr\u00e9sident nantais Ga\u00ebl<br \/>\nPelletier se dit ravi d\u2019accueillir un \u00ab joueur complet au profil<br \/>\nd\u00e9fensif affirm\u00e9 \u00bb qui \u00ab apportera maturit\u00e9, connaissance du tr\u00e8s<br \/>\nhaut niveau et une solide exp\u00e9rience de la Ligue des Champions \u00bb. \u00ab<br \/>\n<strong>Son intelligence de jeu, son engagement et son leadership<br \/>\nseront des atouts importants pour l\u2019\u00e9quipe<\/strong>, ajoute-t-il.<br \/>\nNous sommes convaincus qu\u2019il s\u2019int\u00e9grera rapidement \u00e0 l\u2019ADN du club<br \/>\net contribuera pleinement \u00e0 nos ambitions sportives. \u00bb Alors que<br \/>\nNantes tient t\u00eate au PSG cette saison, notamment avec le match nul<br \/>\nentre les deux formations la semaine pass\u00e9e, le \u00ab H \u00bb entend<br \/>\nconstruire une \u00e9quipe \u00e0 m\u00eame de faire tomber l\u2019ogre parisien.<\/p>\n","protected":false},"excerpt":{"rendered":"Alors qu\u2019il porte les couleurs d\u2019Aalborg depuis onze ans, le pivot danois Ren\u00e9 Antonsen a donn\u00e9 son accord&hellip;\n","protected":false},"author":2,"featured_media":616884,"comment_status":"","ping_status":"","sticky":false,"template":"","format":"standard","meta":{"footnotes":""},"categories":[2818],"tags":[58784,1111,11,72735,1777,674,1011,27,1792,12132,766,12,2636,25,57681],"class_list":{"0":"post-616883","1":"post","2":"type-post","3":"status-publish","4":"format-standard","5":"has-post-thumbnail","7":"category-nantes","8":"tag-58784","9":"tag-actu","10":"tag-actualites","11":"tag-antonsen","12":"tag-eu","13":"tag-europe","14":"tag-fr","15":"tag-france","16":"tag-handball","17":"tag-liqui-moly-starligue","18":"tag-nantes","19":"tag-news","20":"tag-pays-de-la-loire","21":"tag-republique-francaise","22":"tag-sport365-fr"},"share_on_mastodon":{"url":"https:\/\/pubeurope.com\/@fr\/115766156799920004","error":""},"_links":{"self":[{"href":"https:\/\/www.europesays.com\/fr\/wp-json\/wp\/v2\/posts\/616883","targetHints":{"allow":["GET"]}}],"collection":[{"href":"https:\/\/www.europesays.com\/fr\/wp-json\/wp\/v2\/posts"}],"about":[{"href":"https:\/\/www.europesays.com\/fr\/wp-json\/wp\/v2\/types\/post"}],"author":[{"embeddable":true,"href":"https:\/\/www.europesays.com\/fr\/wp-json\/wp\/v2\/users\/2"}],"replies":[{"embeddable":true,"href":"https:\/\/www.europesays.com\/fr\/wp-json\/wp\/v2\/comments?post=616883"}],"version-history":[{"count":0,"href":"https:\/\/www.europesays.com\/fr\/wp-json\/wp\/v2\/posts\/616883\/revisions"}],"wp:featuredmedia":[{"embeddable":true,"href":"https:\/\/www.europesays.com\/fr\/wp-json\/wp\/v2\/media\/616884"}],"wp:attachment":[{"href":"https:\/\/www.europesays.com\/fr\/wp-json\/wp\/v2\/media?parent=616883"}],"wp:term":[{"taxonomy":"category","embeddable":true,"href":"https:\/\/www.europesays.com\/fr\/wp-json\/wp\/v2\/categories?post=616883"},{"taxonomy":"post_tag","embeddable":true,"href":"https:\/\/www.europesays.com\/fr\/wp-json\/wp\/v2\/tags?post=616883"}],"curies":[{"name":"wp","href":"https:\/\/api.w.org\/{rel}","templated":true}]}}