{"id":616887,"date":"2025-12-23T00:56:12","date_gmt":"2025-12-23T00:56:12","guid":{"rendered":"https:\/\/www.europesays.com\/fr\/616887\/"},"modified":"2025-12-23T00:56:12","modified_gmt":"2025-12-23T00:56:12","slug":"previsions-du-mardi-23-decembre-2025","status":"publish","type":"post","link":"https:\/\/www.europesays.com\/fr\/616887\/","title":{"rendered":"pr\u00e9visions du mardi 23 d\u00e9cembre 2025"},"content":{"rendered":"<p>Aujourd&rsquo;hui, Bordeaux aura des valeurs d&rsquo;environ 7\u00b0C. Petits et grands pourront passer leur matin\u00e9e sous un ciel l\u00e9g\u00e8rement nuageux. Les temp\u00e9ratures seront comprises entre 5\u00b0C et 7\u00b0C. Une l\u00e9g\u00e8re brise de nord-est soufflera. L&rsquo;apparition du soleil l&rsquo;apr\u00e8s-midi sera retard\u00e9e par un certain nombre de nuages. Les valeurs iront de 7 \u00e0 8\u00b0C. La m\u00e9t\u00e9o devrait s&rsquo;am\u00e9liorer pendant la soir\u00e9e. C&rsquo;est un ciel brumeux que conna\u00eetra la nuit de mardi \u00e0 mercredi.<\/p>\n<p>Demain, une chute du mercure est attendue \u00e0 Bordeaux. Il va faire environ 5\u00b0C. Un vent de nord-est rafra\u00eechira l\u00e9g\u00e8rement l&rsquo;atmosph\u00e8re. Le ciel va quelque peu se d\u00e9gager dans la matin\u00e9e avec des \u00e9claircies. Les temp\u00e9ratures s&rsquo;\u00e9chelonneront entre 3 et 5\u00b0C. Un temps voil\u00e9 avec un d\u00e9veloppement de petits nuages est pr\u00e9vu dans l&rsquo;apr\u00e8s-midi. Les valeurs seront de 5\u00b0C au plus bas et de 7\u00b0C au plus haut. On observera la pr\u00e9sence persistante de nuages demain soir. Les maximales pourront atteindre 5\u00b0C alors que les minimales seront de 4\u00b0C.<\/p>\n<p>Les jours suivants s&rsquo;annoncent similaires. Une m\u00e9t\u00e9o ensoleill\u00e9e, pour des temp\u00e9ratures de 0\u00b0C en moyenne, est pr\u00e9vue.<\/p>\n<p><\/p>\n","protected":false},"excerpt":{"rendered":"Aujourd&rsquo;hui, Bordeaux aura des valeurs d&rsquo;environ 7\u00b0C. Petits et grands pourront passer leur matin\u00e9e sous un ciel l\u00e9g\u00e8rement&hellip;\n","protected":false},"author":2,"featured_media":616888,"comment_status":"","ping_status":"","sticky":false,"template":"","format":"standard","meta":{"footnotes":""},"categories":[2817],"tags":[1111,11,1997,1777,674,1011,27,12,2219,2119,25],"class_list":{"0":"post-616887","1":"post","2":"type-post","3":"status-publish","4":"format-standard","5":"has-post-thumbnail","7":"category-bordeaux","8":"tag-actu","9":"tag-actualites","10":"tag-bordeaux","11":"tag-eu","12":"tag-europe","13":"tag-fr","14":"tag-france","15":"tag-news","16":"tag-nouvelle-aquitaine","17":"tag-previsions-meteo","18":"tag-republique-francaise"},"share_on_mastodon":{"url":"https:\/\/pubeurope.com\/@fr\/115766164666854908","error":""},"_links":{"self":[{"href":"https:\/\/www.europesays.com\/fr\/wp-json\/wp\/v2\/posts\/616887","targetHints":{"allow":["GET"]}}],"collection":[{"href":"https:\/\/www.europesays.com\/fr\/wp-json\/wp\/v2\/posts"}],"about":[{"href":"https:\/\/www.europesays.com\/fr\/wp-json\/wp\/v2\/types\/post"}],"author":[{"embeddable":true,"href":"https:\/\/www.europesays.com\/fr\/wp-json\/wp\/v2\/users\/2"}],"replies":[{"embeddable":true,"href":"https:\/\/www.europesays.com\/fr\/wp-json\/wp\/v2\/comments?post=616887"}],"version-history":[{"count":0,"href":"https:\/\/www.europesays.com\/fr\/wp-json\/wp\/v2\/posts\/616887\/revisions"}],"wp:featuredmedia":[{"embeddable":true,"href":"https:\/\/www.europesays.com\/fr\/wp-json\/wp\/v2\/media\/616888"}],"wp:attachment":[{"href":"https:\/\/www.europesays.com\/fr\/wp-json\/wp\/v2\/media?parent=616887"}],"wp:term":[{"taxonomy":"category","embeddable":true,"href":"https:\/\/www.europesays.com\/fr\/wp-json\/wp\/v2\/categories?post=616887"},{"taxonomy":"post_tag","embeddable":true,"href":"https:\/\/www.europesays.com\/fr\/wp-json\/wp\/v2\/tags?post=616887"}],"curies":[{"name":"wp","href":"https:\/\/api.w.org\/{rel}","templated":true}]}}