{"id":616891,"date":"2025-12-23T00:58:27","date_gmt":"2025-12-23T00:58:27","guid":{"rendered":"https:\/\/www.europesays.com\/fr\/616891\/"},"modified":"2025-12-23T00:58:27","modified_gmt":"2025-12-23T00:58:27","slug":"toulouse-manger-pour-10-euros-au-marche-de-noel-cest-possible-voici-trois-selections","status":"publish","type":"post","link":"https:\/\/www.europesays.com\/fr\/616891\/","title":{"rendered":"Toulouse. Manger pour 10 euros au march\u00e9 de No\u00ebl, c&rsquo;est possible : voici trois s\u00e9lections"},"content":{"rendered":"<p>                    Par<br \/>\n        <strong><br \/>\n            <a href=\"https:\/\/actu.fr\/auteur\/margot-fournie\" title=\"Consulter tous les articles de Margot Fournie\" target=\"_blank\" rel=\"noopener\">Margot Fournie<\/a><br \/>\n                    <\/strong><\/p>\n<p>        Publi\u00e9 le<\/p>\n<p>            22 d\u00e9c. 2025 \u00e0 18h46        <\/p>\n<p>Le <a href=\"https:\/\/actu.fr\/occitanie\/toulouse_31555\/toulouse-se-prepare-a-revetir-ses-habits-de-fete-le-marche-de-noel-s-installe-place-du-capitole_63432417.html\" target=\"_blank\" rel=\"noopener\">march\u00e9 de No\u00ebl<\/a> de <a href=\"https:\/\/actu.fr\/toulouse\/\" target=\"_blank\" rel=\"noopener\">Toulouse<\/a> s\u2019est install\u00e9 il y a quelques semaines sur la <a href=\"https:\/\/actu.fr\/occitanie\/toulouse_31555\/la-place-du-capitole-a-toulouse-elue-monument-prefere-des-francais-ce-serait-une-premiere-pour-l-occitanie_63166614.html\" target=\"_blank\" rel=\"noopener\">place du Capitole<\/a>. Dans ses chalets on trouve de quoi <strong>faire des emplettes<\/strong>, mais aussi se restaurer.<\/p>\n<p class=\" wall-content\">Histoire de <strong>ne pas vider son porte-monnaie<\/strong>, d\u00e9j\u00e0 bien entam\u00e9 par les cadeaux, on vous a trouv\u00e9 une s\u00e9lection de mets \u00e0 d\u00e9guster tout en d\u00e9ambulant dans ses all\u00e9es. Voici quelques id\u00e9es pour <strong>manger \u00e0 moins de 10\u00a0euros<\/strong>.<\/p>\n<p>    <img   decoding=\"async\" loading=\"lazy\" src=\"https:\/\/www.europesays.com\/fr\/wp-content\/uploads\/2025\/12\/dans-le-chalet-n-79-on-propose-de-laligot-une-des-star-du-marche-de-noel-de-toulouse-960x640.jpg\" alt=\"Dans le chalet n\u00b079, on propose de l'aligot, une des star du march\u00e9 de No\u00ebl de Toulouse.\" width=\"960\" height=\"640\"\/><br \/>\n    Dans le chalet n\u00b079, on propose de l\u2019aligot, une des star du march\u00e9 de No\u00ebl de Toulouse. (\u00a9Margot Fourni\u00e9 \/ actu Toulouse)Un menu typique du march\u00e9 de No\u00ebl<\/p>\n<p class=\" wall-content\">Au chalet 79, on propose de l\u2019<a href=\"https:\/\/actu.fr\/occitanie\/saint-chely-d-aubrac_12214\/pommes-de-terre-tome-fraiche-et-huile-de-coude-decouvrez-les-secrets-de-l-aligot_62855288.html\" target=\"_blank\" rel=\"noopener\">aligot<\/a>, star du march\u00e9 de No\u00ebl. La petite portion de cette \u00ab\u2009pur\u00e9e qui file\u2009\u00bb, bien r\u00e9confortante, est \u00e0 7\u00a0euros.<\/p>\n<p>    <img   decoding=\"async\" loading=\"lazy\" src=\"https:\/\/www.europesays.com\/fr\/wp-content\/uploads\/2025\/12\/dans-un-des-chalets-du-marche-de-noel-de-toulouse-on-peut-prendre-un-verre-de-vin-chaud-blanc-ou-rou.jpeg\" alt=\"Dans un des chalets du march\u00e9 de No\u00ebl de Toulouse on peut prendre un verre de vin chaud blanc ou rouge \u00e0 3,50 le verre.\" width=\"960\" height=\"640\"\/><br \/>\n    Dans un des chalets du march\u00e9 de No\u00ebl de Toulouse on peut prendre un verre de vin chaud blanc ou rouge \u00e0 3,50 le verre. (\u00a9Margot Fourni\u00e9 \/ actu Toulouse)<\/p>\n<p class=\" wall-content\">Pour arroser le tout, on peut prendre un verre de vin blanc ou de vin rouge aux <strong>notes de cannelle et d\u2019orange<\/strong>. Au chalet 1, le verre de 20\u00a0cl est \u00e0 3,50\u00a0euros.<\/p>\n<p>De surprenants grignotages<\/p>\n<p class=\" wall-content\">Dans le chalet 70, on pr\u00e9pare \u00e0 la minute des\u2009potato twister. Comprenez deux <strong>pommes de terre coup\u00e9es en spirale<\/strong>, plant\u00e9es sur une pique et frites. La version la plus simple, celle au sel, est \u00e0 5\u00a0euros.<\/p>\n<p class=\" wall-content\">Du c\u00f4t\u00e9 du chalet Le Y\u00e9ti, n\u00b0\u00a088, on r\u00e9alise des <strong>sp\u00e9cialit\u00e9s tib\u00e9taines<\/strong>. En guise de grignotage, on pourra y trouver des pakodas, soit des beignets de l\u00e9gumes \u00e0 la sauce tomate et \u00e0 la cardamome. Les quatre beignets sont \u00e0 4,50.<\/p>\n<p>Votre r\u00e9gion, votre actu !<\/p>\n<p>Recevez chaque jour les infos qui comptent pour vous.<\/p>\n<p>\t<a href=\"https:\/\/actu.fr\/newsletter\" class=\"ac-btn ac-btn--corner ac-btn--medium ac-btn--blue800\" target=\"_blank\" rel=\"noopener\">S&rsquo;incrire<\/a><\/p>\n<p>    <img   decoding=\"async\" loading=\"lazy\" src=\"https:\/\/www.europesays.com\/fr\/wp-content\/uploads\/2025\/12\/dans-un-petit-chalet-on-cuit-sur-place-des-pasteis-de-nata-960x640.jpg\" alt=\"Dans un petit chalet, on cuit sur place des past\u00e9is de Nata, des petites tartelettes fondantes et croustillantes.\" width=\"960\" height=\"640\"\/><br \/>\n    Dans un petit chalet, on cuit sur place des past\u00e9is de Nata, des petites tartelettes fondantes et croustillantes. (\u00a9Margot Fourni\u00e9 \/ actu Toulouse)Une s\u00e9lection pour les becs sucr\u00e9s<\/p>\n<p class=\" wall-content\">Si vous n\u2019avez pas trop envie de sal\u00e9, dans une all\u00e9e du march\u00e9 se trouve un chalet qui propose des past\u00e9is de Nata. Sp\u00e9cialit\u00e9 portugaise, il s\u2019agit d\u2019une petite tarte \u00e0 la cr\u00e8me avec un <strong>fond de p\u00e2te feuillet\u00e9e bien croustillant<\/strong>. On peut choisir entre la version classique et <strong>une au chocolat<\/strong>, saupoudr\u00e9e ou non de cannelle. Comptez 2\u00a0euros la pi\u00e8ce.<\/p>\n<p>    <img   decoding=\"async\" loading=\"lazy\" src=\"https:\/\/www.europesays.com\/fr\/wp-content\/uploads\/2025\/12\/chez-monsieur-praline-on-cuisine-sur-place-des-chouchous-delicatement-parfumes-a-la-vanille-bourbon-.jpeg\" alt=\"Chez monsieur praline on cuisine sur place des chouchous d\u00e9licatement parfum\u00e9s \u00e0 la vanille bourbon.\" width=\"960\" height=\"640\"\/><br \/>\n    Chez monsieur praline on cuisine sur place des chouchous d\u00e9licatement parfum\u00e9s \u00e0 la vanille bourbon. (\u00a9Margot Fourni\u00e9 \/ actu Toulouse)<\/p>\n<p class=\" wall-content\">Changement de texture\u2009: au chalet 37 on peut opter pour <strong>un cornet de pralines<\/strong>. Elles sont faites sur place avec des noix de cajou et sont d\u00e9licatement parfum\u00e9es \u00e0 la vanille bourbon. Le cornet de 100 g est \u00e0 6 euros. Un peu plus loin, au chalet 39, on vend <a href=\"https:\/\/actu.fr\/lifestyle\/le-canele-irresistible-patisserie-et-authentique-star-de-bordeaux_34952401.html\" target=\"_blank\" rel=\"noopener\">des cannel\u00e9s<\/a>. La version mini se d\u00e9cline en vanille sans rhum, vanille avec rhum ou chocolat sans rhum. Chacun co\u00fbte 2\u00a0euros.<\/p>\n<p class=\" wall-content\">Le march\u00e9 de No\u00ebl reste ouvert jusqu\u2019au 28\u00a0d\u00e9cembre. \u00c0 vos gourmandises\u2009!<\/p>\n<p class=\" wall-content\">Personnalisez votre actualit\u00e9 en ajoutant vos villes et m\u00e9dias en favori avec <a href=\"https:\/\/moncompte.actu.fr\" title=\"D\u00e9couvez Mon Actu\" rel=\"nofollow noopener\" data-trk=\"{&quot;cta&quot;:{&quot;action&quot;:&quot;https:\\\/\\\/moncompte.actu.fr&quot;,&quot;category&quot;:&quot;mon compte&quot;,&quot;from&quot;:&quot;article footer&quot;,&quot;name&quot;:&quot;Mon actu&quot;,&quot;type&quot;:&quot;cta&quot;}}\" target=\"_blank\">Mon Actu<\/a>.<\/p>\n","protected":false},"excerpt":{"rendered":"Par Margot Fournie Publi\u00e9 le 22 d\u00e9c. 2025 \u00e0 18h46 Le march\u00e9 de No\u00ebl de Toulouse s\u2019est install\u00e9&hellip;\n","protected":false},"author":2,"featured_media":616892,"comment_status":"","ping_status":"","sticky":false,"template":"","format":"standard","meta":{"footnotes":""},"categories":[2816],"tags":[1111,11,677,1777,674,1011,27,1652,12,15830,2680,25,1341,2312],"class_list":{"0":"post-616891","1":"post","2":"type-post","3":"status-publish","4":"format-standard","5":"has-post-thumbnail","7":"category-toulouse","8":"tag-actu","9":"tag-actualites","10":"tag-bons-plans","11":"tag-eu","12":"tag-europe","13":"tag-fr","14":"tag-france","15":"tag-loisirs-culture","16":"tag-news","17":"tag-noel","18":"tag-occitanie","19":"tag-republique-francaise","20":"tag-sortir-a-toulouse","21":"tag-toulouse"},"share_on_mastodon":{"url":"https:\/\/pubeurope.com\/@fr\/115766175019894561","error":""},"_links":{"self":[{"href":"https:\/\/www.europesays.com\/fr\/wp-json\/wp\/v2\/posts\/616891","targetHints":{"allow":["GET"]}}],"collection":[{"href":"https:\/\/www.europesays.com\/fr\/wp-json\/wp\/v2\/posts"}],"about":[{"href":"https:\/\/www.europesays.com\/fr\/wp-json\/wp\/v2\/types\/post"}],"author":[{"embeddable":true,"href":"https:\/\/www.europesays.com\/fr\/wp-json\/wp\/v2\/users\/2"}],"replies":[{"embeddable":true,"href":"https:\/\/www.europesays.com\/fr\/wp-json\/wp\/v2\/comments?post=616891"}],"version-history":[{"count":0,"href":"https:\/\/www.europesays.com\/fr\/wp-json\/wp\/v2\/posts\/616891\/revisions"}],"wp:featuredmedia":[{"embeddable":true,"href":"https:\/\/www.europesays.com\/fr\/wp-json\/wp\/v2\/media\/616892"}],"wp:attachment":[{"href":"https:\/\/www.europesays.com\/fr\/wp-json\/wp\/v2\/media?parent=616891"}],"wp:term":[{"taxonomy":"category","embeddable":true,"href":"https:\/\/www.europesays.com\/fr\/wp-json\/wp\/v2\/categories?post=616891"},{"taxonomy":"post_tag","embeddable":true,"href":"https:\/\/www.europesays.com\/fr\/wp-json\/wp\/v2\/tags?post=616891"}],"curies":[{"name":"wp","href":"https:\/\/api.w.org\/{rel}","templated":true}]}}