{"id":616893,"date":"2025-12-23T01:00:17","date_gmt":"2025-12-23T01:00:17","guid":{"rendered":"https:\/\/www.europesays.com\/fr\/616893\/"},"modified":"2025-12-23T01:00:17","modified_gmt":"2025-12-23T01:00:17","slug":"previsions-du-mardi-23-decembre-2025-2","status":"publish","type":"post","link":"https:\/\/www.europesays.com\/fr\/616893\/","title":{"rendered":"pr\u00e9visions du mardi 23 d\u00e9cembre 2025"},"content":{"rendered":"<p>Aujourd&rsquo;hui, Lille se retrouvera sous des valeurs autour de 4\u00b0C. Un l\u00e9ger vent de nord-est soufflera. Des \u00e9claircies sont pr\u00e9vues : on passera une matin\u00e9e agr\u00e9able. On anticipe des temp\u00e9ratures avoisinant 3\u00b0C. Le soleil sera dominant, la promesse d&rsquo;un magnifique apr\u00e8s-midi ! L&rsquo;hiver sera bien au rendez-vous puisque les valeurs seront quand m\u00eame de 4\u00b0C au minimum et de 6\u00b0C au plus haut. Le ciel va quelque peu se d\u00e9gager dans la soir\u00e9e avec des \u00e9claircies. Il va faire 3\u00b0C en moyenne. Durant la nuit de mardi \u00e0 mercredi, le ciel sera clair.<\/p>\n<p>Demain, les Lillois vont pouvoir b\u00e9n\u00e9ficier d&rsquo;un soleil radieux. Une baisse des temp\u00e9ratures, en accord avec la p\u00e9riode hivernale, est \u00e0 craindre. Le mercure affichera 1\u00b0C en moyenne. Un vent de nord-est est attendu : il soufflera \u00e0 27 km\/h. Les Lillois vont avoir froid le matin : les temp\u00e9ratures ne vont pas d\u00e9passer 2\u00b0C. Les valeurs afficheront entre 0\u00b0C et 2\u00b0C, rappelant l&rsquo;hiver au bon souvenir des habitants. Les Lillois vont avoir froid demain apr\u00e8s-midi : les temp\u00e9ratures ne vont pas d\u00e9passer 2\u00b0C. L&rsquo;hiver se fait sentir : les valeurs s&rsquo;\u00e9chelonneront entre 0 et 2\u00b0C. On pr\u00e9voit des \u00e9claircies pour cette soir\u00e9e. L&rsquo;hiver s&rsquo;est d\u00e9finitivement install\u00e9 puisque les temp\u00e9ratures iront de -1 \u00e0 0\u00b0C.<\/p>\n<p>Les jours qui suivent s&rsquo;annoncent identiques. Il fera -2\u00b0C en moyenne pour des journ\u00e9es avec une m\u00e9t\u00e9o ensoleill\u00e9e.<\/p>\n<p><\/p>\n","protected":false},"excerpt":{"rendered":"Aujourd&rsquo;hui, Lille se retrouvera sous des valeurs autour de 4\u00b0C. Un l\u00e9ger vent de nord-est soufflera. Des \u00e9claircies&hellip;\n","protected":false},"author":2,"featured_media":616894,"comment_status":"","ping_status":"","sticky":false,"template":"","format":"standard","meta":{"footnotes":""},"categories":[2815],"tags":[1111,11,1777,674,1011,27,811,1307,12,2119,25],"class_list":{"0":"post-616893","1":"post","2":"type-post","3":"status-publish","4":"format-standard","5":"has-post-thumbnail","7":"category-lille","8":"tag-actu","9":"tag-actualites","10":"tag-eu","11":"tag-europe","12":"tag-fr","13":"tag-france","14":"tag-hauts-de-france","15":"tag-lille","16":"tag-news","17":"tag-previsions-meteo","18":"tag-republique-francaise"},"share_on_mastodon":{"url":"https:\/\/pubeurope.com\/@fr\/115766180149984309","error":""},"_links":{"self":[{"href":"https:\/\/www.europesays.com\/fr\/wp-json\/wp\/v2\/posts\/616893","targetHints":{"allow":["GET"]}}],"collection":[{"href":"https:\/\/www.europesays.com\/fr\/wp-json\/wp\/v2\/posts"}],"about":[{"href":"https:\/\/www.europesays.com\/fr\/wp-json\/wp\/v2\/types\/post"}],"author":[{"embeddable":true,"href":"https:\/\/www.europesays.com\/fr\/wp-json\/wp\/v2\/users\/2"}],"replies":[{"embeddable":true,"href":"https:\/\/www.europesays.com\/fr\/wp-json\/wp\/v2\/comments?post=616893"}],"version-history":[{"count":0,"href":"https:\/\/www.europesays.com\/fr\/wp-json\/wp\/v2\/posts\/616893\/revisions"}],"wp:featuredmedia":[{"embeddable":true,"href":"https:\/\/www.europesays.com\/fr\/wp-json\/wp\/v2\/media\/616894"}],"wp:attachment":[{"href":"https:\/\/www.europesays.com\/fr\/wp-json\/wp\/v2\/media?parent=616893"}],"wp:term":[{"taxonomy":"category","embeddable":true,"href":"https:\/\/www.europesays.com\/fr\/wp-json\/wp\/v2\/categories?post=616893"},{"taxonomy":"post_tag","embeddable":true,"href":"https:\/\/www.europesays.com\/fr\/wp-json\/wp\/v2\/tags?post=616893"}],"curies":[{"name":"wp","href":"https:\/\/api.w.org\/{rel}","templated":true}]}}